{"id":306,"name":"Alessandra Ponticelli Conti","url":"http:\/\/","description":"Alessandra Ponticelli Conti si \u00e8 laureata in Lingue e Letterature Straniere presso l\u2019Universit\u00e0 degli Studi di Firenze. Docente ordinario di Lingua e Letteratura Francese nei Licei, \u00e8 oggi traduttrice. Ha soggiornato a lungo in Francia, dove ha condotto ricerche presso la Biblioth\u00e8que Nationale e le altre principali biblioteche di Parigi. Per le edizioni \u201cCitt\u00e0 nuova\u201d ha tradotto dal latino i testi pubblicati nel volume \u201cPellegrinaggi a Roma\u201d, a cura di M. Miglio, Roma, 1999. E\u2019 uscita nel 2009, edita dal Centro Editoriale Toscano di Firenze, la sua traduzione dal francese del volume di Jean-Yves Fr\u00e9tign\u00e9 \u201cLa pens\u00e9e politique de Giuseppe Mazzini\u201d (\u201dGiuseppe Mazzini. Il pensiero politico\u201d). Appassionata di scrittura, ha pubblicato il racconto \u201cL\u2019omino\u201d su \u201cLa Nazione\u201d del 3 agosto 2008 per il concorso \u201cIl raccontino\u201d. E\u2019 risultata tra i vincitori del premio \u201cRaccontinellarete\u201d, VIII edizione, 2009, indetto da LuccAutori, con il racconto \u201cL\u2019ascensore\u201d, pubblicato nell\u2019antologia \u201cRacconti nella rete 2009?, a cura di D. Brandi, della casa editrice Nottetempo di Roma. Nel 2009 \u00e8 stata selezionata per la pubblicazione nel premio \u201cL\u2019Autore\u201d, promosso dalla Maremmi Editore-Firenze Libri, con la sua raccolta di racconti dal titolo \u201cAlla fermata dell\u2019anima. Storie di solitudini\u201d. Con la stessa raccolta, che sta per essere pubblicata dalla Ibiskos Editrice Risolo, con prefazione di Lucia Calogero, si \u00e8 qualificata tra i finalisti del Premio Letterario Ibiskos 2009. Ha una predilezione particolare per la letteratura dell\u2019assurdo e i suoi scrittori preferiti sono Albert Camus, Franz Kafka e Dino Buzzati.","link":"https:\/\/www.raccontinellarete.it\/?author=306","slug":"alessandra-ponticelli-conti","avatar_urls":{"24":"https:\/\/secure.gravatar.com\/avatar\/38bbcc4c9a3af2b89fc32709bb961ed9?s=24&d=mm&r=g","48":"https:\/\/secure.gravatar.com\/avatar\/38bbcc4c9a3af2b89fc32709bb961ed9?s=48&d=mm&r=g","96":"https:\/\/secure.gravatar.com\/avatar\/38bbcc4c9a3af2b89fc32709bb961ed9?s=96&d=mm&r=g"},"meta":[],"_links":{"self":[{"href":"https:\/\/www.raccontinellarete.it\/index.php?rest_route=\/wp\/v2\/users\/306"}],"collection":[{"href":"https:\/\/www.raccontinellarete.it\/index.php?rest_route=\/wp\/v2\/users"}]}}