{"id":294,"name":"Giuseppe Sanalitro","url":"http:\/\/www.giuseppesanalitro.com","description":"Giuseppe Sanalitro \u00e8 nato nel 1974 a Piazza Armerina (En). Diplomato in pianoforte (laurea magistrale, sotto la guida attenta del M\u00b0 MariaFranca Turchio Roccella, scuola Alice Ziffer-Baragli, Conservatorio di Palermo), \u00e8 impegnato nell\u2019attivit\u00e0 musicale in veste di pianista, docente (strumento, teoria e solfeggio, storia della musica e propedeutica) e di esperto per scuole pubbliche e private (Zona3, Premier School e Accademia Linguaggi Musicali), manifestazioni artistiche, enti ed associazioni (tra le altre: dal 2011 \u00e8 pianista per il prestigioso Festival Letterario LuccAutori - Lucca; dal 2001 collabora con l'UPTL, \"Universit\u00e0 Popolare del Tempo Libero Ignazio Nigrelli\" di Piazza Armerina; \u00e8 direttore del \"Gruppo Corale Padre Enzo Cipriano\" di Piazza Armerina).\r\n\r\nVanta allievi vincitori di primi premi in concorsi pianistici nazionali e collaborazioni con pi\u00f9 artisti, tra le quali recente \u00e8 quella con la cantautrice ed attrice di teatro Lighea. Ha preso parte a diverse manifestazioni musicali ed ha seguito pi\u00f9 corsi integrativi e di perfezionamento, di interpretazione pianistica (Buttig\u00e9) e sulla letteratura pianistica per l'infanzia (Puglisi). Si \u00e8 ampiamente interessato anche allo studio della Musicoterapia.\r\n\r\nD'ispirazione minimal-impressionista \u00e8 la sua composizione indirizzata su forme e tendenze moderne e contemporanee. Sue musiche, inserite in sevizi Rai (rubriche di Rai Parlamento, su Rai 2 e Rai 3), fanno da colonne sonore ai cortometraggi \"La scatola di Cartone\" (2010), \"Il coraggio uno non se lo pu\u00f2 dare\" (2013) e \"Acetone\" (2015), prodotti da LuccAutori e Scuola di Cinema Immagina di Firenze, diretti dal regista Giuseppe Ferlito (nelle sale a novembre 2015 con il film Infernet).\r\n\r\nNel campo letterario ha esordito con la silloge \u201cL\u2019equilibrista\u201d (Il filo). Vincitore e finalista in pi\u00f9 premi letterari (tra gli altri: Racconti Nella Rete, Genti, Terra Dei Ciclopi, Franco Rosa, Verba Agrestia, Tindari-Patti), \u00e8 presente in diverse antologie, riviste di settore, quotidiani on-line e siti web con liriche e racconti. Il suo soggetto de \"La scatola di cartone\", dal quale \u00e8 stato tratto il corto omonimo realizzato dalla Scuola di Cinema Immagina di Firenze, ha vinto il Premio Racconti per Corti 2010. Dal 2013 \u00e8 membro della giuria selezionatrice per lo stesso Premio Racconti per Corti. Di prossima pubblicazione \"Post\", silloge di aforismi.","link":"https:\/\/www.raccontinellarete.it\/?author=294","slug":"giuseppe-sanalitro","avatar_urls":{"24":"https:\/\/secure.gravatar.com\/avatar\/d1f94bbd5ad44083af62f3e0802a2ef2?s=24&d=mm&r=g","48":"https:\/\/secure.gravatar.com\/avatar\/d1f94bbd5ad44083af62f3e0802a2ef2?s=48&d=mm&r=g","96":"https:\/\/secure.gravatar.com\/avatar\/d1f94bbd5ad44083af62f3e0802a2ef2?s=96&d=mm&r=g"},"meta":[],"_links":{"self":[{"href":"https:\/\/www.raccontinellarete.it\/index.php?rest_route=\/wp\/v2\/users\/294"}],"collection":[{"href":"https:\/\/www.raccontinellarete.it\/index.php?rest_route=\/wp\/v2\/users"}]}}