{"id":2415,"name":"Paolo Clar\u00e0","url":"http:\/\/esperaprimavera.blogspot.com\/","description":"Paolo Clar\u00e0 \u00e8 nato il 18 novembre 1976. Abita in provincia di Varese, ma la parte alta per\u00f2. Zona di laghi e montagne che non sono ancora le Alpi, ma che da certe angolazioni ci somigliano parecchio. \r\nIn tasca ha una laurea in Tecnologie Alimentari che utilizza solo per esperimenti da fare in casa. In cantina produce birra e formaggi, ma ci rimangono poco. L\u2019arredamento della sua casa \u00e8 costituito prevalentemente da vinili. In camera ha una batteria a cui dedica pi\u00f9 attenzione che al contenuto del letto, peraltro spesso vuoto. \r\nSi guadagna il pane scrivendo progetti per lo sviluppo della montagna. La gloria personale, sperimentando il dolore inquieto che lo fa urlare. Ma non se ne accorge nessuno perch\u00e9 scrive solo dalle 23 in avanti.\r\nDa piccolo invece scriveva di giorno, perch\u00e9 la sera leggeva Topolini o giocava a Subbuteo. Da qualche parte ha ancora qualche poesia, ma sono le pi\u00f9 brutte. Perch\u00e9 quelle meritevoli le ha regalate alle belle ragazze. Nel computer ha soprattutto racconti e l\u2019inizio di un romanzo. \r\nNon ha ancora pubblicato niente, se non una misera poesia sull\u2019Italia (Il segreto delle fragole 2010, Lieto Colle Editore). Per\u00f2, se vogliamo, in testa ha ancora tante altre cose da dire. Ci sta lavorando.","link":"https:\/\/www.raccontinellarete.it\/?author=2415","slug":"declesc","avatar_urls":{"24":"https:\/\/secure.gravatar.com\/avatar\/4754b836d251b2565bfb56ebd1741652?s=24&d=mm&r=g","48":"https:\/\/secure.gravatar.com\/avatar\/4754b836d251b2565bfb56ebd1741652?s=48&d=mm&r=g","96":"https:\/\/secure.gravatar.com\/avatar\/4754b836d251b2565bfb56ebd1741652?s=96&d=mm&r=g"},"meta":[],"_links":{"self":[{"href":"https:\/\/www.raccontinellarete.it\/index.php?rest_route=\/wp\/v2\/users\/2415"}],"collection":[{"href":"https:\/\/www.raccontinellarete.it\/index.php?rest_route=\/wp\/v2\/users"}]}}