{"id":22030,"name":"Laura Minguell Del Lungo","url":"","description":"Laura Minguell Del Lungo \u00e8 nata a Roma nel 1981, da madre psicologa romana e da padre giornalista catalano. Alle porte del Pantheon, nel cuore della Capitale Romana, \u00e8 cresciuta coi genitori, un fratello maggiore, altri animali e ospiti di ogni tipo e provenienza. \r\n\r\nSin da bambina ha dimostrato una spiccata propensione per la lettura e la scrittura. Da quando ha imparato a farlo, non ha mai smesso di scrivere! \r\n\r\nHa frequentato la scuola dell\u2019obbligo sul colle Aventino, e ha conseguito la maturit\u00e0 classica presso il Liceo Ginnasio E. Q. Visconti. Ha intrapreso quindi gli studi di Medicina e Chirurgia presso l\u2019Universit\u00e0 Statale La Sapienza, per poi passare all\u2019Universit\u00e0 Cattolica del Sacro Cuore, dove si \u00e8 innamorata del suo attuale marito e anche, di striscio, laureata con lode. Ha infine conseguito la Specializzazione in Anestesiologia, Rianimazione e Terapia del Dolore, presso la stessa Universit\u00e0, col massimo dei voti e lode. \r\nNel 2012 si \u00e8 trasferita a Barcellona, dove ha lavorato sia come medico d\u2019ambulanza presso il Servizio di Emergenza Medica territoriale, sia come anestesista in una rinomata clinica della citt\u00e0, dove ha ottenuto il ruolo di coordinatrice del Servizio di Anestesia. Nel 2016 si \u00e8 trasferita a Berga, in provincia di Barcellona, nella Catalogna Centrale, dove vive attualmente insieme al marito chirurgo e alle loro quattro figlie. Lavora come anestesista e terapeuta del dolore presso l\u2019ospedale comarcal Sant Bernab\u00e9.\r\nNel 2020, durante il periodo iniziale della pandemia di Sars-Cov-2, ha conseguito il titolo universitario di Esperto in Dolore, presso l\u2019Universit\u00e0 di Cadice, Spagna.  \r\n\r\nOltre ai libri, colleziona anche viaggi, sia per piacere che per altri motivi. Durante la sua vita ha passato brevi periodi di formazione in Paesi Esteri, tra cui Finlandia e Giappone, e ha partecipato ad alcune missioni sanitarie in Africa. \r\n\r\nNel cassetto aveva finora due sogni: uno \u00e8 lavorare con Emergency e l\u2019altro era diventare una scrittrice.   \r\nQuest\u2019ultimo sogno si \u00e8 realizzato a giugno del 2020 quando con GMlibri-La Vita Felice ha pubblicato il suo primo romanzo, Lucertole, in cui gli anestesisti rianimatori vengono paragonati ai piccoli rettili per via del colore della divisa di sala operatoria e delle caratteristiche comportamentali.\r\n\u00c8 prevista la pubblicazione del suo secondo romanzo, Gli Angeli di Barcellona, con la stessa casa editrice a novembre 2021. Si tratta di un prequel di Lucertole, che si svolge in ventiquattro ore. Rappresenta uno spaccato della vita nella capitale catalana, in cui un incidente stradale, episodi di violenza minorile e di genere si intrecciano con amicizia, amore e dedizione del personale sanitario, non senza un pizzico di soprannaturale.\r\nLaura si occupa anche di altri progetti editoriali, tra cui una raccolta di 90 storie di resilienza, narrate da 90 donne di varia provenienza geografica, che in un momento determinato della loro vita hanno deciso di compiere un atto d\u2019amore per s\u00e9 stesse. L\u2019opera, in lingua spagnola, si intitola Amand\u00f3me durante 90 d\u00edas ed \u00e8 attualmente in fase di pubblicazione da parte di Europa Ediciones.\r\nIl terzo romanzo di Laura, Oltre il Presente, si \u00e8 qualificato nella decina finalista del Premio Letterario Clara Sereni, i cui vincitori saranno proclamati il prossimo 15 ottobre. Si tratta di una storia post-apocalittica in un mondo oltre il presente, oltre cio\u00e8 l\u2019epoca storica che stiamo vivendo, i cui protagonisti sono un gruppo di ragazzini che potrebbero essere i nostri figli. Il romanzo \u00e8 legato ai due precedenti in un modo inaspettato, costituendo un sequel vero e proprio. \r\nLaura \u00e8 alla continua ricerca di spunti e fonti di ispirazione, creando storie attorno alle esperienze di vita proprie e delle persone con cui entra in contatto, con un occhio di riguardo per le questioni etiche, umanitarie ed ecologiche. Sfrutta ogni possibilit\u00e0 che le si presenta per poter esprimere il proprio pensiero, o pubblicare mini-recensioni di libri, attraverso i social, blog o riviste online con cui collabora. Scrive storie e filastrocche per le sue figlie e non smette di leggere mai.\r\nChe sia un vulcano di idee, lo dimostra il fatto che in pentola bollano altri due romanzi e molti altri siano in concepimento.","link":"https:\/\/www.raccontinellarete.it\/?author=22030","slug":"laura-minguell-del-lungo","avatar_urls":{"24":"https:\/\/secure.gravatar.com\/avatar\/3459542857bf9078b6055dbb788423e1?s=24&d=mm&r=g","48":"https:\/\/secure.gravatar.com\/avatar\/3459542857bf9078b6055dbb788423e1?s=48&d=mm&r=g","96":"https:\/\/secure.gravatar.com\/avatar\/3459542857bf9078b6055dbb788423e1?s=96&d=mm&r=g"},"meta":[],"_links":{"self":[{"href":"https:\/\/www.raccontinellarete.it\/index.php?rest_route=\/wp\/v2\/users\/22030"}],"collection":[{"href":"https:\/\/www.raccontinellarete.it\/index.php?rest_route=\/wp\/v2\/users"}]}}