{"id":9977,"date":"2012-05-23T09:02:55","date_gmt":"2012-05-23T08:02:55","guid":{"rendered":"http:\/\/www.raccontinellarete.it\/?p=9977"},"modified":"2012-05-24T16:33:37","modified_gmt":"2012-05-24T15:33:37","slug":"premio-racconti-nella-rete-2012-la-storia-vera-di-tabatina-mantellina-sezione-racconti-per-bambini-di-patrizia-argentino","status":"publish","type":"post","link":"https:\/\/www.raccontinellarete.it\/?p=9977","title":{"rendered":"Premio Racconti nella Rete 2012 &#8220;La storia vera di Tabatina Mantellina&#8221; (sezione racconti per bambini) di Patrizia Argentino"},"content":{"rendered":"<p>Quando Mamma Gatta si accorse che tra i cuccioli appena nati c\u2019era una femmina tutta nera, le si strinse il cuore. Chi non sa che i gatti neri vengono perseguitati perch\u00e9 si teme che portino sfortuna?<\/p>\n<p>Per questo motivo decise di chiamarla Tabata, che in una lingua antica vuol dire \u201cgazzella\u201d, con l\u2019augurio che fosse veloce quanto quel quadrupede a fuggire davanti ai pericoli. Tabata \u00e8 anche il nome della santa protettrice delle sartine e Mamma Gatta, che con l\u2019ago e il filo ci sapeva fare, le cuc\u00ec una mantella color verde foglia perch\u00e8 non desse nell\u2019occhio quando scorrazzava sul prato. L\u2019idea gli era stata suggerita dall\u2019Insetto Stecco che era un vero trasformista, capace di imitare se necessario qualsiasi rametto o fuscello.<\/p>\n<p>Non fu facile convincere la piccola a indossare lo strano indumento.<\/p>\n<p>\u201cMamma perch\u00e9 io devo metterla e i miei fratelli no?\u201d protestava Tabata.<\/p>\n<p>Mamma Gatta fu irremovibile, cos\u00ec la gattina e la sua mantella diventarono inseparabili e venne soprannominata Tabatina Mantellina.<\/p>\n<p>La notizia del suo travestimento bislacco vol\u00f2 di baffo in baffo e quando giunse alle orecchie pelose del Gran Giur\u00ec, Mamma Gatta fu invitata a spiegarne la ragione. Fino ad allora nessun gatto si era mai sognato di indossare null\u2019altro che la propria pelliccia. Naturalmente le motivazioni di Mamma Gatta furono talmente convincenti che il collegio dei Gatti Anziani non ebbe pi\u00f9 niente da ridire, anzi tutti espressero solidariet\u00e0 a Tabatina Mantellina che divent\u00f2 la mascotte della grande comunit\u00e0 di felini situata in Val di Fusa.<\/p>\n<p>Il tempo trascorse senza avvenimenti insoliti fino al giorno in cui Mamma Gatta decise di portare i cuccioli a visitare la vicina citt\u00e0 di Stilopoli, capitale della moda, dove si stava svolgendo la presentazione della collezione autunno \u2013 inverno. Per l\u2019occasione aveva cucito a Tabata una nuova mantella color grigio topo, perch\u00e9 la piccina potesse confondersi tra i roditori che in quel periodo affollavano le strade della citt\u00e0 alla ricerca di qualche bocconcino succulento. Con tutti gli eventi mondani allestiti negli ateliers, infatti, non era raro trovare nei bidoni della spazzatura avanzi di tartine al salmone o al formaggio mordicchiate da indossatrici senza appetito.<\/p>\n<p>Non appena la piccola l\u2019ebbe indossata partirono.<\/p>\n<p>Camminavano in fila indiana e Tabata, in coda, seguiva la famiglia a testa alta come una regina, avvolta dalla sua mantella che faceva pendant con il marciapiede.<\/p>\n<p>La bizzarra processione non pass\u00f2 inosservata.<\/p>\n<p>Al suo avanzare si levarono cori di \u201cOhhhhhhh!!!\u201d e ben presto tutti gli abitanti di Stilopoli, dove ogni stramberia faceva tendenza, morirono dalla voglia di indossare una cappa come quella della micina che avevano visto sfilare in centro.<\/p>\n<p>I commercianti di stoffe e i sarti fecero affari d\u2019oro. Tutti correvano ad accaparrarsi i modelli migliori e nei negozi non si vedeva una ressa tale dai tempi delle nozze del sindaco. A breve ogni cittadino pot\u00e8 vantare nell\u2019armadio almeno una mantella. Vennero cucite cappe color del cielo, altre di un bel rosso fragola, altre ancora con lunghe frange dorate come i raggi del sole. Qualcuno la volle di seta leggera come una nuvola, qualcun altro la prefer\u00ec di lana calda come l\u2019abbraccio di un amico.<\/p>\n<p>Mamma Gatta rideva sotto i baffi di quel comportamento umano, pi\u00f9 bizzarro di qualsiasi mantellina a pois che fosse mai stata cucita. In cuor suo si augur\u00f2 che la febbre modaiola durasse il pi\u00f9 a lungo possibile perch\u00e9, in quel tripudio di stoffe e colori, nessuno badasse alla tinta di Tabata. E cos\u00ec avvenne.<\/p>\n<p>La gattina fu finalmente libera di correre per le strade vestita soltanto della sua pelliccia. Non si sent\u00ec pi\u00f9 alcuna maldicenza sui gatti neri, tanto erano tutti indaffarati a osservare e a commentare le nuove mantelle dei loro simili.<\/p>\n<p>Tabatina Mantellina port\u00f2 cos\u00ec una ventata di prosperit\u00e0 nel paese, dopo lunghi mesi di crisi nel settore dell\u2019abbigliamento. Il sindaco, in segno di riconoscenza, inser\u00ec i gatti neri nell\u2019elenco delle specie protette e divent\u00f2 reato qualsiasi maltrattamento ai loro danni. Nessun gatto nero avrebbe pi\u00f9 avuto bisogno di camuffarsi fatta eccezione per Carnevale.<\/p>\n<p>E vissero \u2026 neri, felici e contenti.<\/p>\n<p>Evviva tutti i colori del mondo!<\/p>\n<p>&nbsp;<\/p>\n<p>&nbsp;<\/p>\n<div class=\"pvc_clear\"><\/div>\n<p id=\"pvc_stats_9977\" class=\"pvc_stats all  \" data-element-id=\"9977\" style=\"\"><i class=\"pvc-stats-icon medium\" aria-hidden=\"true\"><svg aria-hidden=\"true\" focusable=\"false\" data-prefix=\"far\" data-icon=\"chart-bar\" role=\"img\" xmlns=\"http:\/\/www.w3.org\/2000\/svg\" viewBox=\"0 0 512 512\" class=\"svg-inline--fa fa-chart-bar fa-w-16 fa-2x\"><path fill=\"currentColor\" d=\"M396.8 352h22.4c6.4 0 12.8-6.4 12.8-12.8V108.8c0-6.4-6.4-12.8-12.8-12.8h-22.4c-6.4 0-12.8 6.4-12.8 12.8v230.4c0 6.4 6.4 12.8 12.8 12.8zm-192 0h22.4c6.4 0 12.8-6.4 12.8-12.8V140.8c0-6.4-6.4-12.8-12.8-12.8h-22.4c-6.4 0-12.8 6.4-12.8 12.8v198.4c0 6.4 6.4 12.8 12.8 12.8zm96 0h22.4c6.4 0 12.8-6.4 12.8-12.8V204.8c0-6.4-6.4-12.8-12.8-12.8h-22.4c-6.4 0-12.8 6.4-12.8 12.8v134.4c0 6.4 6.4 12.8 12.8 12.8zM496 400H48V80c0-8.84-7.16-16-16-16H16C7.16 64 0 71.16 0 80v336c0 17.67 14.33 32 32 32h464c8.84 0 16-7.16 16-16v-16c0-8.84-7.16-16-16-16zm-387.2-48h22.4c6.4 0 12.8-6.4 12.8-12.8v-70.4c0-6.4-6.4-12.8-12.8-12.8h-22.4c-6.4 0-12.8 6.4-12.8 12.8v70.4c0 6.4 6.4 12.8 12.8 12.8z\" class=\"\"><\/path><\/svg><\/i> <img loading=\"lazy\" decoding=\"async\" width=\"16\" height=\"16\" alt=\"Loading\" src=\"https:\/\/www.raccontinellarete.it\/301\/wp-content\/plugins\/page-views-count\/ajax-loader-2x.gif\" border=0 \/><\/p>\n<div class=\"pvc_clear\"><\/div>\n","protected":false},"excerpt":{"rendered":"<p>Quando Mamma Gatta si accorse che tra i cuccioli appena nati c\u2019era una femmina tutta nera, le si strinse il cuore. Chi non sa che i gatti neri vengono perseguitati perch\u00e9 si teme che portino sfortuna? Per questo motivo decise di chiamarla Tabata, che in una lingua antica vuol dire \u201cgazzella\u201d, con l\u2019augurio che fosse [&hellip;]<\/p>\n<div class=\"pvc_clear\"><\/div>\n<p id=\"pvc_stats_9977\" class=\"pvc_stats all  \" data-element-id=\"9977\" style=\"\"><i class=\"pvc-stats-icon medium\" aria-hidden=\"true\"><svg aria-hidden=\"true\" focusable=\"false\" data-prefix=\"far\" data-icon=\"chart-bar\" role=\"img\" xmlns=\"http:\/\/www.w3.org\/2000\/svg\" viewBox=\"0 0 512 512\" class=\"svg-inline--fa fa-chart-bar fa-w-16 fa-2x\"><path fill=\"currentColor\" d=\"M396.8 352h22.4c6.4 0 12.8-6.4 12.8-12.8V108.8c0-6.4-6.4-12.8-12.8-12.8h-22.4c-6.4 0-12.8 6.4-12.8 12.8v230.4c0 6.4 6.4 12.8 12.8 12.8zm-192 0h22.4c6.4 0 12.8-6.4 12.8-12.8V140.8c0-6.4-6.4-12.8-12.8-12.8h-22.4c-6.4 0-12.8 6.4-12.8 12.8v198.4c0 6.4 6.4 12.8 12.8 12.8zm96 0h22.4c6.4 0 12.8-6.4 12.8-12.8V204.8c0-6.4-6.4-12.8-12.8-12.8h-22.4c-6.4 0-12.8 6.4-12.8 12.8v134.4c0 6.4 6.4 12.8 12.8 12.8zM496 400H48V80c0-8.84-7.16-16-16-16H16C7.16 64 0 71.16 0 80v336c0 17.67 14.33 32 32 32h464c8.84 0 16-7.16 16-16v-16c0-8.84-7.16-16-16-16zm-387.2-48h22.4c6.4 0 12.8-6.4 12.8-12.8v-70.4c0-6.4-6.4-12.8-12.8-12.8h-22.4c-6.4 0-12.8 6.4-12.8 12.8v70.4c0 6.4 6.4 12.8 12.8 12.8z\" class=\"\"><\/path><\/svg><\/i> <img loading=\"lazy\" decoding=\"async\" width=\"16\" height=\"16\" alt=\"Loading\" src=\"https:\/\/www.raccontinellarete.it\/301\/wp-content\/plugins\/page-views-count\/ajax-loader-2x.gif\" border=0 \/><\/p>\n<div class=\"pvc_clear\"><\/div>\n","protected":false},"author":2384,"featured_media":0,"comment_status":"open","ping_status":"closed","sticky":false,"template":"","format":"standard","meta":{"footnotes":""},"categories":[34],"tags":[],"class_list":["post-9977","post","type-post","status-publish","format-standard","hentry","category-premio-racconti-nella-rete-2012"],"_links":{"self":[{"href":"https:\/\/www.raccontinellarete.it\/index.php?rest_route=\/wp\/v2\/posts\/9977"}],"collection":[{"href":"https:\/\/www.raccontinellarete.it\/index.php?rest_route=\/wp\/v2\/posts"}],"about":[{"href":"https:\/\/www.raccontinellarete.it\/index.php?rest_route=\/wp\/v2\/types\/post"}],"author":[{"embeddable":true,"href":"https:\/\/www.raccontinellarete.it\/index.php?rest_route=\/wp\/v2\/users\/2384"}],"replies":[{"embeddable":true,"href":"https:\/\/www.raccontinellarete.it\/index.php?rest_route=%2Fwp%2Fv2%2Fcomments&post=9977"}],"version-history":[{"count":8,"href":"https:\/\/www.raccontinellarete.it\/index.php?rest_route=\/wp\/v2\/posts\/9977\/revisions"}],"predecessor-version":[{"id":10191,"href":"https:\/\/www.raccontinellarete.it\/index.php?rest_route=\/wp\/v2\/posts\/9977\/revisions\/10191"}],"wp:attachment":[{"href":"https:\/\/www.raccontinellarete.it\/index.php?rest_route=%2Fwp%2Fv2%2Fmedia&parent=9977"}],"wp:term":[{"taxonomy":"category","embeddable":true,"href":"https:\/\/www.raccontinellarete.it\/index.php?rest_route=%2Fwp%2Fv2%2Fcategories&post=9977"},{"taxonomy":"post_tag","embeddable":true,"href":"https:\/\/www.raccontinellarete.it\/index.php?rest_route=%2Fwp%2Fv2%2Ftags&post=9977"}],"curies":[{"name":"wp","href":"https:\/\/api.w.org\/{rel}","templated":true}]}}