{"id":9750,"date":"2012-05-19T19:27:02","date_gmt":"2012-05-19T18:27:02","guid":{"rendered":"http:\/\/www.raccontinellarete.it\/?p=9750"},"modified":"2012-05-19T19:27:02","modified_gmt":"2012-05-19T18:27:02","slug":"premio-racconti-nella-rete-2012-periferia-sommersa-di-guido-colletti","status":"publish","type":"post","link":"https:\/\/www.raccontinellarete.it\/?p=9750","title":{"rendered":"Premio Racconti nella Rete 2012 &#8220;Periferia sommersa&#8221; di Guido Colletti"},"content":{"rendered":"<p>Leggo pochissimo i giornali soprattutto quando questi intessono lodi su Milano; gli artisti sono gente strana, ed io sono un artista\u00a0 che dopo cena consulta il Tuttocitt\u00e0 durante i TG.<\/p>\n<p>I TG mi annoiano, ogni cosa mi annoia, Milano \u00e8 una ciminiera di gas, tuttavia la consultazione del Tuttocitt\u00e0 \u00e8 qualcosa di assolutamente affascinante. Consulto tanto per consultare, col solo piacere dell\u2019immaginare fine a se stesso. Mi confronto con quei tracciati bianchi delle vie e osservo dove le zone abitate scompaiono, dove le vie diventano lunghe strisce bianche sinuose. Cerco allora di immaginare che cosa ci sia vicino a quei vialoni o a quelle viette isolate senza nulla intorno. Campagne? Capannoni? Quale emozione estetica danno le vie periferiche squallide di Milano?<\/p>\n<p>Il fascino per le estreme periferie di Milano \u00e8 nato dopo una fatidica sera di giugno, stiamo parlando di parecchi anni fa ormai; avevo ancora una Visa Citro\u00ebn 650 color mattone, un grosso girello di ferraglie accampate, semoventi.La vecchia Visa era tutto uno scossone e un tremore, ma ha respirato e marciato per lungo tempo. Ora non c\u2019\u00e8 pi\u00f9, l\u2019ho fatta sopprimere una mattina di giugno da due boia rottamatori, due avanzi di galera senza scrupoli.<br \/>\nIn ogni caso in quelle ferraglie e in quei sedili muffosi ci sono tanti ricordi, tra cui ci\u00f2 che successe quella fatidica sera di giugno, come dicevo, quando dopo aver festeggiato il compleanno di Sergio in un locale del quartiere Ripamonti, mi sono perduto alle due di notte.<br \/>\nDiciamo subito che i giovani milanesi non osservano nulla, sono solo interessati ai locali notturni in senso proprio, non importa dove essi siano, quale sia lo scenario metropolitano che li ospita.<br \/>\nLa zona Ortles-Ripamonti dove mi trovavo quella sera, non era proprio il massimo, in termini di estetica, accoglienza e sicurezza pubblica.<br \/>\nAll\u2019andata percorrendo in macchina via Antonini all\u2019 imbrunire, gi\u00e0 avevo la sensazione di sentirmi smarrito nonostante le numerose automobili che mi circondavano.<br \/>\nNonostante queste premesse il compleanno di Sergio si festeggi\u00f2 in un ristorante e a serata conclusa mi tocc\u00f2 accompagnare a casa uno degli invitati, Andrea, che abitava in viale Bacchiglione, mentre noi eravamo alla fine di via Antonini, in p.za Chiaradia.<br \/>\nMontammo tutti e due sulle Visa alle due circa.<br \/>\n\u201cMi guidi tu? Non conosco bene ste strade\u201d, domandai.<br \/>\n\u201cS\u00ec, vai gi\u00f9 per questa via, si fa prima\u201d. La imboccai senza pensarci troppo, si chiamava \u201cvia dei Fontanili\u201d, era una via strana, stretta e tutta curve, man mano che ci si inoltrava tutto quello che stava intorno sembrava spostarsi insieme alla macchina, cancelli, muriccioli, e capannoni dismessi incombevano, precipitavano vicino al nostro passaggio, poi si allargavano quando si curvava.<br \/>\nIl buio era smorzato da appena pochi lampioni, non c\u2019era nessuno alle due della notte, sembrava che questa corsa non avesse mai fine.<br \/>\nFinalmente un bivio: destra o sinistra. Che fare? Andrea mi fece voltare a destra.La carreggiata si restringeva ancora di pi\u00f9, alla mia sinistra, c\u2019era la piccola riva di un ruscelletto, una roggia, pochi alberi, alla mia destra una casa diroccata con la targa di \u201cvia Corrado il Salico\u201d\u2026\u201dAndiamo avanti, andiamo avanti\u201d, mi suggeriva Andrea, mentre lo sbigottimento e un terrore diffuso, solo appena accennato si diffondeva tra le \u2018ferraglie\u2019 della Visa.<br \/>\nNon ricordo come prosegu\u00ec la strada, so soltanto che a un certo punto mi sembrava di essere inghiottito nello stomaco di una balena; feci una curva a gomito strettissima e la macchina cominci\u00f2 a traballare, inizi\u00f2 un tratto di carreggiata non asfaltato con dei grossi sassoni che facevano a gara con balzi felini a colpire le parti migliori del telaio della mia adorata Visa. I lampioni erano spariti\u2026buio pesto assoluto. \u201cMa dove cazzo stiamo andando???\u201d<br \/>\nStavo scendendo nei bassifondi di qualche antro misterioso\u2026Ad un tratto delle luci si proiettarono sul muro di una catapecchia e cap\u00ec finalmente di ritrovare l\u2019abitato, la via Ripamonti.<br \/>\nPoi imboccai subito viale Ortles, un triste squallore animato da bambole colorate e sgargianti che spuntavano nella nebbiolina, le \u201cbelle di notte\u201d del quartiere.<br \/>\nRallentai per osservarne una e mi sembrava un manichino vivente molto grottesco; continuai a guidare con una voglia strana, la voglia bizzarra di gridare a tutti: \u201cMilano cos\u00ec non l\u2019avevo mai vista!\u201d.<\/p>\n<div class=\"pvc_clear\"><\/div>\n<p id=\"pvc_stats_9750\" class=\"pvc_stats all  \" data-element-id=\"9750\" style=\"\"><i class=\"pvc-stats-icon medium\" aria-hidden=\"true\"><svg aria-hidden=\"true\" focusable=\"false\" data-prefix=\"far\" data-icon=\"chart-bar\" role=\"img\" xmlns=\"http:\/\/www.w3.org\/2000\/svg\" viewBox=\"0 0 512 512\" class=\"svg-inline--fa fa-chart-bar fa-w-16 fa-2x\"><path fill=\"currentColor\" d=\"M396.8 352h22.4c6.4 0 12.8-6.4 12.8-12.8V108.8c0-6.4-6.4-12.8-12.8-12.8h-22.4c-6.4 0-12.8 6.4-12.8 12.8v230.4c0 6.4 6.4 12.8 12.8 12.8zm-192 0h22.4c6.4 0 12.8-6.4 12.8-12.8V140.8c0-6.4-6.4-12.8-12.8-12.8h-22.4c-6.4 0-12.8 6.4-12.8 12.8v198.4c0 6.4 6.4 12.8 12.8 12.8zm96 0h22.4c6.4 0 12.8-6.4 12.8-12.8V204.8c0-6.4-6.4-12.8-12.8-12.8h-22.4c-6.4 0-12.8 6.4-12.8 12.8v134.4c0 6.4 6.4 12.8 12.8 12.8zM496 400H48V80c0-8.84-7.16-16-16-16H16C7.16 64 0 71.16 0 80v336c0 17.67 14.33 32 32 32h464c8.84 0 16-7.16 16-16v-16c0-8.84-7.16-16-16-16zm-387.2-48h22.4c6.4 0 12.8-6.4 12.8-12.8v-70.4c0-6.4-6.4-12.8-12.8-12.8h-22.4c-6.4 0-12.8 6.4-12.8 12.8v70.4c0 6.4 6.4 12.8 12.8 12.8z\" class=\"\"><\/path><\/svg><\/i> <img loading=\"lazy\" decoding=\"async\" width=\"16\" height=\"16\" alt=\"Loading\" src=\"https:\/\/www.raccontinellarete.it\/301\/wp-content\/plugins\/page-views-count\/ajax-loader-2x.gif\" border=0 \/><\/p>\n<div class=\"pvc_clear\"><\/div>\n","protected":false},"excerpt":{"rendered":"<p>Leggo pochissimo i giornali soprattutto quando questi intessono lodi su Milano; gli artisti sono gente strana, ed io sono un artista\u00a0 che dopo cena consulta il Tuttocitt\u00e0 durante i TG. I TG mi annoiano, ogni cosa mi annoia, Milano \u00e8 una ciminiera di gas, tuttavia la consultazione del Tuttocitt\u00e0 \u00e8 qualcosa di assolutamente affascinante. Consulto [&hellip;]<\/p>\n<div class=\"pvc_clear\"><\/div>\n<p id=\"pvc_stats_9750\" class=\"pvc_stats all  \" data-element-id=\"9750\" style=\"\"><i class=\"pvc-stats-icon medium\" aria-hidden=\"true\"><svg aria-hidden=\"true\" focusable=\"false\" data-prefix=\"far\" data-icon=\"chart-bar\" role=\"img\" xmlns=\"http:\/\/www.w3.org\/2000\/svg\" viewBox=\"0 0 512 512\" class=\"svg-inline--fa fa-chart-bar fa-w-16 fa-2x\"><path fill=\"currentColor\" d=\"M396.8 352h22.4c6.4 0 12.8-6.4 12.8-12.8V108.8c0-6.4-6.4-12.8-12.8-12.8h-22.4c-6.4 0-12.8 6.4-12.8 12.8v230.4c0 6.4 6.4 12.8 12.8 12.8zm-192 0h22.4c6.4 0 12.8-6.4 12.8-12.8V140.8c0-6.4-6.4-12.8-12.8-12.8h-22.4c-6.4 0-12.8 6.4-12.8 12.8v198.4c0 6.4 6.4 12.8 12.8 12.8zm96 0h22.4c6.4 0 12.8-6.4 12.8-12.8V204.8c0-6.4-6.4-12.8-12.8-12.8h-22.4c-6.4 0-12.8 6.4-12.8 12.8v134.4c0 6.4 6.4 12.8 12.8 12.8zM496 400H48V80c0-8.84-7.16-16-16-16H16C7.16 64 0 71.16 0 80v336c0 17.67 14.33 32 32 32h464c8.84 0 16-7.16 16-16v-16c0-8.84-7.16-16-16-16zm-387.2-48h22.4c6.4 0 12.8-6.4 12.8-12.8v-70.4c0-6.4-6.4-12.8-12.8-12.8h-22.4c-6.4 0-12.8 6.4-12.8 12.8v70.4c0 6.4 6.4 12.8 12.8 12.8z\" class=\"\"><\/path><\/svg><\/i> <img loading=\"lazy\" decoding=\"async\" width=\"16\" height=\"16\" alt=\"Loading\" src=\"https:\/\/www.raccontinellarete.it\/301\/wp-content\/plugins\/page-views-count\/ajax-loader-2x.gif\" border=0 \/><\/p>\n<div class=\"pvc_clear\"><\/div>\n","protected":false},"author":2732,"featured_media":0,"comment_status":"open","ping_status":"closed","sticky":false,"template":"","format":"standard","meta":{"footnotes":""},"categories":[34],"tags":[],"class_list":["post-9750","post","type-post","status-publish","format-standard","hentry","category-premio-racconti-nella-rete-2012"],"_links":{"self":[{"href":"https:\/\/www.raccontinellarete.it\/index.php?rest_route=\/wp\/v2\/posts\/9750"}],"collection":[{"href":"https:\/\/www.raccontinellarete.it\/index.php?rest_route=\/wp\/v2\/posts"}],"about":[{"href":"https:\/\/www.raccontinellarete.it\/index.php?rest_route=\/wp\/v2\/types\/post"}],"author":[{"embeddable":true,"href":"https:\/\/www.raccontinellarete.it\/index.php?rest_route=\/wp\/v2\/users\/2732"}],"replies":[{"embeddable":true,"href":"https:\/\/www.raccontinellarete.it\/index.php?rest_route=%2Fwp%2Fv2%2Fcomments&post=9750"}],"version-history":[{"count":5,"href":"https:\/\/www.raccontinellarete.it\/index.php?rest_route=\/wp\/v2\/posts\/9750\/revisions"}],"predecessor-version":[{"id":9821,"href":"https:\/\/www.raccontinellarete.it\/index.php?rest_route=\/wp\/v2\/posts\/9750\/revisions\/9821"}],"wp:attachment":[{"href":"https:\/\/www.raccontinellarete.it\/index.php?rest_route=%2Fwp%2Fv2%2Fmedia&parent=9750"}],"wp:term":[{"taxonomy":"category","embeddable":true,"href":"https:\/\/www.raccontinellarete.it\/index.php?rest_route=%2Fwp%2Fv2%2Fcategories&post=9750"},{"taxonomy":"post_tag","embeddable":true,"href":"https:\/\/www.raccontinellarete.it\/index.php?rest_route=%2Fwp%2Fv2%2Ftags&post=9750"}],"curies":[{"name":"wp","href":"https:\/\/api.w.org\/{rel}","templated":true}]}}