{"id":9622,"date":"2012-05-17T14:52:17","date_gmt":"2012-05-17T13:52:17","guid":{"rendered":"http:\/\/www.raccontinellarete.it\/?p=9622"},"modified":"2012-05-17T14:52:17","modified_gmt":"2012-05-17T13:52:17","slug":"premio-racconti-nella-rete-2012-nebbia-di-andrea-de-conno","status":"publish","type":"post","link":"https:\/\/www.raccontinellarete.it\/?p=9622","title":{"rendered":"Premio Racconti nella Rete 2012 &#8220;Nebbia&#8221; di Andrea De Conno"},"content":{"rendered":"<p>\u201cTe l&#8217;ho detto tante volte, non ne posso pi\u00f9 di dirtelo\u201d sbott\u00f2 alla fine lasciando cadere le braccia con il tipico fruscio malevolo. \u201cNon ti vedo quando la nebbia \u00e8 cos\u00ec fitta ed \u00e8 inutile che tu mi chieda come ti stanno i capelli\u201d<\/p>\n<p><em>&#8211; Non devo, non devo, non improvvisare, non cambiare: Strutturalismo delle evidenze: la mia materia, delle evidenze, delle evidenze, delle evidenze; trattengo il calore.<\/em><\/p>\n<p>La nebbia aveva avvolto tutte le cose entrando persino nelle case, negli interstizi, nei corridoi, sui ballatoi, nei sottoscala, nelle bottiglie vuote, negli stanzini bui dove sebbene non ci si vedesse aveva creato quello che ormai tutti chiamavamo il buio di nebbia. Era stato sempre cos\u00ec, cos\u00ec finch\u00e9 potevamo ricordare e tuttavia si mormorava, mai apertamente, di questo o quell&#8217;altro che ricordava il cielo, il sole, i \u201ccolori\u201d, &#8211; <em>con le virgolette sempre <\/em>&#8211; il buio diverso dal buio di nebbia, &#8211; <em>attenzione quasi pericolo <\/em>&#8211; rara tonalit\u00e0 che ormai nessuno pi\u00f9 distingueva, perch\u00e9 non esisteva, non esiste, non \u00e8 esistita.<\/p>\n<p><em>Non esiste il buio, non esiste il buio , non esiste il buio: come mi hanno insegnato, non voglio pi\u00f9, non pi\u00f9&#8230;&#8230;<\/em><\/p>\n<p>E&#8217; vero tutti abbiamo un udito finissimo e abbiamo entusiasticamente imparato a dire anche un semplice ciao in molti modi diversi: allegro per le occasioni migliori, stridulo per far finta che si tratti di una occasione migliore, grave con tono sommesso quando qualcuno esce dalla nebbia (<em>per andare dove?<\/em>) e viene consegnato alle grandi acque del mare.<\/p>\n<p>E cos\u00ec se nel passato veniva considerato sapiente chi conosceva molte parole, ora i saggi sono quelli che usano e riconoscono pi\u00f9 tonalit\u00e0 nelle stesse parole: cos\u00ec mentre normalmente si usa declinare, ad esempio, il suono ciao in 4 o 5 modi di cui 2 per il gioioso presente (veridico e falsato) 1 per il passato doloroso e 1 per il futuro immanente , gli accademici della \u201csfumatura indotta\u201d, come me, ordinario in strutturalismo delle evidenze, ne conteggiavano ben 12 tra cui alcune chicche: il presente imposto, il presente interessato, il condizionale gerarchico e, il pi\u00f9 difficile di tutti, il futuro radioso \u2013 <em>attento pericolo, non devi, basta insomma!<\/em><\/p>\n<p>La percezione della mia cultura mi riemp\u00ec di orgoglio e questo sprigion\u00f2 dal mio corpo una piccola onda di calore prodromico, come lo chiamiamo. &#8211; <em>giusto, bene, cos\u00ec va bene.<\/em><\/p>\n<p>\u201cA che pensi\u201d, interruppe il flusso dei suoi pensieri accademicamente complessi la bella voce alla quale prima aveva negato persino un cos\u00ec evidente scambio strutturato. \u201cA che pensi\u201d, sollecita e amante come doveva, avendo percepito nella nebbia quell&#8217;infinitesimale equivoca variazione calorica: prodromica, buona, come la chiamano.<\/p>\n<p>La mia migliore allieva, ora mia collega, compagna di calore e di luogo.<\/p>\n<p>\u201c A te, al tuo profumo, al tono della tua voce, alle tue mani morbide\u201d ment\u00ec, ma aveva imparato &#8211; <em>lo credi tu <\/em>&#8211; a farlo, conoscendo bene quanto la nebbia fosse utilizzabile per attutire i toni pericolosi: strutturalismo delle evidenze, la sua materia !<\/p>\n<p>La nebbia, si la nebbia. All&#8217;inizio quando accadde fu angosciante: i nostri avi erano passati in poco tempo dal vedere \u201ci colori\u201d &#8211; <em>mai senza virgolette e mai nomi, lo so ! &#8211; <\/em>a doversi accontentare dei rumori, dei contatti, delle onde di calore.<\/p>\n<p>\u201c A che pensi\u201d, di nuovo la sua voce allarmata, arrabbiata, sapeva che nel mio cuore coltivavo ancora questa mania dei colori, senza virgolette e con i nomi ! &#8211; Da giovane mi avevano imprigionato per questo, mi avevano torturato per questo, mi avevano cambiato per questo&#8230; ma io lo ritenevo giusto, anzi \u2013 <em>ecco sto per pensarlo! L&#8217;ho pensato un&#8217;altra volta ! <\/em>&#8211; rosso, come avrei detto allora&#8230; non so perch\u00e8. \u201cStai pensando a quella cosa\u201d, \u201cNo, non ci penso\u201d , ma emisi un&#8217;onda gelida e mi scoprii. \u201cHo capito\u201d, il suo tono era&#8230; era&#8230; verde. Nella mente mi scoppi\u00f2 il colore<\/p>\n<p>verde che non avevo mai visto e mi sentii rosso arancione. Ondate di calore non prodromico uscirono dal mio corpo, incontrollate, irrefrenabili, irrinunciabili. \u201csussurro, ondata di freddo, tono ruvido, tosse\u201d &#8211; <em>lei sta chiamando, lei sta chiamando, nel panico e senza pi\u00f9 virgolette. <\/em>Usai la mia capacit\u00e0 di dissimulare, ma mi sentii terrorizzato ed esplose il blu, il tenebra, l&#8217;indaco. Viola, Ombra , buio con la nebbia&#8230;. buio diverso dal buio con la nebbia, buio senza nebbia, buio, buio, buio, finalmente. \u201cFermo\u201d, la voce dei guardiani, il ruvido delle mani, ondate di toni baritonali, gelo. \u201ci colori esistono\u201d dissi e fui perso in un brivido di calore&#8230; rosso.<\/p>\n<div class=\"pvc_clear\"><\/div>\n<p id=\"pvc_stats_9622\" class=\"pvc_stats all  \" data-element-id=\"9622\" style=\"\"><i class=\"pvc-stats-icon medium\" aria-hidden=\"true\"><svg aria-hidden=\"true\" focusable=\"false\" data-prefix=\"far\" data-icon=\"chart-bar\" role=\"img\" xmlns=\"http:\/\/www.w3.org\/2000\/svg\" viewBox=\"0 0 512 512\" class=\"svg-inline--fa fa-chart-bar fa-w-16 fa-2x\"><path fill=\"currentColor\" d=\"M396.8 352h22.4c6.4 0 12.8-6.4 12.8-12.8V108.8c0-6.4-6.4-12.8-12.8-12.8h-22.4c-6.4 0-12.8 6.4-12.8 12.8v230.4c0 6.4 6.4 12.8 12.8 12.8zm-192 0h22.4c6.4 0 12.8-6.4 12.8-12.8V140.8c0-6.4-6.4-12.8-12.8-12.8h-22.4c-6.4 0-12.8 6.4-12.8 12.8v198.4c0 6.4 6.4 12.8 12.8 12.8zm96 0h22.4c6.4 0 12.8-6.4 12.8-12.8V204.8c0-6.4-6.4-12.8-12.8-12.8h-22.4c-6.4 0-12.8 6.4-12.8 12.8v134.4c0 6.4 6.4 12.8 12.8 12.8zM496 400H48V80c0-8.84-7.16-16-16-16H16C7.16 64 0 71.16 0 80v336c0 17.67 14.33 32 32 32h464c8.84 0 16-7.16 16-16v-16c0-8.84-7.16-16-16-16zm-387.2-48h22.4c6.4 0 12.8-6.4 12.8-12.8v-70.4c0-6.4-6.4-12.8-12.8-12.8h-22.4c-6.4 0-12.8 6.4-12.8 12.8v70.4c0 6.4 6.4 12.8 12.8 12.8z\" class=\"\"><\/path><\/svg><\/i> <img loading=\"lazy\" decoding=\"async\" width=\"16\" height=\"16\" alt=\"Loading\" src=\"https:\/\/www.raccontinellarete.it\/301\/wp-content\/plugins\/page-views-count\/ajax-loader-2x.gif\" border=0 \/><\/p>\n<div class=\"pvc_clear\"><\/div>\n","protected":false},"excerpt":{"rendered":"<p>\u201cTe l&#8217;ho detto tante volte, non ne posso pi\u00f9 di dirtelo\u201d sbott\u00f2 alla fine lasciando cadere le braccia con il tipico fruscio malevolo. \u201cNon ti vedo quando la nebbia \u00e8 cos\u00ec fitta ed \u00e8 inutile che tu mi chieda come ti stanno i capelli\u201d &#8211; Non devo, non devo, non improvvisare, non cambiare: Strutturalismo delle [&hellip;]<\/p>\n<div class=\"pvc_clear\"><\/div>\n<p id=\"pvc_stats_9622\" class=\"pvc_stats all  \" data-element-id=\"9622\" style=\"\"><i class=\"pvc-stats-icon medium\" aria-hidden=\"true\"><svg aria-hidden=\"true\" focusable=\"false\" data-prefix=\"far\" data-icon=\"chart-bar\" role=\"img\" xmlns=\"http:\/\/www.w3.org\/2000\/svg\" viewBox=\"0 0 512 512\" class=\"svg-inline--fa fa-chart-bar fa-w-16 fa-2x\"><path fill=\"currentColor\" d=\"M396.8 352h22.4c6.4 0 12.8-6.4 12.8-12.8V108.8c0-6.4-6.4-12.8-12.8-12.8h-22.4c-6.4 0-12.8 6.4-12.8 12.8v230.4c0 6.4 6.4 12.8 12.8 12.8zm-192 0h22.4c6.4 0 12.8-6.4 12.8-12.8V140.8c0-6.4-6.4-12.8-12.8-12.8h-22.4c-6.4 0-12.8 6.4-12.8 12.8v198.4c0 6.4 6.4 12.8 12.8 12.8zm96 0h22.4c6.4 0 12.8-6.4 12.8-12.8V204.8c0-6.4-6.4-12.8-12.8-12.8h-22.4c-6.4 0-12.8 6.4-12.8 12.8v134.4c0 6.4 6.4 12.8 12.8 12.8zM496 400H48V80c0-8.84-7.16-16-16-16H16C7.16 64 0 71.16 0 80v336c0 17.67 14.33 32 32 32h464c8.84 0 16-7.16 16-16v-16c0-8.84-7.16-16-16-16zm-387.2-48h22.4c6.4 0 12.8-6.4 12.8-12.8v-70.4c0-6.4-6.4-12.8-12.8-12.8h-22.4c-6.4 0-12.8 6.4-12.8 12.8v70.4c0 6.4 6.4 12.8 12.8 12.8z\" class=\"\"><\/path><\/svg><\/i> <img loading=\"lazy\" decoding=\"async\" width=\"16\" height=\"16\" alt=\"Loading\" src=\"https:\/\/www.raccontinellarete.it\/301\/wp-content\/plugins\/page-views-count\/ajax-loader-2x.gif\" border=0 \/><\/p>\n<div class=\"pvc_clear\"><\/div>\n","protected":false},"author":2710,"featured_media":0,"comment_status":"open","ping_status":"closed","sticky":false,"template":"","format":"standard","meta":{"footnotes":""},"categories":[34],"tags":[],"class_list":["post-9622","post","type-post","status-publish","format-standard","hentry","category-premio-racconti-nella-rete-2012"],"_links":{"self":[{"href":"https:\/\/www.raccontinellarete.it\/index.php?rest_route=\/wp\/v2\/posts\/9622"}],"collection":[{"href":"https:\/\/www.raccontinellarete.it\/index.php?rest_route=\/wp\/v2\/posts"}],"about":[{"href":"https:\/\/www.raccontinellarete.it\/index.php?rest_route=\/wp\/v2\/types\/post"}],"author":[{"embeddable":true,"href":"https:\/\/www.raccontinellarete.it\/index.php?rest_route=\/wp\/v2\/users\/2710"}],"replies":[{"embeddable":true,"href":"https:\/\/www.raccontinellarete.it\/index.php?rest_route=%2Fwp%2Fv2%2Fcomments&post=9622"}],"version-history":[{"count":3,"href":"https:\/\/www.raccontinellarete.it\/index.php?rest_route=\/wp\/v2\/posts\/9622\/revisions"}],"predecessor-version":[{"id":9732,"href":"https:\/\/www.raccontinellarete.it\/index.php?rest_route=\/wp\/v2\/posts\/9622\/revisions\/9732"}],"wp:attachment":[{"href":"https:\/\/www.raccontinellarete.it\/index.php?rest_route=%2Fwp%2Fv2%2Fmedia&parent=9622"}],"wp:term":[{"taxonomy":"category","embeddable":true,"href":"https:\/\/www.raccontinellarete.it\/index.php?rest_route=%2Fwp%2Fv2%2Fcategories&post=9622"},{"taxonomy":"post_tag","embeddable":true,"href":"https:\/\/www.raccontinellarete.it\/index.php?rest_route=%2Fwp%2Fv2%2Ftags&post=9622"}],"curies":[{"name":"wp","href":"https:\/\/api.w.org\/{rel}","templated":true}]}}