{"id":9505,"date":"2012-05-09T19:18:27","date_gmt":"2012-05-09T18:18:27","guid":{"rendered":"http:\/\/www.raccontinellarete.it\/?p=9505"},"modified":"2012-05-13T15:49:23","modified_gmt":"2012-05-13T14:49:23","slug":"premio-racconti-nella-rete-luomo-che-amava-il-tempo-di-sergio-brunozzi","status":"publish","type":"post","link":"https:\/\/www.raccontinellarete.it\/?p=9505","title":{"rendered":"Premio Racconti nella Rete &#8220;L&#8217;uomo che amava il tempo&#8221; di Sergio Brunozzi"},"content":{"rendered":"<p>Avrebbe voluto poter controllare il tempo a suo piacimento. Un giorno, un giornalista, sapendo di questo suo desiderio gli pose la domanda: perch\u00e9 vuoi poter controllare il tempo? \u2018Semplice perch\u00e9 vorrei ridurlo nei periodi del dolore, della depressione, della malinconia, dell\u2019ascolto inutile di parole prive di senso, di parole vane e della fine di un amore.\u2019 Dopo brevi momenti di silenzio, dedicati probabilmente alla riflessione, aggiunse: \u2018 mentre vorrei poterlo dilatare nei momenti felici, di spensieratezza, del gioco, della lettura, dell\u2019ascolto della musica tutta, dell\u2019innamoramento, dell\u2019unione con l\u2019essere scelto per condividere l\u2019intera vita.\u2019 Ma hai trascurato il tempo del lavoro! Perch\u00e9? La domanda lo colse impreparato, l\u00ec per l\u00ec sembr\u00f2 non essere in grado di rispondere. Pens\u00f2 e poi disse: \u2018vorrei dilatarlo se amassi il mio lavoro, non trascurando l\u2019assunto che il lavoro non deve soddisfare la mia vanit\u00e0 e che deve essere un mezzo non solo per vivere, ma anche per portare un qualche beneficio al prossimo. Non credi?\u2019 Certo che s\u00ec! Ma quanto vorresti lavorare? \u2018quel tanto per la sopravvivenza, lo sviluppo dei miei figli (istruzione ed educazione civica, sociale e ambientale). Certo far\u00f2 del tutto, combatter\u00f2 con tutte le mie forze per non farne dei <em>tossicodipendenti <\/em>del consumismo sfrenato. Molte volte mi sono chiesto perch\u00e9 accumulare troppi beni materiali? Poi un giorno ho trovato la risposta in un vecchio detto napoletano \u201cricordati, disse un povero ad un ricco sfondato che lo guardava con commiserazione, l\u2019ultimo vestito che indosserai non avr\u00e0 tasche\u201d. Ma quanta saggezza! Bravo, sei proprio bravo! E lui rispose \u2018A proposito di saggezza, vorrei dilatare il tempo per accumulare e poter trasmettere agli altri la saggezza accumulata\u2019 . Dopo\u00a0 essersi salutati, il giornalista and\u00f2 in redazione e scrisse il testo dell\u2019intervista. Ma non fin\u00ec qui.<\/p>\n<p>Alla sera, ma che alla sera, erano le tre di notte. Mentre rientrava in casa quatto quatto, evitando di svegliare i familiari, s\u2019introdusse lentamente nel letto accanto alla moglie che dormiva profondamente: raramente, anzi quasi mai, lo attendeva per un saluto. Ogni volta seccato dal mancato saluto, stentava a prendere sonno. Non parliamo poi dei figli. Con il passare degli anni erano divenuti degli <em>sconosciuti <\/em>. Soltanto notizie, a volte frammentarie, trapelavano dagli sbuffi della moglie. Anch\u2019essa aveva un lavoro, ma di giorno: era una manager di successo nel campo della moda. Spesso troppo indaffarata al punto di trascurare i propri figli: le vittime di una situazione che certo non avevano scelto. Ma avevano trovato un loro equilibrio sostenendosi vicendevolmente con amore e rispetto. Un bel giorno, durante un lungo colloquio che aveva come oggetto i loro genitori, giunsero alla conclusione che i loro genitori stavano facendo della loro vita una ricerca continua del successo per soddisfare la loro insaziabile vanit\u00e0. A nulla erano valsi i regali dei genitori (auto, feste, vacanze ai Caraibi, vestiti costosi, case al mare e in montagna e tanto altro). I figli sconsolati aveva avuto per\u00f2 la fortuna di avere sotto i propri occhi quello che non sarebbero stati mai nella loro vita. Entrambi si laurearono in Politica economica e sociale e divennero i capisaldi di un movimento d\u2019avanguardia di giovani con l\u2019utopistico (l\u2019aggettivo dispregiativo veniva dato dai bacchettoni della politica e dell\u2019imprenditoria) obiettivo di riformare la societ\u00e0 spingendola all\u2019abbandono dell\u2019avere verso una societ\u00e0 del ben-essere, in omaggio alla saggezza di Erich Fromm. Propagandarono il concetto della \u2018decrescita\u2019 perch\u00e9 si realizzassero le condizioni per uno sviluppo sostenibile che guardi non solo al presente, ma anche al futuro delle future generazioni, in cui vengono previlegiati non soltanto ed esclusivamente gli aspetti economici, ma soprattutto quelli ambientali, sociali, istituzionali con l\u2019obiettivo di <em>allargare <\/em>e non <em>allungare<\/em> la vita facendola vivere in un ambiente sano e privo di pericoli che soltanto oggi scopriamo e che timidamente stiamo percependo. I giovani del \u00a0movimento che si dichiaravano ovviamente apolitici, fecero delle parole di Bernard Charbonneau il loro motto.<\/p>\n<p><em>\u201cSe l\u2019integralismo della crescita che oggi guida il mondo continuer\u00e0 su questa strada, giustificher\u00e0 un integralismo naturista che vede l\u2019industria come il Male.\u201d<\/em><\/p>\n<div class=\"pvc_clear\"><\/div>\n<p id=\"pvc_stats_9505\" class=\"pvc_stats all  \" data-element-id=\"9505\" style=\"\"><i class=\"pvc-stats-icon medium\" aria-hidden=\"true\"><svg aria-hidden=\"true\" focusable=\"false\" data-prefix=\"far\" data-icon=\"chart-bar\" role=\"img\" xmlns=\"http:\/\/www.w3.org\/2000\/svg\" viewBox=\"0 0 512 512\" class=\"svg-inline--fa fa-chart-bar fa-w-16 fa-2x\"><path fill=\"currentColor\" d=\"M396.8 352h22.4c6.4 0 12.8-6.4 12.8-12.8V108.8c0-6.4-6.4-12.8-12.8-12.8h-22.4c-6.4 0-12.8 6.4-12.8 12.8v230.4c0 6.4 6.4 12.8 12.8 12.8zm-192 0h22.4c6.4 0 12.8-6.4 12.8-12.8V140.8c0-6.4-6.4-12.8-12.8-12.8h-22.4c-6.4 0-12.8 6.4-12.8 12.8v198.4c0 6.4 6.4 12.8 12.8 12.8zm96 0h22.4c6.4 0 12.8-6.4 12.8-12.8V204.8c0-6.4-6.4-12.8-12.8-12.8h-22.4c-6.4 0-12.8 6.4-12.8 12.8v134.4c0 6.4 6.4 12.8 12.8 12.8zM496 400H48V80c0-8.84-7.16-16-16-16H16C7.16 64 0 71.16 0 80v336c0 17.67 14.33 32 32 32h464c8.84 0 16-7.16 16-16v-16c0-8.84-7.16-16-16-16zm-387.2-48h22.4c6.4 0 12.8-6.4 12.8-12.8v-70.4c0-6.4-6.4-12.8-12.8-12.8h-22.4c-6.4 0-12.8 6.4-12.8 12.8v70.4c0 6.4 6.4 12.8 12.8 12.8z\" class=\"\"><\/path><\/svg><\/i> <img loading=\"lazy\" decoding=\"async\" width=\"16\" height=\"16\" alt=\"Loading\" src=\"https:\/\/www.raccontinellarete.it\/301\/wp-content\/plugins\/page-views-count\/ajax-loader-2x.gif\" border=0 \/><\/p>\n<div class=\"pvc_clear\"><\/div>\n","protected":false},"excerpt":{"rendered":"<p>Avrebbe voluto poter controllare il tempo a suo piacimento. Un giorno, un giornalista, sapendo di questo suo desiderio gli pose la domanda: perch\u00e9 vuoi poter controllare il tempo? \u2018Semplice perch\u00e9 vorrei ridurlo nei periodi del dolore, della depressione, della malinconia, dell\u2019ascolto inutile di parole prive di senso, di parole vane e della fine di un [&hellip;]<\/p>\n<div class=\"pvc_clear\"><\/div>\n<p id=\"pvc_stats_9505\" class=\"pvc_stats all  \" data-element-id=\"9505\" style=\"\"><i class=\"pvc-stats-icon medium\" aria-hidden=\"true\"><svg aria-hidden=\"true\" focusable=\"false\" data-prefix=\"far\" data-icon=\"chart-bar\" role=\"img\" xmlns=\"http:\/\/www.w3.org\/2000\/svg\" viewBox=\"0 0 512 512\" class=\"svg-inline--fa fa-chart-bar fa-w-16 fa-2x\"><path fill=\"currentColor\" d=\"M396.8 352h22.4c6.4 0 12.8-6.4 12.8-12.8V108.8c0-6.4-6.4-12.8-12.8-12.8h-22.4c-6.4 0-12.8 6.4-12.8 12.8v230.4c0 6.4 6.4 12.8 12.8 12.8zm-192 0h22.4c6.4 0 12.8-6.4 12.8-12.8V140.8c0-6.4-6.4-12.8-12.8-12.8h-22.4c-6.4 0-12.8 6.4-12.8 12.8v198.4c0 6.4 6.4 12.8 12.8 12.8zm96 0h22.4c6.4 0 12.8-6.4 12.8-12.8V204.8c0-6.4-6.4-12.8-12.8-12.8h-22.4c-6.4 0-12.8 6.4-12.8 12.8v134.4c0 6.4 6.4 12.8 12.8 12.8zM496 400H48V80c0-8.84-7.16-16-16-16H16C7.16 64 0 71.16 0 80v336c0 17.67 14.33 32 32 32h464c8.84 0 16-7.16 16-16v-16c0-8.84-7.16-16-16-16zm-387.2-48h22.4c6.4 0 12.8-6.4 12.8-12.8v-70.4c0-6.4-6.4-12.8-12.8-12.8h-22.4c-6.4 0-12.8 6.4-12.8 12.8v70.4c0 6.4 6.4 12.8 12.8 12.8z\" class=\"\"><\/path><\/svg><\/i> <img loading=\"lazy\" decoding=\"async\" width=\"16\" height=\"16\" alt=\"Loading\" src=\"https:\/\/www.raccontinellarete.it\/301\/wp-content\/plugins\/page-views-count\/ajax-loader-2x.gif\" border=0 \/><\/p>\n<div class=\"pvc_clear\"><\/div>\n","protected":false},"author":2639,"featured_media":0,"comment_status":"open","ping_status":"closed","sticky":false,"template":"","format":"standard","meta":{"footnotes":""},"categories":[34],"tags":[],"class_list":["post-9505","post","type-post","status-publish","format-standard","hentry","category-premio-racconti-nella-rete-2012"],"_links":{"self":[{"href":"https:\/\/www.raccontinellarete.it\/index.php?rest_route=\/wp\/v2\/posts\/9505"}],"collection":[{"href":"https:\/\/www.raccontinellarete.it\/index.php?rest_route=\/wp\/v2\/posts"}],"about":[{"href":"https:\/\/www.raccontinellarete.it\/index.php?rest_route=\/wp\/v2\/types\/post"}],"author":[{"embeddable":true,"href":"https:\/\/www.raccontinellarete.it\/index.php?rest_route=\/wp\/v2\/users\/2639"}],"replies":[{"embeddable":true,"href":"https:\/\/www.raccontinellarete.it\/index.php?rest_route=%2Fwp%2Fv2%2Fcomments&post=9505"}],"version-history":[{"count":4,"href":"https:\/\/www.raccontinellarete.it\/index.php?rest_route=\/wp\/v2\/posts\/9505\/revisions"}],"predecessor-version":[{"id":9507,"href":"https:\/\/www.raccontinellarete.it\/index.php?rest_route=\/wp\/v2\/posts\/9505\/revisions\/9507"}],"wp:attachment":[{"href":"https:\/\/www.raccontinellarete.it\/index.php?rest_route=%2Fwp%2Fv2%2Fmedia&parent=9505"}],"wp:term":[{"taxonomy":"category","embeddable":true,"href":"https:\/\/www.raccontinellarete.it\/index.php?rest_route=%2Fwp%2Fv2%2Fcategories&post=9505"},{"taxonomy":"post_tag","embeddable":true,"href":"https:\/\/www.raccontinellarete.it\/index.php?rest_route=%2Fwp%2Fv2%2Ftags&post=9505"}],"curies":[{"name":"wp","href":"https:\/\/api.w.org\/{rel}","templated":true}]}}