{"id":9043,"date":"2012-04-25T16:56:35","date_gmt":"2012-04-25T15:56:35","guid":{"rendered":"http:\/\/www.raccontinellarete.it\/?p=9043"},"modified":"2012-04-25T16:56:35","modified_gmt":"2012-04-25T15:56:35","slug":"premio-racconti-per-corti-2012-vittorio-di-mirta-contessi","status":"publish","type":"post","link":"https:\/\/www.raccontinellarete.it\/?p=9043","title":{"rendered":"Premio Racconti per Corti 2012 &#8220;Vittorio&#8221; di Mirta Contessi"},"content":{"rendered":"<p>Era una notte di marzo, con una luna piena che filtrava \u00a0fra le nuvole. Vittorio usc\u00ec dal bar dopo la solita serata: un bicchiere di rosso al tavolo, la solita partita a beccaccino, i soliti somari che calano l\u2019asso al momento sbagliato, le solite dispute, magari quella sera un po\u2019 pi\u00f9 accese. Si incammin\u00f2 verso casa mentre si abbassava rumorosamente una saracinesca. In lontananza un cane abbai\u00f2 un paio di volte. Poi, silenzio: solo i suoi passi sulla terra ancora ghiacciata della carraia.<\/p>\n<p>No, non solo. Vittorio ud\u00ec uno strano rumore alle sue spalle, come un fruscio, come se ci fosse qualcuno che lo seguiva. Si ferm\u00f2 e si volt\u00f2 a guardare. Nessuno. Il rumore si era interrotto. Riprese a camminare e, di nuovo, lo risent\u00ec. Si gir\u00f2, sicuro di aver sentito qualcosa che si muoveva in sincronia con lui. Se lui camminava, qualcuno si muoveva dietro di lui, se si fermava non sentiva pi\u00f9 il misterioso inseguitore. Allung\u00f2 il passo, con una crescente inquietudine. \u00a0Chi l\u2019avesse visto camminare normalmente avrebbe potuto capire molto del suo carattere. Testa eretta, pancia vistosamente in fuori, gambe e piedi divaricati da \u201cpataca\u201d, come si dice da queste parti.<\/p>\n<p>Vittorio era cos\u00ec, spaccone e borioso. L\u2019avessero visto in quel momento non avrebbe fatto una gran bella figura. Camminava molto velocemente, anzi correva, scomposto, a tratti, e il rumore dietro di lui cresceva d\u2019intensit\u00e0. Non aveva dubbi: qualcuno lo rincorreva. Chi poteva essere? Cosa voleva da lui? E perch\u00e9 si nascondeva? Era un agguato? Il cuore gli pompava litri di sangue alle tempie. Aveva appena superato i campi del vicino e ora era sulle sue terre. Ancora trecento metri e poi\u00a0 poteva dirsi al sicuro, a casa. Non si volt\u00f2 pi\u00f9 a guardare chi lo tallonava: gli avrebbe solo dato del vantaggio.<\/p>\n<p>Corse fino a sentire che emetteva dei rantoli spaventosi e che gli stava scoppiando la milza. A pochi passi dal portone inciamp\u00f2 e rovin\u00f2 a terra, ma neppure allora si gir\u00f2 per vedere l\u2019incombente minaccia. Aiutandosi con le mani, a ginocchia piegate corse gli ultimi metri come un orango infoiato. Si rialz\u00f2 alla ricerca frenetica della chiave nella tasca della felpa col cappuccio, inzuppata del suo terrore. Apr\u00ec a fatica per il tremito della mano e accese la luce solo dopo aver chiusa la porta, appoggiandosi pesantemente ad essa con la schiena e lasciandosi poi scivolare, fino ad inginocchiarsi, spossato. Il rumore era cessato. La casa era silenziosa. Si rialz\u00f2 e cerc\u00f2 subito di togliere la pesante felpa che emetteva un odore acre. Fu allora che cap\u00ec e subito sbianc\u00f2 per la vergogna. Il cappuccio della felpa era stato riempito di frusciante carta di giornale\u00a0 dagli \u201camici\u201d del bar: solo uno scherzo organizzato dai soliti che non sopportavano pi\u00f9 le sue spacconate e la sua boria. Vittorio non ammise mai di essersela fatta sotto dalla paura, ma , dal giorno dopo, sembr\u00f2 a tutti un po\u2019 pi\u00f9 basso e un po\u2019 pi\u00f9 curvo.<\/p>\n<div class=\"pvc_clear\"><\/div>\n<p id=\"pvc_stats_9043\" class=\"pvc_stats all  \" data-element-id=\"9043\" style=\"\"><i class=\"pvc-stats-icon medium\" aria-hidden=\"true\"><svg aria-hidden=\"true\" focusable=\"false\" data-prefix=\"far\" data-icon=\"chart-bar\" role=\"img\" xmlns=\"http:\/\/www.w3.org\/2000\/svg\" viewBox=\"0 0 512 512\" class=\"svg-inline--fa fa-chart-bar fa-w-16 fa-2x\"><path fill=\"currentColor\" d=\"M396.8 352h22.4c6.4 0 12.8-6.4 12.8-12.8V108.8c0-6.4-6.4-12.8-12.8-12.8h-22.4c-6.4 0-12.8 6.4-12.8 12.8v230.4c0 6.4 6.4 12.8 12.8 12.8zm-192 0h22.4c6.4 0 12.8-6.4 12.8-12.8V140.8c0-6.4-6.4-12.8-12.8-12.8h-22.4c-6.4 0-12.8 6.4-12.8 12.8v198.4c0 6.4 6.4 12.8 12.8 12.8zm96 0h22.4c6.4 0 12.8-6.4 12.8-12.8V204.8c0-6.4-6.4-12.8-12.8-12.8h-22.4c-6.4 0-12.8 6.4-12.8 12.8v134.4c0 6.4 6.4 12.8 12.8 12.8zM496 400H48V80c0-8.84-7.16-16-16-16H16C7.16 64 0 71.16 0 80v336c0 17.67 14.33 32 32 32h464c8.84 0 16-7.16 16-16v-16c0-8.84-7.16-16-16-16zm-387.2-48h22.4c6.4 0 12.8-6.4 12.8-12.8v-70.4c0-6.4-6.4-12.8-12.8-12.8h-22.4c-6.4 0-12.8 6.4-12.8 12.8v70.4c0 6.4 6.4 12.8 12.8 12.8z\" class=\"\"><\/path><\/svg><\/i> <img loading=\"lazy\" decoding=\"async\" width=\"16\" height=\"16\" alt=\"Loading\" src=\"https:\/\/www.raccontinellarete.it\/301\/wp-content\/plugins\/page-views-count\/ajax-loader-2x.gif\" border=0 \/><\/p>\n<div class=\"pvc_clear\"><\/div>\n","protected":false},"excerpt":{"rendered":"<p>Era una notte di marzo, con una luna piena che filtrava \u00a0fra le nuvole. Vittorio usc\u00ec dal bar dopo la solita serata: un bicchiere di rosso al tavolo, la solita partita a beccaccino, i soliti somari che calano l\u2019asso al momento sbagliato, le solite dispute, magari quella sera un po\u2019 pi\u00f9 accese. Si incammin\u00f2 verso [&hellip;]<\/p>\n<div class=\"pvc_clear\"><\/div>\n<p id=\"pvc_stats_9043\" class=\"pvc_stats all  \" data-element-id=\"9043\" style=\"\"><i class=\"pvc-stats-icon medium\" aria-hidden=\"true\"><svg aria-hidden=\"true\" focusable=\"false\" data-prefix=\"far\" data-icon=\"chart-bar\" role=\"img\" xmlns=\"http:\/\/www.w3.org\/2000\/svg\" viewBox=\"0 0 512 512\" class=\"svg-inline--fa fa-chart-bar fa-w-16 fa-2x\"><path fill=\"currentColor\" d=\"M396.8 352h22.4c6.4 0 12.8-6.4 12.8-12.8V108.8c0-6.4-6.4-12.8-12.8-12.8h-22.4c-6.4 0-12.8 6.4-12.8 12.8v230.4c0 6.4 6.4 12.8 12.8 12.8zm-192 0h22.4c6.4 0 12.8-6.4 12.8-12.8V140.8c0-6.4-6.4-12.8-12.8-12.8h-22.4c-6.4 0-12.8 6.4-12.8 12.8v198.4c0 6.4 6.4 12.8 12.8 12.8zm96 0h22.4c6.4 0 12.8-6.4 12.8-12.8V204.8c0-6.4-6.4-12.8-12.8-12.8h-22.4c-6.4 0-12.8 6.4-12.8 12.8v134.4c0 6.4 6.4 12.8 12.8 12.8zM496 400H48V80c0-8.84-7.16-16-16-16H16C7.16 64 0 71.16 0 80v336c0 17.67 14.33 32 32 32h464c8.84 0 16-7.16 16-16v-16c0-8.84-7.16-16-16-16zm-387.2-48h22.4c6.4 0 12.8-6.4 12.8-12.8v-70.4c0-6.4-6.4-12.8-12.8-12.8h-22.4c-6.4 0-12.8 6.4-12.8 12.8v70.4c0 6.4 6.4 12.8 12.8 12.8z\" class=\"\"><\/path><\/svg><\/i> <img loading=\"lazy\" decoding=\"async\" width=\"16\" height=\"16\" alt=\"Loading\" src=\"https:\/\/www.raccontinellarete.it\/301\/wp-content\/plugins\/page-views-count\/ajax-loader-2x.gif\" border=0 \/><\/p>\n<div class=\"pvc_clear\"><\/div>\n","protected":false},"author":2534,"featured_media":0,"comment_status":"open","ping_status":"closed","sticky":false,"template":"","format":"standard","meta":{"footnotes":""},"categories":[35],"tags":[],"class_list":["post-9043","post","type-post","status-publish","format-standard","hentry","category-premio-racconti-per-corti-2012"],"_links":{"self":[{"href":"https:\/\/www.raccontinellarete.it\/index.php?rest_route=\/wp\/v2\/posts\/9043"}],"collection":[{"href":"https:\/\/www.raccontinellarete.it\/index.php?rest_route=\/wp\/v2\/posts"}],"about":[{"href":"https:\/\/www.raccontinellarete.it\/index.php?rest_route=\/wp\/v2\/types\/post"}],"author":[{"embeddable":true,"href":"https:\/\/www.raccontinellarete.it\/index.php?rest_route=\/wp\/v2\/users\/2534"}],"replies":[{"embeddable":true,"href":"https:\/\/www.raccontinellarete.it\/index.php?rest_route=%2Fwp%2Fv2%2Fcomments&post=9043"}],"version-history":[{"count":3,"href":"https:\/\/www.raccontinellarete.it\/index.php?rest_route=\/wp\/v2\/posts\/9043\/revisions"}],"predecessor-version":[{"id":9104,"href":"https:\/\/www.raccontinellarete.it\/index.php?rest_route=\/wp\/v2\/posts\/9043\/revisions\/9104"}],"wp:attachment":[{"href":"https:\/\/www.raccontinellarete.it\/index.php?rest_route=%2Fwp%2Fv2%2Fmedia&parent=9043"}],"wp:term":[{"taxonomy":"category","embeddable":true,"href":"https:\/\/www.raccontinellarete.it\/index.php?rest_route=%2Fwp%2Fv2%2Fcategories&post=9043"},{"taxonomy":"post_tag","embeddable":true,"href":"https:\/\/www.raccontinellarete.it\/index.php?rest_route=%2Fwp%2Fv2%2Ftags&post=9043"}],"curies":[{"name":"wp","href":"https:\/\/api.w.org\/{rel}","templated":true}]}}