{"id":9035,"date":"2012-04-25T16:41:00","date_gmt":"2012-04-25T15:41:00","guid":{"rendered":"http:\/\/www.raccontinellarete.it\/?p=9035"},"modified":"2012-04-25T16:41:00","modified_gmt":"2012-04-25T15:41:00","slug":"premio-racconti-nella-rete-2012-fantasia-reale-di-saverio-polifroni","status":"publish","type":"post","link":"https:\/\/www.raccontinellarete.it\/?p=9035","title":{"rendered":"Premio Racconti nella Rete 2012 &#8220;Fantasia reale&#8221; di Saverio Polifroni"},"content":{"rendered":"<p>Mi\u00a0 sembra di dormire o forse son desto..forse sto lasciando questo mondo o forse sto venendo ad esistenza..non lo so,sento solo che mi ritrovo a camminare lungo una via buia,leggermente in pendenza,sono circondato ed accompagnato da ronzii incessanti..elicotteri?\u00a0 Vespe? Non riesco a capire,tutt\u2019intorno a me \u00e8 buio,ma ho come la sensazione che questi suoni non mi nuoceranno anzi sembrano un dolce ed armonioso sottofondo d\u2019accompagnamento. Percorrendo questa via sento odori,fragranze,respiro l\u2019essenza di una primula,mi avvolge l\u2019odore caldo e rassicurante di una pane fatto in casa e appena sfornato. Mi\u00a0 si piantano davanti due funghi..riesco ad identificarli perch\u00e9 brillano e con un po\u2019 di chiarore illuminano anche ci\u00f2 che mi circonda..scorgo tutta una vita intorno a me..rimango parecchio sorpreso ma ecco che al mio viso di stupore corrisponde un\u2019ombra nera come la notte senza luna che avvolge tutto ci\u00f2 che quella mistica luce proveniente dai funghi aveva illuminato. Dalle mie parole sembrerebbero due funghi allucinogeni! Tranquilli,non ne faccio uso!! Sono pi\u00f9 lucido che mai adesso,non sono mai stato cos\u00ec lucido e consapevole,non sono mai stato cos\u00ec vivo. Questi due funghi aleggiano di fronte a me,sospesi per aria e fluttuanti come una barca sul mare mosso. Uno \u00e8 color verde veronese,l\u2019altro \u00e8 color giallo ocra. Sembra la riedizione di qualche racconto fantastico o di qualche film fantascientifico ma non \u00e8 cos\u00ec, non assagger\u00f2 nessuno dei due funghi modificando di conseguenza il mio aspetto fisico o il mio destino..sono solo qui per rammentarmi che la vita \u00e8 fatta di scelte spesso molto difficili e vogliono dirmi che anche decidere di non decidere \u00e8 una decisione..e forse \u00e8 la cosa migliore da farsi quando si vogliono attendere sviluppi o rassicurazioni. Mi muovo ancora,ma mi muovo quando son fermo,perch\u00e9 un leggero scirocco mi spinge lungo la via..\u00e8 un bel tepore da sentirsi sulla pelle..mi fa avanzare con leggerezza\u00a0 e leggiadria..racchiude le voci di gente a me cara ma che non riesco a riconoscere..o forse non ho neanche mai conosciuto..mi chiamano..mi incitano e mi mettono in allerta,forse ho fatto bene a non assaggiare quei due miceti,forse erano queste le conferme e le sicurezze che cercavo. Ora son solo,n\u00e9 il vento n\u00e9 le voci mi guidano,ma mi si para davanti un mostro mitologico..qualcosa di simile a un Cerbero con tre teste..o a un Giano bifronte? Essendo nell\u2019oscurit\u00e0 non riesco a capire,ma sento un frastuono infernale e un fumo che innalza vertiginosamente la temperatura attorno a me. Mi serve un\u2019arma,non voglio fare l\u2019eroe della situazione,devo solo preservare me stesso e quelle voci che mi incitavano! Non \u00a0posso deluderle..erano cos\u00ec convinte,incessanti,fiduciose..erano miele per le mie orecchie..un caldo sollievo..un dolce navigare..erano tutto per me! Devo proteggerle,non posso deluderle,no davvero! Il fungo giallo ocra illumina un giavellotto ai miei piedi (che strano..ero convinto che mi avrebbe aiutato il fungo verde veronese..sar\u00e0 che \u00e8 il mio colore preferito..ma non sempre le cose belle sono anche le pi\u00f9 utili). Afferro con decisione quest\u2019arma cos\u00ec slanciata e fatale,la scaglio verso quei ruggiti agghiaccianti ma mi accorgo che ora c\u2019\u00e8 quiete attorno a me. Al posto dei ronzii c\u2019\u00e8 un canto di uccelli..rimango piacevolmente stupito..forse era tutto un mettermi alla prova per vedere se avrei reagito..penso che in questo caso sarebbe stato controproducente decidere di non decidere..non si pu\u00f2 sempre subire passivamente..a volte la miglior difesa \u00e8 l\u2019attacco! Tieni lontano il pericolo da te cercando di scongiurarlo tu per primo,prima che sia troppo tardi! Insieme a quel dolce cinguettio appare davanti a me una Fata..\u00e8 bella e splendente come il sole..brilla come le stelle..sprigiona cotanta lucentezza che illumina tutto ci\u00f2 che mi circonda..la sua luce \u00e8 cos\u00ec devastante che vedo tutto sin troppo bene: vedo cose stupende che spero di vivere e possedere..vedo cose orribili che spero non mi tocchino mai,ma ho la rassegnata certezza che vivr\u00f2 entrambe le cose,sar\u00e0 solo da vedere quali in misura maggiore e quali in quella minore..penso sia ci\u00f2 che render\u00e0 la vita pi\u00f9 o meno felice,ma comunque certamente degna di essere vissuta,non fosse altro per vedere come andr\u00e0 a finire! Questa Dea che tutto ha illuminato mi sorride..e sorridendo tutto brilla ancor di pi\u00f9! Ha gli occhi cos\u00ec grandi e lucenti che parlano da soli..i suoi occhi parlano pi\u00f9 dei suoi silenzi. Ha la bocca soave e morbida come i petali di una rosa..con quella bocca potrebbe dire ogni sacrosanta verit\u00e0..ma non emette suoni..solo sorrisi luminosi (e vi pare poco?). Cari lettori voi non eravate l\u00ec, io fortunatamente s\u00ec! Fidatevi bastavano quei sorrisi per illuminare il mondo,non doveva aggiungere altro. Al centro del suo viso trova posto un nasino cos\u00ec bello e delicato che se respirasse fumi tossici li trasformerebbe in odori di Primavera..il suo respiro \u00e8 stupendo..respirerei solo per respirarla. Possiede capelli scuri e lunghissimi..e quello scirocco che prima mi accompagnava ora spinge questi fili setati verso me e fa s\u00ec che mi avvolgano completamente..starei qui per sempre! Il suo corpo \u00e8 statuario..sinuoso..sontuoso..direi giunonico! Emana degli odori cos\u00ec buoni che non mi riesce renderli con le parole..\u00e8 cosi bella e odorosa che starei qui a descriverla per altre due o tre vite..ma non posso..devo capire come finisce la mia! Mi tende la mano e a gesti mi spinge verso una luce fioca in fondo a questa via che era buia,ma che da quando c\u2019\u00e8 lei \u00e8 pi\u00f9 chiara che mai. Corro verso quel tenue bagliore,corro ma ripetutamente mi volto per poter godere ancora di quella Principessa,pi\u00f9 corro e pi\u00f9 quelle voci amichevoli mi spingono. Giungo al mio obiettivo che da lontano non distinguevo bene ma che da vicino ha le sembianze di un piccolo obl\u00f2. Guardo attraverso il suo vetro e vedo un ragazzo che scrive..ha l\u2019espressione sognante..sembra molto preso. Mi sembra di dormire o forse son desto..ho fatto un lungo percorso..forse quel sentiero buio e quel mostro cos\u00ec terribile erano la mia vita che \u00e8 ricca di ostacoli da superare\u2026forse quelle voci erano quelle dei miei cari e dei miei amici..forse quei due funghi erano i miei genitori (che saranno molto contenti del paragone boschivo scelto per loro!)..e forse quella splendida Fata era la donna che amo. Mi hanno sempre incitato e mi son sempre stati vicino. Ma dormo o sono sveglio? E se dormo come faccio a scrivere? Sicuramente sogno..inconsciamente immagino ci\u00f2 che voglio da sempre. Non so se sto venendo ad esistenza e dunque immagino la vita che mi potrebbe attendere o se sto lasciando questo mondo e nostalgico ricordo ci\u00f2 che mai pi\u00f9 sar\u00e0.<\/p>\n<p>&nbsp;<\/p>\n<div class=\"pvc_clear\"><\/div>\n<p id=\"pvc_stats_9035\" class=\"pvc_stats all  \" data-element-id=\"9035\" style=\"\"><i class=\"pvc-stats-icon medium\" aria-hidden=\"true\"><svg aria-hidden=\"true\" focusable=\"false\" data-prefix=\"far\" data-icon=\"chart-bar\" role=\"img\" xmlns=\"http:\/\/www.w3.org\/2000\/svg\" viewBox=\"0 0 512 512\" class=\"svg-inline--fa fa-chart-bar fa-w-16 fa-2x\"><path fill=\"currentColor\" d=\"M396.8 352h22.4c6.4 0 12.8-6.4 12.8-12.8V108.8c0-6.4-6.4-12.8-12.8-12.8h-22.4c-6.4 0-12.8 6.4-12.8 12.8v230.4c0 6.4 6.4 12.8 12.8 12.8zm-192 0h22.4c6.4 0 12.8-6.4 12.8-12.8V140.8c0-6.4-6.4-12.8-12.8-12.8h-22.4c-6.4 0-12.8 6.4-12.8 12.8v198.4c0 6.4 6.4 12.8 12.8 12.8zm96 0h22.4c6.4 0 12.8-6.4 12.8-12.8V204.8c0-6.4-6.4-12.8-12.8-12.8h-22.4c-6.4 0-12.8 6.4-12.8 12.8v134.4c0 6.4 6.4 12.8 12.8 12.8zM496 400H48V80c0-8.84-7.16-16-16-16H16C7.16 64 0 71.16 0 80v336c0 17.67 14.33 32 32 32h464c8.84 0 16-7.16 16-16v-16c0-8.84-7.16-16-16-16zm-387.2-48h22.4c6.4 0 12.8-6.4 12.8-12.8v-70.4c0-6.4-6.4-12.8-12.8-12.8h-22.4c-6.4 0-12.8 6.4-12.8 12.8v70.4c0 6.4 6.4 12.8 12.8 12.8z\" class=\"\"><\/path><\/svg><\/i> <img loading=\"lazy\" decoding=\"async\" width=\"16\" height=\"16\" alt=\"Loading\" src=\"https:\/\/www.raccontinellarete.it\/301\/wp-content\/plugins\/page-views-count\/ajax-loader-2x.gif\" border=0 \/><\/p>\n<div class=\"pvc_clear\"><\/div>\n","protected":false},"excerpt":{"rendered":"<p>Mi\u00a0 sembra di dormire o forse son desto..forse sto lasciando questo mondo o forse sto venendo ad esistenza..non lo so,sento solo che mi ritrovo a camminare lungo una via buia,leggermente in pendenza,sono circondato ed accompagnato da ronzii incessanti..elicotteri?\u00a0 Vespe? Non riesco a capire,tutt\u2019intorno a me \u00e8 buio,ma ho come la sensazione che questi suoni non [&hellip;]<\/p>\n<div class=\"pvc_clear\"><\/div>\n<p id=\"pvc_stats_9035\" class=\"pvc_stats all  \" data-element-id=\"9035\" style=\"\"><i class=\"pvc-stats-icon medium\" aria-hidden=\"true\"><svg aria-hidden=\"true\" focusable=\"false\" data-prefix=\"far\" data-icon=\"chart-bar\" role=\"img\" xmlns=\"http:\/\/www.w3.org\/2000\/svg\" viewBox=\"0 0 512 512\" class=\"svg-inline--fa fa-chart-bar fa-w-16 fa-2x\"><path fill=\"currentColor\" d=\"M396.8 352h22.4c6.4 0 12.8-6.4 12.8-12.8V108.8c0-6.4-6.4-12.8-12.8-12.8h-22.4c-6.4 0-12.8 6.4-12.8 12.8v230.4c0 6.4 6.4 12.8 12.8 12.8zm-192 0h22.4c6.4 0 12.8-6.4 12.8-12.8V140.8c0-6.4-6.4-12.8-12.8-12.8h-22.4c-6.4 0-12.8 6.4-12.8 12.8v198.4c0 6.4 6.4 12.8 12.8 12.8zm96 0h22.4c6.4 0 12.8-6.4 12.8-12.8V204.8c0-6.4-6.4-12.8-12.8-12.8h-22.4c-6.4 0-12.8 6.4-12.8 12.8v134.4c0 6.4 6.4 12.8 12.8 12.8zM496 400H48V80c0-8.84-7.16-16-16-16H16C7.16 64 0 71.16 0 80v336c0 17.67 14.33 32 32 32h464c8.84 0 16-7.16 16-16v-16c0-8.84-7.16-16-16-16zm-387.2-48h22.4c6.4 0 12.8-6.4 12.8-12.8v-70.4c0-6.4-6.4-12.8-12.8-12.8h-22.4c-6.4 0-12.8 6.4-12.8 12.8v70.4c0 6.4 6.4 12.8 12.8 12.8z\" class=\"\"><\/path><\/svg><\/i> <img loading=\"lazy\" decoding=\"async\" width=\"16\" height=\"16\" alt=\"Loading\" src=\"https:\/\/www.raccontinellarete.it\/301\/wp-content\/plugins\/page-views-count\/ajax-loader-2x.gif\" border=0 \/><\/p>\n<div class=\"pvc_clear\"><\/div>\n","protected":false},"author":2580,"featured_media":0,"comment_status":"open","ping_status":"closed","sticky":false,"template":"","format":"standard","meta":{"footnotes":""},"categories":[34],"tags":[],"class_list":["post-9035","post","type-post","status-publish","format-standard","hentry","category-premio-racconti-nella-rete-2012"],"_links":{"self":[{"href":"https:\/\/www.raccontinellarete.it\/index.php?rest_route=\/wp\/v2\/posts\/9035"}],"collection":[{"href":"https:\/\/www.raccontinellarete.it\/index.php?rest_route=\/wp\/v2\/posts"}],"about":[{"href":"https:\/\/www.raccontinellarete.it\/index.php?rest_route=\/wp\/v2\/types\/post"}],"author":[{"embeddable":true,"href":"https:\/\/www.raccontinellarete.it\/index.php?rest_route=\/wp\/v2\/users\/2580"}],"replies":[{"embeddable":true,"href":"https:\/\/www.raccontinellarete.it\/index.php?rest_route=%2Fwp%2Fv2%2Fcomments&post=9035"}],"version-history":[{"count":4,"href":"https:\/\/www.raccontinellarete.it\/index.php?rest_route=\/wp\/v2\/posts\/9035\/revisions"}],"predecessor-version":[{"id":9038,"href":"https:\/\/www.raccontinellarete.it\/index.php?rest_route=\/wp\/v2\/posts\/9035\/revisions\/9038"}],"wp:attachment":[{"href":"https:\/\/www.raccontinellarete.it\/index.php?rest_route=%2Fwp%2Fv2%2Fmedia&parent=9035"}],"wp:term":[{"taxonomy":"category","embeddable":true,"href":"https:\/\/www.raccontinellarete.it\/index.php?rest_route=%2Fwp%2Fv2%2Fcategories&post=9035"},{"taxonomy":"post_tag","embeddable":true,"href":"https:\/\/www.raccontinellarete.it\/index.php?rest_route=%2Fwp%2Fv2%2Ftags&post=9035"}],"curies":[{"name":"wp","href":"https:\/\/api.w.org\/{rel}","templated":true}]}}