{"id":8931,"date":"2012-04-19T18:16:35","date_gmt":"2012-04-19T17:16:35","guid":{"rendered":"http:\/\/www.raccontinellarete.it\/?p=8931"},"modified":"2012-04-19T18:16:58","modified_gmt":"2012-04-19T17:16:58","slug":"premio-racconti-nella-rete-2012-ricordati-cosa-hai-promesso-di-roberto-giorni","status":"publish","type":"post","link":"https:\/\/www.raccontinellarete.it\/?p=8931","title":{"rendered":"Premio Racconti per Corti 2012 &#8220;Ricordati cosa hai promesso!&#8221; di Roberto Giorni"},"content":{"rendered":"<p>Sonia e Patrick passeggiano mano nella mano in una strada di campagna e sorridono mentre osservano con aria soddisfatta il paesaggio intorno a loro. Si fermano, lei soffia sul viso del ragazzo come a voler spegnere delle candeline. Sonia si discosta un poco, ma Patrick si riavvicina baciandola sulla bocca per alcuni secondi. Fra qualche settimana a distanza di pochi giorni l&#8217;uno dall&#8217;altra, entrambi compiranno diciotto anni, intanto si divertono punzecchiandosi riguardo a chi sar\u00e0 capace di organizzare la festa pi\u00f9 memorabile.<\/p>\n<p>Gli innamorati giungono ad una casa in fase di costruzione e vi entrano da quello che ha l&#8217;aria di esserne l&#8217;ingresso principale. I lavori pur essendo allo stato rustico sembrano eseguiti molto bene. I due si spostano allegri e curiosi da un vano all&#8217;altro facendo delle ipotesi su chi potrebbe essere il fortunato proprietario che andr\u00e0 ad abitarvi una volta ultimata. Poi salgono una scalinata che li conduce al piano di sopra, ma rimangono di stucco appena si accorgono che disteso sul pavimento c&#8217;\u00e8 un uomo brizzolato, cinquantenne forse pi\u00f9, ben vestito, la cui fronte appare molto tumefatta, cos\u00ec come una parte del viso. Lo osservano da vicino, sembra un tipo mai visto prima, purtroppo non da alcun segno di vita, potrebbe essere l\u00ec da pi\u00f9 di una settimana. Sonia e Patrick tornano al piano di sotto con aria mesta e senza parlare escono dalla casa. Alcuni giorni dopo qualcuno ha dato l&#8217;allarme, le forze dell&#8217;ordine prendono i rilievi dentro la casa cantiere e gli addetti portano via la salma dell&#8217;uomo brizzolato.<\/p>\n<p>Altrove, nel reparto maternit\u00e0 di un ospedale, Veronica tiene fra le braccia una neonata. La neo mamma ha diciannove anni, ha un aria pensierosa mentre ascolta i propri genitori che, da poco diventati nonni, vorrebbero potersi sentire felici. Essi ripetono a Veronica con tono grave uno dopo l&#8217;altra, una frase identica: &#8220;Ricordati cosa hai promesso!&#8221; Veronica risponde urlando che vuole essere lasciata in pace! Un flashback mostra Veronica che si tocca l&#8217;abbondante pancione mentre \u00e8 seduta sul divano. I suoi genitori le chiedono con insistenza chi \u00e8 il padre della bambina che lei aspetta. Veronica promette che lo sveler\u00e0 soltanto un mese dopo la nascita della bimba. Un altro flashback ci porta nella casa in costruzione, laddove un uomo brizzolato, over cinquanta, ben vestito, parla rabbiosamente all&#8217;impaurita Veronica rimproverandola per non avere voluto abortire quando era ancora in tempo. L&#8217;uomo ha il terrore che Veronica dir\u00e0 a tutti che lui \u00e8 il vero padre della bimba che presto nascer\u00e0, quindi egli abbranca Veronica per le spalle strattonandola in maniera energica. Lei gli implora di smetterla, lui fa due passi indietro. Veronica si incammina verso un altro vano della casa cantiere, lui prova ad inseguirla, per\u00f2 nella foga inciampa in una pila di mattonelle che lo fanno stramazzare molto rovinosamente a terra, dove rimane immobile.<\/p>\n<p>&nbsp;<\/p>\n<p>&nbsp;<\/p>\n<div class=\"pvc_clear\"><\/div>\n<p id=\"pvc_stats_8931\" class=\"pvc_stats all  \" data-element-id=\"8931\" style=\"\"><i class=\"pvc-stats-icon medium\" aria-hidden=\"true\"><svg aria-hidden=\"true\" focusable=\"false\" data-prefix=\"far\" data-icon=\"chart-bar\" role=\"img\" xmlns=\"http:\/\/www.w3.org\/2000\/svg\" viewBox=\"0 0 512 512\" class=\"svg-inline--fa fa-chart-bar fa-w-16 fa-2x\"><path fill=\"currentColor\" d=\"M396.8 352h22.4c6.4 0 12.8-6.4 12.8-12.8V108.8c0-6.4-6.4-12.8-12.8-12.8h-22.4c-6.4 0-12.8 6.4-12.8 12.8v230.4c0 6.4 6.4 12.8 12.8 12.8zm-192 0h22.4c6.4 0 12.8-6.4 12.8-12.8V140.8c0-6.4-6.4-12.8-12.8-12.8h-22.4c-6.4 0-12.8 6.4-12.8 12.8v198.4c0 6.4 6.4 12.8 12.8 12.8zm96 0h22.4c6.4 0 12.8-6.4 12.8-12.8V204.8c0-6.4-6.4-12.8-12.8-12.8h-22.4c-6.4 0-12.8 6.4-12.8 12.8v134.4c0 6.4 6.4 12.8 12.8 12.8zM496 400H48V80c0-8.84-7.16-16-16-16H16C7.16 64 0 71.16 0 80v336c0 17.67 14.33 32 32 32h464c8.84 0 16-7.16 16-16v-16c0-8.84-7.16-16-16-16zm-387.2-48h22.4c6.4 0 12.8-6.4 12.8-12.8v-70.4c0-6.4-6.4-12.8-12.8-12.8h-22.4c-6.4 0-12.8 6.4-12.8 12.8v70.4c0 6.4 6.4 12.8 12.8 12.8z\" class=\"\"><\/path><\/svg><\/i> <img loading=\"lazy\" decoding=\"async\" width=\"16\" height=\"16\" alt=\"Loading\" src=\"https:\/\/www.raccontinellarete.it\/301\/wp-content\/plugins\/page-views-count\/ajax-loader-2x.gif\" border=0 \/><\/p>\n<div class=\"pvc_clear\"><\/div>\n","protected":false},"excerpt":{"rendered":"<p>Sonia e Patrick passeggiano mano nella mano in una strada di campagna e sorridono mentre osservano con aria soddisfatta il paesaggio intorno a loro. Si fermano, lei soffia sul viso del ragazzo come a voler spegnere delle candeline. Sonia si discosta un poco, ma Patrick si riavvicina baciandola sulla bocca per alcuni secondi. Fra qualche [&hellip;]<\/p>\n<div class=\"pvc_clear\"><\/div>\n<p id=\"pvc_stats_8931\" class=\"pvc_stats all  \" data-element-id=\"8931\" style=\"\"><i class=\"pvc-stats-icon medium\" aria-hidden=\"true\"><svg aria-hidden=\"true\" focusable=\"false\" data-prefix=\"far\" data-icon=\"chart-bar\" role=\"img\" xmlns=\"http:\/\/www.w3.org\/2000\/svg\" viewBox=\"0 0 512 512\" class=\"svg-inline--fa fa-chart-bar fa-w-16 fa-2x\"><path fill=\"currentColor\" d=\"M396.8 352h22.4c6.4 0 12.8-6.4 12.8-12.8V108.8c0-6.4-6.4-12.8-12.8-12.8h-22.4c-6.4 0-12.8 6.4-12.8 12.8v230.4c0 6.4 6.4 12.8 12.8 12.8zm-192 0h22.4c6.4 0 12.8-6.4 12.8-12.8V140.8c0-6.4-6.4-12.8-12.8-12.8h-22.4c-6.4 0-12.8 6.4-12.8 12.8v198.4c0 6.4 6.4 12.8 12.8 12.8zm96 0h22.4c6.4 0 12.8-6.4 12.8-12.8V204.8c0-6.4-6.4-12.8-12.8-12.8h-22.4c-6.4 0-12.8 6.4-12.8 12.8v134.4c0 6.4 6.4 12.8 12.8 12.8zM496 400H48V80c0-8.84-7.16-16-16-16H16C7.16 64 0 71.16 0 80v336c0 17.67 14.33 32 32 32h464c8.84 0 16-7.16 16-16v-16c0-8.84-7.16-16-16-16zm-387.2-48h22.4c6.4 0 12.8-6.4 12.8-12.8v-70.4c0-6.4-6.4-12.8-12.8-12.8h-22.4c-6.4 0-12.8 6.4-12.8 12.8v70.4c0 6.4 6.4 12.8 12.8 12.8z\" class=\"\"><\/path><\/svg><\/i> <img loading=\"lazy\" decoding=\"async\" width=\"16\" height=\"16\" alt=\"Loading\" src=\"https:\/\/www.raccontinellarete.it\/301\/wp-content\/plugins\/page-views-count\/ajax-loader-2x.gif\" border=0 \/><\/p>\n<div class=\"pvc_clear\"><\/div>\n","protected":false},"author":1333,"featured_media":0,"comment_status":"open","ping_status":"closed","sticky":false,"template":"","format":"standard","meta":{"footnotes":""},"categories":[35],"tags":[],"class_list":["post-8931","post","type-post","status-publish","format-standard","hentry","category-premio-racconti-per-corti-2012"],"_links":{"self":[{"href":"https:\/\/www.raccontinellarete.it\/index.php?rest_route=\/wp\/v2\/posts\/8931"}],"collection":[{"href":"https:\/\/www.raccontinellarete.it\/index.php?rest_route=\/wp\/v2\/posts"}],"about":[{"href":"https:\/\/www.raccontinellarete.it\/index.php?rest_route=\/wp\/v2\/types\/post"}],"author":[{"embeddable":true,"href":"https:\/\/www.raccontinellarete.it\/index.php?rest_route=\/wp\/v2\/users\/1333"}],"replies":[{"embeddable":true,"href":"https:\/\/www.raccontinellarete.it\/index.php?rest_route=%2Fwp%2Fv2%2Fcomments&post=8931"}],"version-history":[{"count":5,"href":"https:\/\/www.raccontinellarete.it\/index.php?rest_route=\/wp\/v2\/posts\/8931\/revisions"}],"predecessor-version":[{"id":8973,"href":"https:\/\/www.raccontinellarete.it\/index.php?rest_route=\/wp\/v2\/posts\/8931\/revisions\/8973"}],"wp:attachment":[{"href":"https:\/\/www.raccontinellarete.it\/index.php?rest_route=%2Fwp%2Fv2%2Fmedia&parent=8931"}],"wp:term":[{"taxonomy":"category","embeddable":true,"href":"https:\/\/www.raccontinellarete.it\/index.php?rest_route=%2Fwp%2Fv2%2Fcategories&post=8931"},{"taxonomy":"post_tag","embeddable":true,"href":"https:\/\/www.raccontinellarete.it\/index.php?rest_route=%2Fwp%2Fv2%2Ftags&post=8931"}],"curies":[{"name":"wp","href":"https:\/\/api.w.org\/{rel}","templated":true}]}}