{"id":8891,"date":"2012-04-14T18:36:01","date_gmt":"2012-04-14T17:36:01","guid":{"rendered":"http:\/\/www.raccontinellarete.it\/?p=8891"},"modified":"2012-04-14T18:36:01","modified_gmt":"2012-04-14T17:36:01","slug":"premio-racconti-nella-rete-2012-favola-ignota-sezione-racconti-per-bambini-di-fabiana-colangelo","status":"publish","type":"post","link":"https:\/\/www.raccontinellarete.it\/?p=8891","title":{"rendered":"Premio Racconti nella Rete 2012 &#8220;Favola ignota&#8221; (sezione racconti per bambini) di Fabiana Colangelo"},"content":{"rendered":"<p>Una volta, tanto tempo fa, c&#8217;era una favola che non era mai stata raccontata.<\/p>\n<p>La si poteva trovare in ogni libro di fiabe, ma, vuoi per caso, vuoi per destino, nessuno la leggeva e cos\u00ec, nonostante la sua esistenza, rest\u00f2 ignota al mondo e lei attese invano di essere un giorno scelta per essere narrata.<\/p>\n<p>Non poteva nemmeno dir di s\u00e9 di essere una brutta favola, dal momento che, non essendo mai stata letta, nessuno aveva potuto dirne nulla ed esprimere un parere in merito alla storia di cui era portatrice.<\/p>\n<p>Con il tempo la favola divenne sempre pi\u00f9 triste. Ovunque sentiva raccontare delle sue colleghe fiabe: Cappuccetto Rosso, Biancaneve, persino i tre porcellini erano ormai famosi, ma nessuno sapeva di lei e della sua storia. Si sentiva molto infelice e lentamente cominci\u00f2 a perdere parti del suo racconto, prima di tutte quella in cui &#8220;tutti vissero felici e contenti&#8221;, dal momento che la sua tristezza le impediva ormai di contenere la felicit\u00e0. Tuttavia, sperava che qualcuno avesse potuto ancora notarla e dare inizio al suo racconto, almeno fin dove poteva narrarsi, visto che aveva ormai perso il finale. Nessuno per\u00f2 la not\u00f2 e cos\u00ec, a ritroso, and\u00f2 perdendo la sua storia fin su alle origini, al \u201cC\u2019era una volta\u201d, finch\u00e9 accadde che un giorno non ci fu pi\u00f9 e la favola scomparve senza che nessuno avesse mai avuto modo di accorgersi che c&#8217;era.<\/p>\n<p>Un giorno un bambino sedette sotto un albero e sogn\u00f2. Sogn\u00f2 che c\u2019era una volta una favola che non c\u2019\u00e8 pi\u00f9 e da sveglio decise di andarne alla ricerca. Il bambino cerc\u00f2 la favola per molti anni, ma cercandola dimentic\u00f2 di crescere e rimase sempre bambino.<\/p>\n<p>La sua storia fece il giro del mondo. Si narrava del bambino che non era cresciuto e che cercava da sempre una favola. Erano tutti stupiti ed entusiasti del tempo che s\u2019era fermato sul volto e sull\u2019animo di questo fanciullo che era bello come il primo giorno di sole che l\u2019aveva visto al mondo. Presto tutti, bambini e adulti, gli anziani per primi, si misero alla ricerca della favola nella speranza di poter ritrovare la fanciullezza perduta o conservarla per sempre.<\/p>\n<p>Si dice, ancora oggi, che chi cerca le favole non pu\u00f2 crescere mai.<\/p>\n<p>&nbsp;<\/p>\n<div class=\"pvc_clear\"><\/div>\n<p id=\"pvc_stats_8891\" class=\"pvc_stats all  \" data-element-id=\"8891\" style=\"\"><i class=\"pvc-stats-icon medium\" aria-hidden=\"true\"><svg aria-hidden=\"true\" focusable=\"false\" data-prefix=\"far\" data-icon=\"chart-bar\" role=\"img\" xmlns=\"http:\/\/www.w3.org\/2000\/svg\" viewBox=\"0 0 512 512\" class=\"svg-inline--fa fa-chart-bar fa-w-16 fa-2x\"><path fill=\"currentColor\" d=\"M396.8 352h22.4c6.4 0 12.8-6.4 12.8-12.8V108.8c0-6.4-6.4-12.8-12.8-12.8h-22.4c-6.4 0-12.8 6.4-12.8 12.8v230.4c0 6.4 6.4 12.8 12.8 12.8zm-192 0h22.4c6.4 0 12.8-6.4 12.8-12.8V140.8c0-6.4-6.4-12.8-12.8-12.8h-22.4c-6.4 0-12.8 6.4-12.8 12.8v198.4c0 6.4 6.4 12.8 12.8 12.8zm96 0h22.4c6.4 0 12.8-6.4 12.8-12.8V204.8c0-6.4-6.4-12.8-12.8-12.8h-22.4c-6.4 0-12.8 6.4-12.8 12.8v134.4c0 6.4 6.4 12.8 12.8 12.8zM496 400H48V80c0-8.84-7.16-16-16-16H16C7.16 64 0 71.16 0 80v336c0 17.67 14.33 32 32 32h464c8.84 0 16-7.16 16-16v-16c0-8.84-7.16-16-16-16zm-387.2-48h22.4c6.4 0 12.8-6.4 12.8-12.8v-70.4c0-6.4-6.4-12.8-12.8-12.8h-22.4c-6.4 0-12.8 6.4-12.8 12.8v70.4c0 6.4 6.4 12.8 12.8 12.8z\" class=\"\"><\/path><\/svg><\/i> <img loading=\"lazy\" decoding=\"async\" width=\"16\" height=\"16\" alt=\"Loading\" src=\"https:\/\/www.raccontinellarete.it\/301\/wp-content\/plugins\/page-views-count\/ajax-loader-2x.gif\" border=0 \/><\/p>\n<div class=\"pvc_clear\"><\/div>\n","protected":false},"excerpt":{"rendered":"<p>Una volta, tanto tempo fa, c&#8217;era una favola che non era mai stata raccontata. La si poteva trovare in ogni libro di fiabe, ma, vuoi per caso, vuoi per destino, nessuno la leggeva e cos\u00ec, nonostante la sua esistenza, rest\u00f2 ignota al mondo e lei attese invano di essere un giorno scelta per essere narrata. [&hellip;]<\/p>\n<div class=\"pvc_clear\"><\/div>\n<p id=\"pvc_stats_8891\" class=\"pvc_stats all  \" data-element-id=\"8891\" style=\"\"><i class=\"pvc-stats-icon medium\" aria-hidden=\"true\"><svg aria-hidden=\"true\" focusable=\"false\" data-prefix=\"far\" data-icon=\"chart-bar\" role=\"img\" xmlns=\"http:\/\/www.w3.org\/2000\/svg\" viewBox=\"0 0 512 512\" class=\"svg-inline--fa fa-chart-bar fa-w-16 fa-2x\"><path fill=\"currentColor\" d=\"M396.8 352h22.4c6.4 0 12.8-6.4 12.8-12.8V108.8c0-6.4-6.4-12.8-12.8-12.8h-22.4c-6.4 0-12.8 6.4-12.8 12.8v230.4c0 6.4 6.4 12.8 12.8 12.8zm-192 0h22.4c6.4 0 12.8-6.4 12.8-12.8V140.8c0-6.4-6.4-12.8-12.8-12.8h-22.4c-6.4 0-12.8 6.4-12.8 12.8v198.4c0 6.4 6.4 12.8 12.8 12.8zm96 0h22.4c6.4 0 12.8-6.4 12.8-12.8V204.8c0-6.4-6.4-12.8-12.8-12.8h-22.4c-6.4 0-12.8 6.4-12.8 12.8v134.4c0 6.4 6.4 12.8 12.8 12.8zM496 400H48V80c0-8.84-7.16-16-16-16H16C7.16 64 0 71.16 0 80v336c0 17.67 14.33 32 32 32h464c8.84 0 16-7.16 16-16v-16c0-8.84-7.16-16-16-16zm-387.2-48h22.4c6.4 0 12.8-6.4 12.8-12.8v-70.4c0-6.4-6.4-12.8-12.8-12.8h-22.4c-6.4 0-12.8 6.4-12.8 12.8v70.4c0 6.4 6.4 12.8 12.8 12.8z\" class=\"\"><\/path><\/svg><\/i> <img loading=\"lazy\" decoding=\"async\" width=\"16\" height=\"16\" alt=\"Loading\" src=\"https:\/\/www.raccontinellarete.it\/301\/wp-content\/plugins\/page-views-count\/ajax-loader-2x.gif\" border=0 \/><\/p>\n<div class=\"pvc_clear\"><\/div>\n","protected":false},"author":2551,"featured_media":0,"comment_status":"open","ping_status":"closed","sticky":false,"template":"","format":"standard","meta":{"footnotes":""},"categories":[34],"tags":[],"class_list":["post-8891","post","type-post","status-publish","format-standard","hentry","category-premio-racconti-nella-rete-2012"],"_links":{"self":[{"href":"https:\/\/www.raccontinellarete.it\/index.php?rest_route=\/wp\/v2\/posts\/8891"}],"collection":[{"href":"https:\/\/www.raccontinellarete.it\/index.php?rest_route=\/wp\/v2\/posts"}],"about":[{"href":"https:\/\/www.raccontinellarete.it\/index.php?rest_route=\/wp\/v2\/types\/post"}],"author":[{"embeddable":true,"href":"https:\/\/www.raccontinellarete.it\/index.php?rest_route=\/wp\/v2\/users\/2551"}],"replies":[{"embeddable":true,"href":"https:\/\/www.raccontinellarete.it\/index.php?rest_route=%2Fwp%2Fv2%2Fcomments&post=8891"}],"version-history":[{"count":4,"href":"https:\/\/www.raccontinellarete.it\/index.php?rest_route=\/wp\/v2\/posts\/8891\/revisions"}],"predecessor-version":[{"id":8894,"href":"https:\/\/www.raccontinellarete.it\/index.php?rest_route=\/wp\/v2\/posts\/8891\/revisions\/8894"}],"wp:attachment":[{"href":"https:\/\/www.raccontinellarete.it\/index.php?rest_route=%2Fwp%2Fv2%2Fmedia&parent=8891"}],"wp:term":[{"taxonomy":"category","embeddable":true,"href":"https:\/\/www.raccontinellarete.it\/index.php?rest_route=%2Fwp%2Fv2%2Fcategories&post=8891"},{"taxonomy":"post_tag","embeddable":true,"href":"https:\/\/www.raccontinellarete.it\/index.php?rest_route=%2Fwp%2Fv2%2Ftags&post=8891"}],"curies":[{"name":"wp","href":"https:\/\/api.w.org\/{rel}","templated":true}]}}