{"id":8093,"date":"2012-01-17T18:16:18","date_gmt":"2012-01-17T17:16:18","guid":{"rendered":"http:\/\/www.raccontinellarete.it\/?p=8093"},"modified":"2012-01-17T18:16:18","modified_gmt":"2012-01-17T17:16:18","slug":"premio-racconti-nella-rete-2012-il-cavaliere-e-lo-scudiero-sezione-racconti-per-bambini-di-virgoletta","status":"publish","type":"post","link":"https:\/\/www.raccontinellarete.it\/?p=8093","title":{"rendered":"Premio Racconti nella Rete 2012 &#8220;Il Cavaliere e lo Scudiero&#8221; (sezione racconti per bambini) di Virgoletta"},"content":{"rendered":"<p>C\u2019era una volta, tanto e tanto tempo fa, un ragazzino. Aveva una folta zazzera scompigliata e tagliata corta, il volto perennemente imbrattato di terriccio e un continuo moccio al naso.<\/p>\n<p>Viveva rusticamente: sua dimora era il profondo della foresta, dove si arrampicava sugli alberi restandovi a lungo di vedetta, scrutando il cielo, il volo degli uccelli, l\u2019incessante mutare delle nubi.<\/p>\n<p>Si cibava di ci\u00f2 che la Natura spontaneamente gli offriva: bacche e frutti boschivi, il nettare delle violette e l\u2019ambrosia dell\u2019acacia, e con le mani a coppa si dissetava dalle sorgive acque che scaturivano da una roccia ascosa.<\/p>\n<p>Suo rifugio dalle intemperie era una buia grotta, e non calor di foco n\u00e8 panni (laceri e sporchi erano i miseri panni che indossava) ma solo l\u2019interna fiamma e il calore di una mente ardente rendevano confortevoli il suo riposo.<\/p>\n<p>Un giorno, nel profondo intrico del bosco, si addentr\u00f2 un cavaliere: e visto il fanciullo, mosso a compassione dal miserevole stato di questi, lo iss\u00f2 sul suo destriero.<\/p>\n<p>Il ragazzo acconsent\u00ec di buon grado a divenire il suo scudiero: strigliava il cavallo, gli procurava la biada, e mentre il suo signore dormiva gli lucidava l\u2019argentea armatura fino ad assopirsi, esausto, in un cantuccio ai piedi del letto in cui riposava il suo signore.<\/p>\n<p>Intanto scoppia la guerra col paese vicino: e il cavaliere, chiamato al mestiere delle armi, si prepara alla battaglia, scortato dal fedele scudiero.<\/p>\n<p>Divampa la pugna: daghe, fendenti, volar di frecce. Lo scudiero, che anche sul campo insanguinato segue il suo signore, s\u2019avvede di una freccia a lui diretta: e tosto s\u2019interpone.<\/p>\n<p>Il cavaliere, sgomento, fa per estrarre la freccia dal petto e solo allora s\u2019avvede che \u00e8 lordo di sangue non il petto di un uomo ma il seno virginale di una fanciulla!<\/p>\n<p>\u201cTu m\u2019hai accolto, e preso con te, quand\u2019ero un essere selvatico. Hai destato in me l\u2019amore: ecco, prendi la mia vita che t\u2019offro al posto della tua, che m\u2019\u00e8 pi\u00f9 cara ancora!\u201d<\/p>\n<p>Cos\u00ec dicendo mor\u00ec.<\/p>\n<p>Il cavaliere, che mai a quel momento aveva provato amore, impietr\u00ec ancor di pi\u00f9 il suo cuore, perch\u00e9 non s\u2019era avveduto di quel che aveva accanto, e nemmeno perdendolo il dolore scalf\u00ec il suo cuore.<\/p>\n<p>Ma l\u2019anima del ragazzo, divenuta errabonda, perme\u00f2 il luogo ove egli aveva vissuto: e ancor oggi chi si china a bere l\u2019acqua della fonte del moccioso un femmineo spirito acquisisce, sotto le mentite spoglie di un fanciullo cencioso.<\/p>\n<div class=\"pvc_clear\"><\/div>\n<p id=\"pvc_stats_8093\" class=\"pvc_stats all  \" data-element-id=\"8093\" style=\"\"><i class=\"pvc-stats-icon medium\" aria-hidden=\"true\"><svg aria-hidden=\"true\" focusable=\"false\" data-prefix=\"far\" data-icon=\"chart-bar\" role=\"img\" xmlns=\"http:\/\/www.w3.org\/2000\/svg\" viewBox=\"0 0 512 512\" class=\"svg-inline--fa fa-chart-bar fa-w-16 fa-2x\"><path fill=\"currentColor\" d=\"M396.8 352h22.4c6.4 0 12.8-6.4 12.8-12.8V108.8c0-6.4-6.4-12.8-12.8-12.8h-22.4c-6.4 0-12.8 6.4-12.8 12.8v230.4c0 6.4 6.4 12.8 12.8 12.8zm-192 0h22.4c6.4 0 12.8-6.4 12.8-12.8V140.8c0-6.4-6.4-12.8-12.8-12.8h-22.4c-6.4 0-12.8 6.4-12.8 12.8v198.4c0 6.4 6.4 12.8 12.8 12.8zm96 0h22.4c6.4 0 12.8-6.4 12.8-12.8V204.8c0-6.4-6.4-12.8-12.8-12.8h-22.4c-6.4 0-12.8 6.4-12.8 12.8v134.4c0 6.4 6.4 12.8 12.8 12.8zM496 400H48V80c0-8.84-7.16-16-16-16H16C7.16 64 0 71.16 0 80v336c0 17.67 14.33 32 32 32h464c8.84 0 16-7.16 16-16v-16c0-8.84-7.16-16-16-16zm-387.2-48h22.4c6.4 0 12.8-6.4 12.8-12.8v-70.4c0-6.4-6.4-12.8-12.8-12.8h-22.4c-6.4 0-12.8 6.4-12.8 12.8v70.4c0 6.4 6.4 12.8 12.8 12.8z\" class=\"\"><\/path><\/svg><\/i> <img loading=\"lazy\" decoding=\"async\" width=\"16\" height=\"16\" alt=\"Loading\" src=\"https:\/\/www.raccontinellarete.it\/301\/wp-content\/plugins\/page-views-count\/ajax-loader-2x.gif\" border=0 \/><\/p>\n<div class=\"pvc_clear\"><\/div>\n","protected":false},"excerpt":{"rendered":"<p>C\u2019era una volta, tanto e tanto tempo fa, un ragazzino. Aveva una folta zazzera scompigliata e tagliata corta, il volto perennemente imbrattato di terriccio e un continuo moccio al naso. Viveva rusticamente: sua dimora era il profondo della foresta, dove si arrampicava sugli alberi restandovi a lungo di vedetta, scrutando il cielo, il volo degli [&hellip;]<\/p>\n<div class=\"pvc_clear\"><\/div>\n<p id=\"pvc_stats_8093\" class=\"pvc_stats all  \" data-element-id=\"8093\" style=\"\"><i class=\"pvc-stats-icon medium\" aria-hidden=\"true\"><svg aria-hidden=\"true\" focusable=\"false\" data-prefix=\"far\" data-icon=\"chart-bar\" role=\"img\" xmlns=\"http:\/\/www.w3.org\/2000\/svg\" viewBox=\"0 0 512 512\" class=\"svg-inline--fa fa-chart-bar fa-w-16 fa-2x\"><path fill=\"currentColor\" d=\"M396.8 352h22.4c6.4 0 12.8-6.4 12.8-12.8V108.8c0-6.4-6.4-12.8-12.8-12.8h-22.4c-6.4 0-12.8 6.4-12.8 12.8v230.4c0 6.4 6.4 12.8 12.8 12.8zm-192 0h22.4c6.4 0 12.8-6.4 12.8-12.8V140.8c0-6.4-6.4-12.8-12.8-12.8h-22.4c-6.4 0-12.8 6.4-12.8 12.8v198.4c0 6.4 6.4 12.8 12.8 12.8zm96 0h22.4c6.4 0 12.8-6.4 12.8-12.8V204.8c0-6.4-6.4-12.8-12.8-12.8h-22.4c-6.4 0-12.8 6.4-12.8 12.8v134.4c0 6.4 6.4 12.8 12.8 12.8zM496 400H48V80c0-8.84-7.16-16-16-16H16C7.16 64 0 71.16 0 80v336c0 17.67 14.33 32 32 32h464c8.84 0 16-7.16 16-16v-16c0-8.84-7.16-16-16-16zm-387.2-48h22.4c6.4 0 12.8-6.4 12.8-12.8v-70.4c0-6.4-6.4-12.8-12.8-12.8h-22.4c-6.4 0-12.8 6.4-12.8 12.8v70.4c0 6.4 6.4 12.8 12.8 12.8z\" class=\"\"><\/path><\/svg><\/i> <img loading=\"lazy\" decoding=\"async\" width=\"16\" height=\"16\" alt=\"Loading\" src=\"https:\/\/www.raccontinellarete.it\/301\/wp-content\/plugins\/page-views-count\/ajax-loader-2x.gif\" border=0 \/><\/p>\n<div class=\"pvc_clear\"><\/div>\n","protected":false},"author":2389,"featured_media":0,"comment_status":"open","ping_status":"closed","sticky":false,"template":"","format":"standard","meta":{"footnotes":""},"categories":[34],"tags":[],"class_list":["post-8093","post","type-post","status-publish","format-standard","hentry","category-premio-racconti-nella-rete-2012"],"_links":{"self":[{"href":"https:\/\/www.raccontinellarete.it\/index.php?rest_route=\/wp\/v2\/posts\/8093"}],"collection":[{"href":"https:\/\/www.raccontinellarete.it\/index.php?rest_route=\/wp\/v2\/posts"}],"about":[{"href":"https:\/\/www.raccontinellarete.it\/index.php?rest_route=\/wp\/v2\/types\/post"}],"author":[{"embeddable":true,"href":"https:\/\/www.raccontinellarete.it\/index.php?rest_route=\/wp\/v2\/users\/2389"}],"replies":[{"embeddable":true,"href":"https:\/\/www.raccontinellarete.it\/index.php?rest_route=%2Fwp%2Fv2%2Fcomments&post=8093"}],"version-history":[{"count":9,"href":"https:\/\/www.raccontinellarete.it\/index.php?rest_route=\/wp\/v2\/posts\/8093\/revisions"}],"predecessor-version":[{"id":8099,"href":"https:\/\/www.raccontinellarete.it\/index.php?rest_route=\/wp\/v2\/posts\/8093\/revisions\/8099"}],"wp:attachment":[{"href":"https:\/\/www.raccontinellarete.it\/index.php?rest_route=%2Fwp%2Fv2%2Fmedia&parent=8093"}],"wp:term":[{"taxonomy":"category","embeddable":true,"href":"https:\/\/www.raccontinellarete.it\/index.php?rest_route=%2Fwp%2Fv2%2Fcategories&post=8093"},{"taxonomy":"post_tag","embeddable":true,"href":"https:\/\/www.raccontinellarete.it\/index.php?rest_route=%2Fwp%2Fv2%2Ftags&post=8093"}],"curies":[{"name":"wp","href":"https:\/\/api.w.org\/{rel}","templated":true}]}}