{"id":7923,"date":"2012-01-02T18:56:40","date_gmt":"2012-01-02T17:56:40","guid":{"rendered":"http:\/\/www.raccontinellarete.it\/?p=7923"},"modified":"2012-01-02T18:56:40","modified_gmt":"2012-01-02T17:56:40","slug":"premio-racconti-per-corti-2012-il-mare-che-ride-di-bettina-bartalesi","status":"publish","type":"post","link":"https:\/\/www.raccontinellarete.it\/?p=7923","title":{"rendered":"Premio Racconti per Corti 2012 &#8220;Il mare che ride&#8221; di Bettina Bartalesi"},"content":{"rendered":"<p>Ivan si \u00e8 accorto che il mare ride. Lo ha detto in giro, agli amici di scuola, a sua madre che invece ha sempre riso poco. Ivan ha quindici anni e ama passeggiare. Niente gli riuscirebbe meglio, \u00e8 un modo per concentrare le idee, e quando ha tempo esce a camminare per le vie del paese e lungo la spiaggia dove la sabbia affonda i piedi e camminare diventa difficile. Ogni tanto si deve fermare e tirare il fiato. Si ferma l\u00ec, sullo scoglio pi\u00f9 alto e guarda gi\u00f9, dentro le onde che ad aprile sono di colore scuro e il cielo ci si infila dentro diventando un tutt&#8217;uno.<\/p>\n<p>Si \u00e8 accorto in quel modo che il mare ride. Ha avuto sempre grande fantasia, ma questa gli sembra davvero grossa, non vuole crederci nemmeno lui, ma giurerebbe a se stesso che un sorriso aperto e sincero lo ha guardato dal fondo del mare, sotto gli scogli; \u00e8 stato come un balen\u00eco nell&#8217;ora di mezzogiorno quando l&#8217;aria \u00e8 pi\u00f9 chiara e la luce scende gi\u00f9, sotto alla profondit\u00e0. E&#8217; salita una immagine che non ha potuto afferrare, due labbra piccole e sottili aperte in un sorriso che da quel momento non gli danno pi\u00f9 pace. Un sorriso cos\u00ec lui non l&#8217;ha mai visto.<\/p>\n<p>Ha chiesto a Piero, il suo migliore amico, di andare con lui fino allo scoglio, &lt;&lt;Vieni a vedere&gt;&gt;, dice, ma Piero prima lo guarda, poi gli risponde &lt;&lt;Che secondo te non c&#8217;ho niente di meglio da fare che venire a vedere il mare che ride? Sta&#8217; zitto e non dirlo a nessuno che ti prendono per matto!&gt;&gt;, la sua faccia \u00e8 scura. Ivan alza le spalle e torna l\u00e0, sopra lo scoglio.<\/p>\n<p>Corre veloce la primavera. Lo chiede altre volte a Piero che alla fine si arrabbia sul serio: &lt;&lt;Se vai a dirlo ancora in giro, ti rompo la faccia&gt;&gt;. Ha fatto una smorfia minacciosa che a Ivan non \u00e8 piaciuta.<\/p>\n<p>A inizi maggio sul litorale le ruspe scavano il fondo del mare per ripulirlo dai monti di alghe e proteggere la sabbia dalle mareggiate; preparare la spiaggia per la stagione estiva.<\/p>\n<p>Ivan \u00e8 sempre l\u00ec e crede che prima o poi qualcuno si accorger\u00e0 come lui che il mare ride.<\/p>\n<p>L&#8217;aria diviene calda e in una mattina limpida di sole, la folla si \u00e8 radunata intorno allo scoglio. Corre Ivan felice che anche altri vedano quello che lui va dicendo in giro da tempo. I gabbiani sono agitati, non riescono a fermarsi sullo scoglio, c&#8217;\u00e8 troppa gente a disturbarli. Qualcuno grida.<\/p>\n<p>&lt;&lt;State indietro!&gt;&gt;, intima un carabiniere.<\/p>\n<p>Eccolo il sorriso del mare, sul viso di una bimba.<\/p>\n<p>C&#8217;\u00e8 anche Piero che si muove nervoso e non si vuole avvicinare.<\/p>\n<p>Una donna dice: &lt;&lt;Avr\u00e0 corso dietro al suo pallone ed \u00e8 finita in acqua&gt;&gt;.<\/p>\n<p>&lt;&lt;Eccola la mia Lisa&gt;&gt;, piange un&#8217;altra &lt;&lt;ha sempre il suo sorriso&gt;&gt; .<\/p>\n<div class=\"pvc_clear\"><\/div>\n<p id=\"pvc_stats_7923\" class=\"pvc_stats all  \" data-element-id=\"7923\" style=\"\"><i class=\"pvc-stats-icon medium\" aria-hidden=\"true\"><svg aria-hidden=\"true\" focusable=\"false\" data-prefix=\"far\" data-icon=\"chart-bar\" role=\"img\" xmlns=\"http:\/\/www.w3.org\/2000\/svg\" viewBox=\"0 0 512 512\" class=\"svg-inline--fa fa-chart-bar fa-w-16 fa-2x\"><path fill=\"currentColor\" d=\"M396.8 352h22.4c6.4 0 12.8-6.4 12.8-12.8V108.8c0-6.4-6.4-12.8-12.8-12.8h-22.4c-6.4 0-12.8 6.4-12.8 12.8v230.4c0 6.4 6.4 12.8 12.8 12.8zm-192 0h22.4c6.4 0 12.8-6.4 12.8-12.8V140.8c0-6.4-6.4-12.8-12.8-12.8h-22.4c-6.4 0-12.8 6.4-12.8 12.8v198.4c0 6.4 6.4 12.8 12.8 12.8zm96 0h22.4c6.4 0 12.8-6.4 12.8-12.8V204.8c0-6.4-6.4-12.8-12.8-12.8h-22.4c-6.4 0-12.8 6.4-12.8 12.8v134.4c0 6.4 6.4 12.8 12.8 12.8zM496 400H48V80c0-8.84-7.16-16-16-16H16C7.16 64 0 71.16 0 80v336c0 17.67 14.33 32 32 32h464c8.84 0 16-7.16 16-16v-16c0-8.84-7.16-16-16-16zm-387.2-48h22.4c6.4 0 12.8-6.4 12.8-12.8v-70.4c0-6.4-6.4-12.8-12.8-12.8h-22.4c-6.4 0-12.8 6.4-12.8 12.8v70.4c0 6.4 6.4 12.8 12.8 12.8z\" class=\"\"><\/path><\/svg><\/i> <img loading=\"lazy\" decoding=\"async\" width=\"16\" height=\"16\" alt=\"Loading\" src=\"https:\/\/www.raccontinellarete.it\/301\/wp-content\/plugins\/page-views-count\/ajax-loader-2x.gif\" border=0 \/><\/p>\n<div class=\"pvc_clear\"><\/div>\n","protected":false},"excerpt":{"rendered":"<p>Ivan si \u00e8 accorto che il mare ride. Lo ha detto in giro, agli amici di scuola, a sua madre che invece ha sempre riso poco. Ivan ha quindici anni e ama passeggiare. Niente gli riuscirebbe meglio, \u00e8 un modo per concentrare le idee, e quando ha tempo esce a camminare per le vie del [&hellip;]<\/p>\n<div class=\"pvc_clear\"><\/div>\n<p id=\"pvc_stats_7923\" class=\"pvc_stats all  \" data-element-id=\"7923\" style=\"\"><i class=\"pvc-stats-icon medium\" aria-hidden=\"true\"><svg aria-hidden=\"true\" focusable=\"false\" data-prefix=\"far\" data-icon=\"chart-bar\" role=\"img\" xmlns=\"http:\/\/www.w3.org\/2000\/svg\" viewBox=\"0 0 512 512\" class=\"svg-inline--fa fa-chart-bar fa-w-16 fa-2x\"><path fill=\"currentColor\" d=\"M396.8 352h22.4c6.4 0 12.8-6.4 12.8-12.8V108.8c0-6.4-6.4-12.8-12.8-12.8h-22.4c-6.4 0-12.8 6.4-12.8 12.8v230.4c0 6.4 6.4 12.8 12.8 12.8zm-192 0h22.4c6.4 0 12.8-6.4 12.8-12.8V140.8c0-6.4-6.4-12.8-12.8-12.8h-22.4c-6.4 0-12.8 6.4-12.8 12.8v198.4c0 6.4 6.4 12.8 12.8 12.8zm96 0h22.4c6.4 0 12.8-6.4 12.8-12.8V204.8c0-6.4-6.4-12.8-12.8-12.8h-22.4c-6.4 0-12.8 6.4-12.8 12.8v134.4c0 6.4 6.4 12.8 12.8 12.8zM496 400H48V80c0-8.84-7.16-16-16-16H16C7.16 64 0 71.16 0 80v336c0 17.67 14.33 32 32 32h464c8.84 0 16-7.16 16-16v-16c0-8.84-7.16-16-16-16zm-387.2-48h22.4c6.4 0 12.8-6.4 12.8-12.8v-70.4c0-6.4-6.4-12.8-12.8-12.8h-22.4c-6.4 0-12.8 6.4-12.8 12.8v70.4c0 6.4 6.4 12.8 12.8 12.8z\" class=\"\"><\/path><\/svg><\/i> <img loading=\"lazy\" decoding=\"async\" width=\"16\" height=\"16\" alt=\"Loading\" src=\"https:\/\/www.raccontinellarete.it\/301\/wp-content\/plugins\/page-views-count\/ajax-loader-2x.gif\" border=0 \/><\/p>\n<div class=\"pvc_clear\"><\/div>\n","protected":false},"author":358,"featured_media":0,"comment_status":"open","ping_status":"closed","sticky":false,"template":"","format":"standard","meta":{"footnotes":""},"categories":[35],"tags":[],"class_list":["post-7923","post","type-post","status-publish","format-standard","hentry","category-premio-racconti-per-corti-2012"],"_links":{"self":[{"href":"https:\/\/www.raccontinellarete.it\/index.php?rest_route=\/wp\/v2\/posts\/7923"}],"collection":[{"href":"https:\/\/www.raccontinellarete.it\/index.php?rest_route=\/wp\/v2\/posts"}],"about":[{"href":"https:\/\/www.raccontinellarete.it\/index.php?rest_route=\/wp\/v2\/types\/post"}],"author":[{"embeddable":true,"href":"https:\/\/www.raccontinellarete.it\/index.php?rest_route=\/wp\/v2\/users\/358"}],"replies":[{"embeddable":true,"href":"https:\/\/www.raccontinellarete.it\/index.php?rest_route=%2Fwp%2Fv2%2Fcomments&post=7923"}],"version-history":[{"count":5,"href":"https:\/\/www.raccontinellarete.it\/index.php?rest_route=\/wp\/v2\/posts\/7923\/revisions"}],"predecessor-version":[{"id":7927,"href":"https:\/\/www.raccontinellarete.it\/index.php?rest_route=\/wp\/v2\/posts\/7923\/revisions\/7927"}],"wp:attachment":[{"href":"https:\/\/www.raccontinellarete.it\/index.php?rest_route=%2Fwp%2Fv2%2Fmedia&parent=7923"}],"wp:term":[{"taxonomy":"category","embeddable":true,"href":"https:\/\/www.raccontinellarete.it\/index.php?rest_route=%2Fwp%2Fv2%2Fcategories&post=7923"},{"taxonomy":"post_tag","embeddable":true,"href":"https:\/\/www.raccontinellarete.it\/index.php?rest_route=%2Fwp%2Fv2%2Ftags&post=7923"}],"curies":[{"name":"wp","href":"https:\/\/api.w.org\/{rel}","templated":true}]}}