{"id":7146,"date":"2011-06-04T18:43:27","date_gmt":"2011-06-04T17:43:27","guid":{"rendered":"http:\/\/www.raccontinellarete.it\/?p=7146"},"modified":"2011-06-04T18:43:27","modified_gmt":"2011-06-04T17:43:27","slug":"premio-racconti-nella-rete-2011-album-di-orietta-mele","status":"publish","type":"post","link":"https:\/\/www.raccontinellarete.it\/?p=7146","title":{"rendered":"Premio Racconti nella Rete 2011 &#8220;Album&#8221; di Orietta Mele"},"content":{"rendered":"<div><span style=\"font-size: small;\"><span style=\"font-family: Times New Roman;\"><\/span><\/span><\/div>\n<p><span style=\"font-size: small;\"><span style=\"font-family: Times New Roman;\"><\/p>\n<p class=\"MsoBodyText\" style=\"margin: 0cm 0cm 0pt;\">Chiam\u00f2 Lei da un telefono pubblico, poche parole, poco pi\u00f9 di una formale comunicazione, come era nel suo stile: \u201cvai a svegliare la nonna e dille di precipitarsi all\u2019abbeveratoio, pap\u00e0 ha avuto un malore\u201d.<\/p>\n<p class=\"MsoNormal\" style=\"margin: 0cm 0cm 0pt; text-align: justify;\">Era una tersa mattina di agosto, avevo solo dodici anni e, fatto non secondario, giunsi correndo sul posto molto prima della nonna, che arrancava dietro di me. E lo vidi.<\/p>\n<p class=\"MsoNormal\" style=\"margin: 0cm 0cm 0pt; text-align: justify;\">Era ancora accasciato sul volante e la mia mente, in pochi istanti, svilupp\u00f2 e stamp\u00f2<span>\u00a0 <\/span>quell\u2019immagine indelebile, l\u2019istantanea della mia giovinezza, la foto ricordo che Lei non volle risparmiarmi: un volto cianotico, i denti digrignati, gli occhi spalancati sul privato abisso.<\/p>\n<p class=\"MsoNormal\" style=\"margin: 0cm 0cm 0pt; text-align: justify;\">Non possiedo foto che mi ritraggono insieme a mia madre, per il semplice motivo che lei mor\u00ec per complicazioni legate al parto, giovane ed entusiasta della sua gravidanza, malgrado un fisico esile e molto provato da una grave forma di anemia che l\u2019aveva colpita durante l\u2019adolescenza.<\/p>\n<p class=\"MsoNormal\" style=\"margin: 0cm 0cm 0pt; text-align: justify;\">Pap\u00e0, mi dissero poi, si chiuse in se stesso e nel suo dolore, occupandosi solo del suo lavoro, che doveva necessariamente fornirci i mezzi di sostentamento, e della sua piccola adorata creatura.<\/p>\n<p class=\"MsoNormal\" style=\"margin: 0cm 0cm 0pt; text-align: justify;\">Non ho, ovviamente, ricordi di quei<span>\u00a0 <\/span>primi difficili, solitari, due anni della mia vita, ma nelle foto che conservo gelosamente ci siamo sempre io e lui: il rito del bagnetto, la sua forte mano che accompagna il cucchiaio verso il mio visino sorridente, i primi passi, l\u2019altalena, tutte le istantanee comuni ad una piccola famiglia felice.<\/p>\n<p class=\"MsoNormal\" style=\"margin: 0cm 0cm 0pt; text-align: justify;\">Beh, la famiglia era davvero piccola ed io sembravo davvero molto felice.<\/p>\n<p class=\"MsoNormal\" style=\"margin: 0cm 0cm 0pt; text-align: justify;\">Poi, dopo la seconda candelina, nel nostro album colorato comincia a trovar posto un nuovo ritratto femminile. Arriva Lei nella nostra vita e non ho ragione di dubitare che la sua ferrea volont\u00e0 abbia impiegato solo pochi mesi a piegare le deboli resistenze di mio padre.<\/p>\n<p class=\"MsoNormal\" style=\"margin: 0cm 0cm 0pt; text-align: justify;\">Per amici e parenti \u00e8 un dono del cielo, la collega single (ma forse allora si sarebbe definita zitella), di qualche anno pi\u00f9 grande, saggia, parsimoniosa, soavemente mielata e cos\u00ec tanto premurosa nei confronti della \u201cpiccola\u201d.<\/p>\n<p class=\"MsoNormal\" style=\"margin: 0cm 0cm 0pt; text-align: justify;\">Da una frettolosa conoscenza ad un\u2019altrettanto frettoloso matrimonio il passo \u00e8 breve.<\/p>\n<p class=\"MsoNormal\" style=\"margin: 0cm 0cm 0pt; text-align: justify;\">Dopo, i miei ricordi cominciano ad affiorare, a farsi via via<span>\u00a0 <\/span>nitidi e dolorosi.<\/p>\n<p class=\"MsoNormal\" style=\"margin: 0cm 0cm 0pt; text-align: justify;\">Lei, votata al lavoro, estremamente pignola e precisa nelle cose di casa, intransigente e collerica nei confronti miei e di pap\u00e0, Lei che comincia ad avanzare nella carriera, a migliorare i<span>\u00a0 <\/span>suoi<span>\u00a0 <\/span>guadagni e pap\u00e0 che sempre pi\u00f9 si chiude in se stesso, trascura il suo lavoro, finisce per regolare<span>\u00a0 <\/span>la sua<span>\u00a0 <\/span>ancor giovane, esuberante, vita sui miei ritmi.<\/p>\n<p class=\"MsoNormal\" style=\"margin: 0cm 0cm 0pt; text-align: justify;\">\u00c8 lui ad accompagnarmi a scuola, in piscina, alle visite mediche. \u00c8<span>\u00a0 <\/span>la sua voce quella che mi narra la fiaba serale, che mi spiega il significato del film appena visto, che commenta i nostri libri preferiti.<\/p>\n<p class=\"MsoNormal\" style=\"margin: 0cm 0cm 0pt; text-align: justify;\">Sono anni strani, apparentemente quieti, quasi sereni, caldi di sentimenti reciproci, a tratti scossi da un gelido vento di ostilit\u00e0 che serpeggia nelle nostre stanze, che sibila a volte nell\u2019innocua apparenza di certi piccoli gesti.<\/p>\n<p class=\"MsoNormal\" style=\"margin: 0cm 0cm 0pt; text-align: justify;\">Ecco allora la splendida foto di mia madre, in attesa di me, che sparisce dalla parete del soggiorno, lasciando un segno grigio nella carta chiara da parati e un solco profondo nei nostri cuori.<\/p>\n<p class=\"MsoNormal\" style=\"margin: 0cm 0cm 0pt; text-align: justify;\">Scoprir\u00f2, solo anni dopo, che Lei l\u2019ha nascosta in cantina, in fondo ad un baule e che fu quella repentina sottrazione la causa di quella spaventosa lite notturna della quale per anni non seppi trovare ragione.<\/p>\n<p class=\"MsoNormal\" style=\"margin: 0cm 0cm 0pt; text-align: justify;\">Eccomi, nella foto della Prima Comunione, costretta nel saio da penitente che io e pap\u00e0 odiammo tanto, ma<span>\u00a0 <\/span>che Lei, non si sa come, riusc\u00ec ad imporre a tutta la<span>\u00a0 <\/span>nostra comunit\u00e0.<\/p>\n<p class=\"MsoNormal\" style=\"margin: 0cm 0cm 0pt; text-align: justify;\">Ecco il ritratto di Lei, dipinto da un pittore allora famoso, una donna matura, poco piacente, altezzosa, circondata dai suoi due amatissimi cani.<\/p>\n<p class=\"MsoNormal\" style=\"margin: 0cm 0cm 0pt; text-align: justify;\">Non ricordo una sua frase nei miei confronti che non fosse circospetta, studiata, a volte aspra, a volte falsamente accondiscendente.<\/p>\n<p class=\"MsoNormal\" style=\"margin: 0cm 0cm 0pt; text-align: justify;\">Ricordo per\u00f2 la voce del babbo, profonda, partecipe, il balsamo della mia infanzia e della mia<span>\u00a0 <\/span>fanciullezza.<\/p>\n<p class=\"MsoNormal\" style=\"margin: 0cm 0cm 0pt; text-align: justify;\">Fino a quella data, fino a quel mattino di Agosto. Erano usciti insieme, in macchina, per prendere le ricotte fresche dal<span>\u00a0 <\/span>fattore. Avevano percorso poco pi\u00f9 di un chilometro su quella che era la strada delle nostre annuali vacanze, poi \u201cquella cosa\u201d, quel malore e pap\u00e0 che lascia la sua vita (e un pezzo della mia) sul ciglio di quella strada maledetta, pap\u00e0 che intraprende un nuovo viaggio, l\u2019ultimo, mi piace pensare, verso quello che fu il vero amore della sua vita.<\/p>\n<p class=\"MsoNormal\" style=\"margin: 0cm 0cm 0pt; text-align: justify;\">\u00a0<\/p>\n<p class=\"MsoNormal\" style=\"margin: 0cm 0cm 0pt; text-align: justify;\">Si disse, allora, che poteva trattarsi d\u2019infarto, di tragica fatalit\u00e0. Per me fu per sempre e semplicemente \u201ccrepacuore\u201d.<\/p>\n<p class=\"MsoNormal\" style=\"margin: 0cm 0cm 0pt; text-align: justify;\">Vissi con Lei per poche settimane, chiudendomi in un ostinato mutismo, prima che fosse deciso di trasferirmi, definitivamente, in casa della nonna.<\/p>\n<p class=\"MsoNormal\" style=\"margin: 0cm 0cm 0pt; text-align: justify;\">Giunsi in quella nuova casa portando solo una piccola valigia, il \u201cnostro album\u201d e la meravigliosa foto di mia madre, capelli al vento e ostentato orgoglio per il suo pancione.<\/p>\n<p class=\"MsoNormal\" style=\"margin: 0cm 0cm 0pt; text-align: justify;\">Altri si occuparono, poi, delle piccole cose materiali.<\/p>\n<p class=\"MsoNormal\" style=\"margin: 0cm 0cm 0pt; text-align: justify;\">Lei, non volli pi\u00f9 vederla.<\/p>\n<p class=\"MsoNormal\" style=\"margin: 0cm 0cm 0pt; text-align: justify;\">Ho poi impegnato molti anni della mia vita nello sforzo di salvare nella memoria, come in un file prezioso, solo i ricordi cari legati al mio adorato padre.<\/p>\n<p class=\"MsoNormal\" style=\"margin: 0cm 0cm 0pt; text-align: justify;\">\u00a0<\/p>\n<p class=\"MsoNormal\" style=\"margin: 0cm 0cm 0pt; text-align: justify;\">Molte estati si frappongono tra me e i fatti che, con ritrosia, faticosamente, ho provato a narrare.<\/p>\n<p class=\"MsoNormal\" style=\"margin: 0cm 0cm 0pt; text-align: justify;\">Foto nella casa in collina non ho pi\u00f9 voluto farne, n\u00e9 ho mai pi\u00f9 ritrovato il piacere delle vacanze in quei luoghi. Spesso i miei figli mi chiedono perch\u00e9 i miei occhi si incupiscano, nel sole d\u2019agosto, mentre fisso il nuovo condominio che ha aggredito la collina, lass\u00f9, verso il vecchio abbeveratoio.<\/p>\n<p class=\"MsoNormal\" style=\"margin: 0cm 0cm 0pt; text-align: justify;\"><em>Quella<\/em> strada non c\u2019\u00e8 pi\u00f9, ma il mio album \u00e8 ancora aperto su quell\u2019ultima foto che nessuno ha mai stampato.<\/p>\n<div><span style=\"font-size: small;\"><span style=\"font-family: Times New Roman;\">\u00a0<\/span><\/span><\/div>\n<p><span style=\"font-size: small;\"><span style=\"font-family: Times New Roman;\"><\/p>\n<div><span style=\"font-size: small;\">\u00a0<\/span><\/div>\n<p><\/span><\/span><\/span><span style=\"font-size: small;\">\u00a0<\/p>\n<p><\/span><\/span><\/p>\n<div class=\"pvc_clear\"><\/div>\n<p id=\"pvc_stats_7146\" class=\"pvc_stats all  \" data-element-id=\"7146\" style=\"\"><i class=\"pvc-stats-icon medium\" aria-hidden=\"true\"><svg aria-hidden=\"true\" focusable=\"false\" data-prefix=\"far\" data-icon=\"chart-bar\" role=\"img\" xmlns=\"http:\/\/www.w3.org\/2000\/svg\" viewBox=\"0 0 512 512\" class=\"svg-inline--fa fa-chart-bar fa-w-16 fa-2x\"><path fill=\"currentColor\" d=\"M396.8 352h22.4c6.4 0 12.8-6.4 12.8-12.8V108.8c0-6.4-6.4-12.8-12.8-12.8h-22.4c-6.4 0-12.8 6.4-12.8 12.8v230.4c0 6.4 6.4 12.8 12.8 12.8zm-192 0h22.4c6.4 0 12.8-6.4 12.8-12.8V140.8c0-6.4-6.4-12.8-12.8-12.8h-22.4c-6.4 0-12.8 6.4-12.8 12.8v198.4c0 6.4 6.4 12.8 12.8 12.8zm96 0h22.4c6.4 0 12.8-6.4 12.8-12.8V204.8c0-6.4-6.4-12.8-12.8-12.8h-22.4c-6.4 0-12.8 6.4-12.8 12.8v134.4c0 6.4 6.4 12.8 12.8 12.8zM496 400H48V80c0-8.84-7.16-16-16-16H16C7.16 64 0 71.16 0 80v336c0 17.67 14.33 32 32 32h464c8.84 0 16-7.16 16-16v-16c0-8.84-7.16-16-16-16zm-387.2-48h22.4c6.4 0 12.8-6.4 12.8-12.8v-70.4c0-6.4-6.4-12.8-12.8-12.8h-22.4c-6.4 0-12.8 6.4-12.8 12.8v70.4c0 6.4 6.4 12.8 12.8 12.8z\" class=\"\"><\/path><\/svg><\/i> <img loading=\"lazy\" decoding=\"async\" width=\"16\" height=\"16\" alt=\"Loading\" src=\"https:\/\/www.raccontinellarete.it\/301\/wp-content\/plugins\/page-views-count\/ajax-loader-2x.gif\" border=0 \/><\/p>\n<div class=\"pvc_clear\"><\/div>\n","protected":false},"excerpt":{"rendered":"<p>Chiam\u00f2 Lei da un telefono pubblico, poche parole, poco pi\u00f9 di una formale comunicazione, come era nel suo stile: \u201cvai a svegliare la nonna e dille di precipitarsi all\u2019abbeveratoio, pap\u00e0 ha avuto un malore\u201d. Era una tersa mattina di agosto, avevo solo dodici anni e, fatto non secondario, giunsi correndo sul posto molto prima della [&hellip;]<\/p>\n<div class=\"pvc_clear\"><\/div>\n<p id=\"pvc_stats_7146\" class=\"pvc_stats all  \" data-element-id=\"7146\" style=\"\"><i class=\"pvc-stats-icon medium\" aria-hidden=\"true\"><svg aria-hidden=\"true\" focusable=\"false\" data-prefix=\"far\" data-icon=\"chart-bar\" role=\"img\" xmlns=\"http:\/\/www.w3.org\/2000\/svg\" viewBox=\"0 0 512 512\" class=\"svg-inline--fa fa-chart-bar fa-w-16 fa-2x\"><path fill=\"currentColor\" d=\"M396.8 352h22.4c6.4 0 12.8-6.4 12.8-12.8V108.8c0-6.4-6.4-12.8-12.8-12.8h-22.4c-6.4 0-12.8 6.4-12.8 12.8v230.4c0 6.4 6.4 12.8 12.8 12.8zm-192 0h22.4c6.4 0 12.8-6.4 12.8-12.8V140.8c0-6.4-6.4-12.8-12.8-12.8h-22.4c-6.4 0-12.8 6.4-12.8 12.8v198.4c0 6.4 6.4 12.8 12.8 12.8zm96 0h22.4c6.4 0 12.8-6.4 12.8-12.8V204.8c0-6.4-6.4-12.8-12.8-12.8h-22.4c-6.4 0-12.8 6.4-12.8 12.8v134.4c0 6.4 6.4 12.8 12.8 12.8zM496 400H48V80c0-8.84-7.16-16-16-16H16C7.16 64 0 71.16 0 80v336c0 17.67 14.33 32 32 32h464c8.84 0 16-7.16 16-16v-16c0-8.84-7.16-16-16-16zm-387.2-48h22.4c6.4 0 12.8-6.4 12.8-12.8v-70.4c0-6.4-6.4-12.8-12.8-12.8h-22.4c-6.4 0-12.8 6.4-12.8 12.8v70.4c0 6.4 6.4 12.8 12.8 12.8z\" class=\"\"><\/path><\/svg><\/i> <img loading=\"lazy\" decoding=\"async\" width=\"16\" height=\"16\" alt=\"Loading\" src=\"https:\/\/www.raccontinellarete.it\/301\/wp-content\/plugins\/page-views-count\/ajax-loader-2x.gif\" border=0 \/><\/p>\n<div class=\"pvc_clear\"><\/div>\n","protected":false},"author":1862,"featured_media":0,"comment_status":"open","ping_status":"closed","sticky":false,"template":"","format":"standard","meta":{"footnotes":""},"categories":[14],"tags":[],"class_list":["post-7146","post","type-post","status-publish","format-standard","hentry","category-premio-racconti-nella-rete-2011"],"_links":{"self":[{"href":"https:\/\/www.raccontinellarete.it\/index.php?rest_route=\/wp\/v2\/posts\/7146"}],"collection":[{"href":"https:\/\/www.raccontinellarete.it\/index.php?rest_route=\/wp\/v2\/posts"}],"about":[{"href":"https:\/\/www.raccontinellarete.it\/index.php?rest_route=\/wp\/v2\/types\/post"}],"author":[{"embeddable":true,"href":"https:\/\/www.raccontinellarete.it\/index.php?rest_route=\/wp\/v2\/users\/1862"}],"replies":[{"embeddable":true,"href":"https:\/\/www.raccontinellarete.it\/index.php?rest_route=%2Fwp%2Fv2%2Fcomments&post=7146"}],"version-history":[{"count":2,"href":"https:\/\/www.raccontinellarete.it\/index.php?rest_route=\/wp\/v2\/posts\/7146\/revisions"}],"predecessor-version":[{"id":7338,"href":"https:\/\/www.raccontinellarete.it\/index.php?rest_route=\/wp\/v2\/posts\/7146\/revisions\/7338"}],"wp:attachment":[{"href":"https:\/\/www.raccontinellarete.it\/index.php?rest_route=%2Fwp%2Fv2%2Fmedia&parent=7146"}],"wp:term":[{"taxonomy":"category","embeddable":true,"href":"https:\/\/www.raccontinellarete.it\/index.php?rest_route=%2Fwp%2Fv2%2Fcategories&post=7146"},{"taxonomy":"post_tag","embeddable":true,"href":"https:\/\/www.raccontinellarete.it\/index.php?rest_route=%2Fwp%2Fv2%2Ftags&post=7146"}],"curies":[{"name":"wp","href":"https:\/\/api.w.org\/{rel}","templated":true}]}}