{"id":6906,"date":"2011-05-31T22:39:16","date_gmt":"2011-05-31T21:39:16","guid":{"rendered":"http:\/\/www.raccontinellarete.it\/?p=6906"},"modified":"2011-05-31T22:39:16","modified_gmt":"2011-05-31T21:39:16","slug":"premio-racconti-per-corti-2011-una-nuova-vita-di-joa-bastianelli","status":"publish","type":"post","link":"https:\/\/www.raccontinellarete.it\/?p=6906","title":{"rendered":"Premio Racconti per Corti 2011 &#8220;Una nuova vita&#8221; di Joa Bastianelli"},"content":{"rendered":"<p>Patrick \u00e8 un quarantenne irlandese, fuggito dal proprio paese, che da circa un anno vive a Lucca. Era membro della <em>Continuity Irish Pepublican Army (CIRA)<\/em>, organizzazione di nazionalisti irlandesi contro la presenza inglese in Irlanda. Ha deciso di tagliare i ponti con il passato, di fuggire senza lasciare traccia e di chiudere con l\u2019attivismo. Nella cittadina toscana tenta di rifarsi una vita, di vivere in tranquillit\u00e0 lontano dalle turbolenze del passato.<\/p>\n<p>Abita in un piccolo appartamento nel centro citt\u00e0,\u00a0 per vivere d\u00e0 lezioni di inglese private a casa sua. Vorrebbe riuscire ad integrarsi con la vita del posto, ma non riesce a lasciarsi alle spalle i fantasmi del passato. Dopo le lezioni esce spesso da solo: gira per le strade di Lucca, cena in osterie, va al cinema. Sempre solo<\/p>\n<p>Un giorno riceve una chiamata da una ragazza che vorrebbe alcune lezioni di inglese. Si chiama Elena \u00e8 una studentessa di lettere poco pi\u00f9 che ventenne, sorridente ed espansiva. Patrick inizia a darle lezioni, i due parlano molto, lei \u00e8 molto affascinata da lui e dall\u2019Irlanda. Per Patrick diventa un pensiero costante, le prepara le lezioni con cura, cercando di assecondare i suoi gusti, le presta i classici della letteratura irlandese e i cd di musica folk.<\/p>\n<p>Un giorno, dopo la lezione, lei gli propone di andare a bere una caff\u00e8. Dopo essere stati al bar fanno una passeggiata\u00a0 parlando del pi\u00f9 e del meno. Per caso incontrano Giorgio, il ragazzo di Elena, lui li vede e si scaglia contro di loro. Elena cerca di spiegargli che \u00e8 tutto un malinteso, che Patrick \u00e8 semplicemente il suo insegnante. Il ragazzo non si calma, \u00e8 preso dalla gelosia, insulta Elena e Patrick. Lui non reagisce, gli dice soltanto di calmarsi. Giorgio chiede se i due vadano a letto insieme, Patrick scoppia a ridere, Elena si arrabbia. Cercano ancora una volta di spiegargli l\u2019innocenza della situazione, il ragazzo non si calma ed Elena esasperata dice, mentendo, che vanno a letto insieme e che si \u00e8 innamorata di Patrick. Giorgio le urla di non farsi pi\u00f9 vedere e se ne va. Patrick ed Elena rimangono in un palese imbarazzo, lei si scusa e gli spiega che \u00e8 stata costretta ad agire cos\u00ec perch\u00e9 era impossibile ragionare con Giorgio. Patrick si dispiace, teme di essere stato la causa della rottura, lei gli dice di non preoccuparsi, sarebbe finita lo stesso.<\/p>\n<p>\u00a0Iniziano a vedersi anche al di fuori delle lezioni, sempre pi\u00f9 di frequente. Una sera, dopo essere stati a cena, vanno a letto insieme. Iniziano una relazione, lei \u00e8 curiosa, vorrebbe sapere di pi\u00f9 dell\u2019Irlanda, della sua vita, ma lui \u00e8 evasivo, sempre vago. Continuano a vedersi sempre pi\u00f9 spesso, lei dorme da lui molte volte. Patrick capisce che non pu\u00f2 pi\u00f9 tenere tutto nascosto e decide di dirle la verit\u00e0: che ha partecipato ad alcuni attentati anti-inglesi, ma ora vuole una vita diversa, una vita nuova. Lei ci rimane malissimo, non pu\u00f2 credere che lui abbia nascosto tutto. Si infuria e lo lascia.<\/p>\n<p>Patrick capisce che rifarsi una vita ed integrarsi, dimenticando il passato \u00e8 un utopia. Continua a dare lezioni e a girare da solo per le strade di Lucca.<\/p>\n<div class=\"pvc_clear\"><\/div>\n<p id=\"pvc_stats_6906\" class=\"pvc_stats all  \" data-element-id=\"6906\" style=\"\"><i class=\"pvc-stats-icon medium\" aria-hidden=\"true\"><svg aria-hidden=\"true\" focusable=\"false\" data-prefix=\"far\" data-icon=\"chart-bar\" role=\"img\" xmlns=\"http:\/\/www.w3.org\/2000\/svg\" viewBox=\"0 0 512 512\" class=\"svg-inline--fa fa-chart-bar fa-w-16 fa-2x\"><path fill=\"currentColor\" d=\"M396.8 352h22.4c6.4 0 12.8-6.4 12.8-12.8V108.8c0-6.4-6.4-12.8-12.8-12.8h-22.4c-6.4 0-12.8 6.4-12.8 12.8v230.4c0 6.4 6.4 12.8 12.8 12.8zm-192 0h22.4c6.4 0 12.8-6.4 12.8-12.8V140.8c0-6.4-6.4-12.8-12.8-12.8h-22.4c-6.4 0-12.8 6.4-12.8 12.8v198.4c0 6.4 6.4 12.8 12.8 12.8zm96 0h22.4c6.4 0 12.8-6.4 12.8-12.8V204.8c0-6.4-6.4-12.8-12.8-12.8h-22.4c-6.4 0-12.8 6.4-12.8 12.8v134.4c0 6.4 6.4 12.8 12.8 12.8zM496 400H48V80c0-8.84-7.16-16-16-16H16C7.16 64 0 71.16 0 80v336c0 17.67 14.33 32 32 32h464c8.84 0 16-7.16 16-16v-16c0-8.84-7.16-16-16-16zm-387.2-48h22.4c6.4 0 12.8-6.4 12.8-12.8v-70.4c0-6.4-6.4-12.8-12.8-12.8h-22.4c-6.4 0-12.8 6.4-12.8 12.8v70.4c0 6.4 6.4 12.8 12.8 12.8z\" class=\"\"><\/path><\/svg><\/i> <img loading=\"lazy\" decoding=\"async\" width=\"16\" height=\"16\" alt=\"Loading\" src=\"https:\/\/www.raccontinellarete.it\/301\/wp-content\/plugins\/page-views-count\/ajax-loader-2x.gif\" border=0 \/><\/p>\n<div class=\"pvc_clear\"><\/div>\n","protected":false},"excerpt":{"rendered":"<p>Patrick, irlandese ex militante dell&#8217;IRA, cerca di rifarsi una nuova vita a Lucca. Per vivere insegna inglese a casa. Si innamora di Elena, una sua studentessa. Iniziano una relazione, ma quando Patrick decide di raccontarle il passato lei si sente sconvolta e tradita. <\/p>\n<div class=\"pvc_clear\"><\/div>\n<p id=\"pvc_stats_6906\" class=\"pvc_stats all  \" data-element-id=\"6906\" style=\"\"><i class=\"pvc-stats-icon medium\" aria-hidden=\"true\"><svg aria-hidden=\"true\" focusable=\"false\" data-prefix=\"far\" data-icon=\"chart-bar\" role=\"img\" xmlns=\"http:\/\/www.w3.org\/2000\/svg\" viewBox=\"0 0 512 512\" class=\"svg-inline--fa fa-chart-bar fa-w-16 fa-2x\"><path fill=\"currentColor\" d=\"M396.8 352h22.4c6.4 0 12.8-6.4 12.8-12.8V108.8c0-6.4-6.4-12.8-12.8-12.8h-22.4c-6.4 0-12.8 6.4-12.8 12.8v230.4c0 6.4 6.4 12.8 12.8 12.8zm-192 0h22.4c6.4 0 12.8-6.4 12.8-12.8V140.8c0-6.4-6.4-12.8-12.8-12.8h-22.4c-6.4 0-12.8 6.4-12.8 12.8v198.4c0 6.4 6.4 12.8 12.8 12.8zm96 0h22.4c6.4 0 12.8-6.4 12.8-12.8V204.8c0-6.4-6.4-12.8-12.8-12.8h-22.4c-6.4 0-12.8 6.4-12.8 12.8v134.4c0 6.4 6.4 12.8 12.8 12.8zM496 400H48V80c0-8.84-7.16-16-16-16H16C7.16 64 0 71.16 0 80v336c0 17.67 14.33 32 32 32h464c8.84 0 16-7.16 16-16v-16c0-8.84-7.16-16-16-16zm-387.2-48h22.4c6.4 0 12.8-6.4 12.8-12.8v-70.4c0-6.4-6.4-12.8-12.8-12.8h-22.4c-6.4 0-12.8 6.4-12.8 12.8v70.4c0 6.4 6.4 12.8 12.8 12.8z\" class=\"\"><\/path><\/svg><\/i> <img loading=\"lazy\" decoding=\"async\" width=\"16\" height=\"16\" alt=\"Loading\" src=\"https:\/\/www.raccontinellarete.it\/301\/wp-content\/plugins\/page-views-count\/ajax-loader-2x.gif\" border=0 \/><\/p>\n<div class=\"pvc_clear\"><\/div>\n","protected":false},"author":1753,"featured_media":0,"comment_status":"open","ping_status":"closed","sticky":false,"template":"","format":"standard","meta":{"footnotes":""},"categories":[13],"tags":[],"class_list":["post-6906","post","type-post","status-publish","format-standard","hentry","category-premio-racconti-per-corti-2011"],"_links":{"self":[{"href":"https:\/\/www.raccontinellarete.it\/index.php?rest_route=\/wp\/v2\/posts\/6906"}],"collection":[{"href":"https:\/\/www.raccontinellarete.it\/index.php?rest_route=\/wp\/v2\/posts"}],"about":[{"href":"https:\/\/www.raccontinellarete.it\/index.php?rest_route=\/wp\/v2\/types\/post"}],"author":[{"embeddable":true,"href":"https:\/\/www.raccontinellarete.it\/index.php?rest_route=\/wp\/v2\/users\/1753"}],"replies":[{"embeddable":true,"href":"https:\/\/www.raccontinellarete.it\/index.php?rest_route=%2Fwp%2Fv2%2Fcomments&post=6906"}],"version-history":[{"count":2,"href":"https:\/\/www.raccontinellarete.it\/index.php?rest_route=\/wp\/v2\/posts\/6906\/revisions"}],"predecessor-version":[{"id":7176,"href":"https:\/\/www.raccontinellarete.it\/index.php?rest_route=\/wp\/v2\/posts\/6906\/revisions\/7176"}],"wp:attachment":[{"href":"https:\/\/www.raccontinellarete.it\/index.php?rest_route=%2Fwp%2Fv2%2Fmedia&parent=6906"}],"wp:term":[{"taxonomy":"category","embeddable":true,"href":"https:\/\/www.raccontinellarete.it\/index.php?rest_route=%2Fwp%2Fv2%2Fcategories&post=6906"},{"taxonomy":"post_tag","embeddable":true,"href":"https:\/\/www.raccontinellarete.it\/index.php?rest_route=%2Fwp%2Fv2%2Ftags&post=6906"}],"curies":[{"name":"wp","href":"https:\/\/api.w.org\/{rel}","templated":true}]}}