{"id":6827,"date":"2011-05-28T17:52:52","date_gmt":"2011-05-28T16:52:52","guid":{"rendered":"http:\/\/www.raccontinellarete.it\/?p=6827"},"modified":"2011-05-31T18:51:03","modified_gmt":"2011-05-31T17:51:03","slug":"premio-racconti-nella-rete-2011-la-casa-di-carla-spagnolo","status":"publish","type":"post","link":"https:\/\/www.raccontinellarete.it\/?p=6827","title":{"rendered":"Premio Racconti nella Rete 2011 &#8220;La casa&#8221; di Carla Spagnolo"},"content":{"rendered":"<p>Non sono stata io a chiamarli, vecchia, \u00e8 stato quel fumo che usciva sbagliato, di traverso, non da un camino ma dalle aste rotte di una persiana.. E&#8217; inutile che credi di non essere guardata..<br \/>\nLa nostra strada sembra un deserto, d&#8217;agosto, ma gente che non sai cammina dietro le siepi.. vicini nuovi sbirciano dietro le persiane chiuse.. L\u00ec fuori c&#8217;\u00e8 il mondo, anche se fai finta di no.<br \/>\nMa tu non guardarmi cos\u00ec di sotto in su, vecchia, va via e basta! Non guardarmi.<br \/>\nIO? Come potevo chiamare io che non ho voce, e da quanto tempo.. Fossi tu davvero riuscita a darmi fuoco , neanche un lamento potevo tirare..<br \/>\nQuando sono arrivate le macchine- non quella dei pompieri perch\u00e9 non valeva la pena.. tanto era poco il fumo, tanto era ridicolo il tentativo.. ( come ogni cosa che ti metti a fare, vecchia..)- la porta semiaperta ha oscillato .<br \/>\nLa dottoressa e la Mira, che prima viveva con noi finch\u00e9 non l&#8217;hai cacciata, la Mira con la camicia verde e una mascherina storta sulla bocca , sono scese di furia una a destra una a sinistra.<br \/>\nBang. Klang.<br \/>\n&#8221; Vedi, cosa ti dicevo? &#8211; ha detto la Mira- Non chiude mai..&#8221;<br \/>\nCos\u00ec ti hanno beccato tra lo stipite e il battente, il naso a punta tutto fuori e un occhio che fissava , rotondo come un buco.. Quando ti hanno tirato per la mano ti sei messa a piagnucolare spingendo ben indietro il culo per far resistenza Dopo vengo dopo vengo&#8230; ma la bambina deve ancora arrivare da scuola e chi le fa il mangiare? Glielo fate voi il mangiare , eh?<\/p>\n<p>Non c&#8217;\u00e8 bambine, non c&#8217;\u00e8 bambine! diceva la Mira che parla un po&#8217; straniero, tirandoti per il polso, la sua vendetta. Si, quali bambine? pensavo io. Chi pu\u00f2 ancora arrivare da scuola?<br \/>\nLa prima bambina, la pi\u00f9 antica? Quella che spenzolava sempre le trecce gi\u00f9 dalla finestra, aspettando i suoi veri genitori , che la salvassero. O la seconda bambina, uguale alla madre solo nei capelli neri, ma se no allegra e violenta, che tirava calci alle mie pareti quando si incazzava con la scuola? La terza bambina, quella con due padri?<br \/>\nNon c&#8217;\u00e8 bambine, gridava la Mira. A me lo dici? Io non son mica rincretinita come la vecchia..<br \/>\nE&#8217; tanto tempo che non c&#8217;\u00e8 bambine..<br \/>\nMa la dottoressa le ha messo un braccio sulle spalle, alla vecchia.<br \/>\nDove hai cominciato il fuoco, Marta?<br \/>\nEra l\u00e0, dove io sapevo, dietro la poltrona tirata in mezzo al salone. Lei aveva precipitato gi\u00f9 da librerie, cassettoni, tavoli, sedie, tutti i giornali che suo marito aveva ammucchiato in cinquant&#8217;anni, aveva sventolato gi\u00f9 dagli scaffali con mani improvvisamente ferme tutti i libri di storia, i saggi, dodici volumi di Storia della Chiesa, tutto Tolstoj e tutto il resto.<br \/>\nMa l&#8217;accendino che aveva in tasca funzionava come lei. Subito spento.<br \/>\nI giornali erano solo- come \u00e8 giusto- antica muffa puzzolente, non una buona esca. Subito spenti.<\/p>\n<p>Mentre la caricavano in macchina lei mi guardava. Volevo dirle: cosa guardi? Perch\u00e9 guardi me che nemmeno posso parlare? Non ti ho sempre nascosto? Non sono stata sempre dalla tua, eh, pasticciona?Hanno gettato dell&#8217;acqua su quella poca porcheria nera che eri riuscita a fare, mentre ancora parlavi del pranzo della bambina , della fame della bambina.. e le macchine hanno fatto clang,bank, e sono filate via.<\/p>\n<p>Poi si \u00e8 levato un grande vento, come succede quando l&#8217;aria \u00e8 stata ferma troppo tempo, e allora ho lasciato che tutte le finestre si spalancassero- anch&#8217;io ero stata ferma troppo tempo.<br \/>\nTutte le ho aperte, e il vento ha sollevato quelle miserie di tende che si stracciavano sospirando. Allora s\u00ec, ebbi voce. Le tende si alzavano sibilando e sbattendo. I quadri che la vecchia aveva dipinto tutta la vita- mai un volto, per\u00f2- ammucchiandoli su ogni possibile parete, caddero a terra a due, a tre alla volta con musicali trac, trac..trunk. I giornali gemevano su antichi delitti volando in aria e planando al suolo..<br \/>\nIo, la Casa, cantai e cantai per quasi tutta la notte .All&#8217;alba ero cos\u00ec stanca, i miei tanti e tanti anni mi caddero addosso, e mi venne una gran piet\u00e0 di lei e di me. Non c&#8217;erano pi\u00f9 bambine da aspettare sulla porta verso l&#8217;ora che finisce la scuola. Non pi\u00f9 la prima bambina, che pensava di avere i genitori sbagliati, non pi\u00f9 la seconda, che rimbalzava parolacce e palloni sui miei muri, non pi\u00f9 la terza, quella biondina con due padri.. uno vero.. uno ancora pi\u00f9 vero.. Mi venne una gran piet\u00e0 di noi due , verso l&#8217;alba.<br \/>\nCos\u00ec lasciai che un filo di vento che entrava dalle mie finestre trovasse l&#8217;insignificante scintilla che nessuno aveva visto, dietro la zampa nera della poltrona, nient&#8217;altro che un atomo di luce, che sarebbe cresciuto a fiamma, a trionfo,qualcosa che avrebbe svergognato la pallida luce del mattino, qualcosa per cui valeva la pena di morire..<\/p>\n<div class=\"pvc_clear\"><\/div>\n<p id=\"pvc_stats_6827\" class=\"pvc_stats all  \" data-element-id=\"6827\" style=\"\"><i class=\"pvc-stats-icon medium\" aria-hidden=\"true\"><svg aria-hidden=\"true\" focusable=\"false\" data-prefix=\"far\" data-icon=\"chart-bar\" role=\"img\" xmlns=\"http:\/\/www.w3.org\/2000\/svg\" viewBox=\"0 0 512 512\" class=\"svg-inline--fa fa-chart-bar fa-w-16 fa-2x\"><path fill=\"currentColor\" d=\"M396.8 352h22.4c6.4 0 12.8-6.4 12.8-12.8V108.8c0-6.4-6.4-12.8-12.8-12.8h-22.4c-6.4 0-12.8 6.4-12.8 12.8v230.4c0 6.4 6.4 12.8 12.8 12.8zm-192 0h22.4c6.4 0 12.8-6.4 12.8-12.8V140.8c0-6.4-6.4-12.8-12.8-12.8h-22.4c-6.4 0-12.8 6.4-12.8 12.8v198.4c0 6.4 6.4 12.8 12.8 12.8zm96 0h22.4c6.4 0 12.8-6.4 12.8-12.8V204.8c0-6.4-6.4-12.8-12.8-12.8h-22.4c-6.4 0-12.8 6.4-12.8 12.8v134.4c0 6.4 6.4 12.8 12.8 12.8zM496 400H48V80c0-8.84-7.16-16-16-16H16C7.16 64 0 71.16 0 80v336c0 17.67 14.33 32 32 32h464c8.84 0 16-7.16 16-16v-16c0-8.84-7.16-16-16-16zm-387.2-48h22.4c6.4 0 12.8-6.4 12.8-12.8v-70.4c0-6.4-6.4-12.8-12.8-12.8h-22.4c-6.4 0-12.8 6.4-12.8 12.8v70.4c0 6.4 6.4 12.8 12.8 12.8z\" class=\"\"><\/path><\/svg><\/i> <img loading=\"lazy\" decoding=\"async\" width=\"16\" height=\"16\" alt=\"Loading\" src=\"https:\/\/www.raccontinellarete.it\/301\/wp-content\/plugins\/page-views-count\/ajax-loader-2x.gif\" border=0 \/><\/p>\n<div class=\"pvc_clear\"><\/div>\n","protected":false},"excerpt":{"rendered":"<p>Non sono stata io a chiamarli, vecchia, \u00e8 stato quel fumo che usciva sbagliato, di traverso, non da un camino ma dalle aste rotte di una persiana.. E&#8217; inutile che credi di non essere guardata.. La nostra strada sembra un deserto, d&#8217;agosto, ma gente che non sai cammina dietro le siepi.. vicini nuovi sbirciano dietro [&hellip;]<\/p>\n<div class=\"pvc_clear\"><\/div>\n<p id=\"pvc_stats_6827\" class=\"pvc_stats all  \" data-element-id=\"6827\" style=\"\"><i class=\"pvc-stats-icon medium\" aria-hidden=\"true\"><svg aria-hidden=\"true\" focusable=\"false\" data-prefix=\"far\" data-icon=\"chart-bar\" role=\"img\" xmlns=\"http:\/\/www.w3.org\/2000\/svg\" viewBox=\"0 0 512 512\" class=\"svg-inline--fa fa-chart-bar fa-w-16 fa-2x\"><path fill=\"currentColor\" d=\"M396.8 352h22.4c6.4 0 12.8-6.4 12.8-12.8V108.8c0-6.4-6.4-12.8-12.8-12.8h-22.4c-6.4 0-12.8 6.4-12.8 12.8v230.4c0 6.4 6.4 12.8 12.8 12.8zm-192 0h22.4c6.4 0 12.8-6.4 12.8-12.8V140.8c0-6.4-6.4-12.8-12.8-12.8h-22.4c-6.4 0-12.8 6.4-12.8 12.8v198.4c0 6.4 6.4 12.8 12.8 12.8zm96 0h22.4c6.4 0 12.8-6.4 12.8-12.8V204.8c0-6.4-6.4-12.8-12.8-12.8h-22.4c-6.4 0-12.8 6.4-12.8 12.8v134.4c0 6.4 6.4 12.8 12.8 12.8zM496 400H48V80c0-8.84-7.16-16-16-16H16C7.16 64 0 71.16 0 80v336c0 17.67 14.33 32 32 32h464c8.84 0 16-7.16 16-16v-16c0-8.84-7.16-16-16-16zm-387.2-48h22.4c6.4 0 12.8-6.4 12.8-12.8v-70.4c0-6.4-6.4-12.8-12.8-12.8h-22.4c-6.4 0-12.8 6.4-12.8 12.8v70.4c0 6.4 6.4 12.8 12.8 12.8z\" class=\"\"><\/path><\/svg><\/i> <img loading=\"lazy\" decoding=\"async\" width=\"16\" height=\"16\" alt=\"Loading\" src=\"https:\/\/www.raccontinellarete.it\/301\/wp-content\/plugins\/page-views-count\/ajax-loader-2x.gif\" border=0 \/><\/p>\n<div class=\"pvc_clear\"><\/div>\n","protected":false},"author":1817,"featured_media":0,"comment_status":"open","ping_status":"closed","sticky":false,"template":"","format":"standard","meta":{"footnotes":""},"categories":[14],"tags":[33],"class_list":["post-6827","post","type-post","status-publish","format-standard","hentry","category-premio-racconti-nella-rete-2011","tag-la-casa"],"_links":{"self":[{"href":"https:\/\/www.raccontinellarete.it\/index.php?rest_route=\/wp\/v2\/posts\/6827"}],"collection":[{"href":"https:\/\/www.raccontinellarete.it\/index.php?rest_route=\/wp\/v2\/posts"}],"about":[{"href":"https:\/\/www.raccontinellarete.it\/index.php?rest_route=\/wp\/v2\/types\/post"}],"author":[{"embeddable":true,"href":"https:\/\/www.raccontinellarete.it\/index.php?rest_route=\/wp\/v2\/users\/1817"}],"replies":[{"embeddable":true,"href":"https:\/\/www.raccontinellarete.it\/index.php?rest_route=%2Fwp%2Fv2%2Fcomments&post=6827"}],"version-history":[{"count":5,"href":"https:\/\/www.raccontinellarete.it\/index.php?rest_route=\/wp\/v2\/posts\/6827\/revisions"}],"predecessor-version":[{"id":7070,"href":"https:\/\/www.raccontinellarete.it\/index.php?rest_route=\/wp\/v2\/posts\/6827\/revisions\/7070"}],"wp:attachment":[{"href":"https:\/\/www.raccontinellarete.it\/index.php?rest_route=%2Fwp%2Fv2%2Fmedia&parent=6827"}],"wp:term":[{"taxonomy":"category","embeddable":true,"href":"https:\/\/www.raccontinellarete.it\/index.php?rest_route=%2Fwp%2Fv2%2Fcategories&post=6827"},{"taxonomy":"post_tag","embeddable":true,"href":"https:\/\/www.raccontinellarete.it\/index.php?rest_route=%2Fwp%2Fv2%2Ftags&post=6827"}],"curies":[{"name":"wp","href":"https:\/\/api.w.org\/{rel}","templated":true}]}}