{"id":6618,"date":"2011-05-26T21:44:12","date_gmt":"2011-05-26T20:44:12","guid":{"rendered":"http:\/\/www.raccontinellarete.it\/?p=6618"},"modified":"2011-05-26T21:44:12","modified_gmt":"2011-05-26T20:44:12","slug":"premio-racconti-per-corti-2011-non-ce-pace-di-giampaolo-cufino","status":"publish","type":"post","link":"https:\/\/www.raccontinellarete.it\/?p=6618","title":{"rendered":"Premio Racconti per Corti 2011 &#8220;Non c&#8217;\u00e8 &#8220;Pace&#8221; &#8221; di Giampaolo Cufino"},"content":{"rendered":"<p>In una piazza di una citt\u00e0 indefinita, in un tempo indefinito, una folla di devoti \u00e8 in piedi, in adorazione, davanti a una statua. Questa statua rappresenta un soldato armato fino ai denti e reca alla base una scritta: \u201cPace.\u201d I devoti, ripetendo dei movimenti simili a una preghiera, gridano continuamente: \u201cPace! Pace! Pace!\u201d. Nella piazza ci sono dei banchi dove dei mercanti vendono ogni tipo di armi, sponsorizzando i loro prodotti con parole come \u201cPace, libert\u00e0 e diritti umani\u201d.<\/p>\n<p>Nel frattempo per le strade della citt\u00e0 vaga un individuo vestito di arancione, ha uno zaino in spalla, d\u2019un tratto si ferma davanti a una vetrina di un negozio, dove c\u2019\u00e8 un televisore da cui parla un leader politico, presentabile e telegenico, che giustifica la guerra per l\u2019esportazione dei \u201cdiritti umani\u201d.<\/p>\n<p>Intanto nell\u2019orfanotrofio della citt\u00e0 per \u201cle Vittime della guerra per la Pace\u201d, \u00e8 scoppiato un incendio e una decina di orfani fuggono, sono ragazzi tra i 10 e 15 anni; una volta in strada vengono portati in salvo dal vagabondo in arancione, che gli dona dei giocattoli e dei dolci. Il gruppo in fuga si ritrova nella piazza dove i devoti adorano la statua. La preghiera collettiva \u00e8 terminata e i fedeli girano tra le bancarelle dei mercanti, comprando varie armi e parlando di \u201cPace\u201d e di \u201cLibert\u00e0\u201d. Alcuni tra i fedeli guardano il gruppo che si avvicina e riconoscono gli orfani della \u201cPace\u201d, per le divise che portano, ma un ragazzo, uno dei pi\u00f9 grandi, risponde che loro sono orfani di guerra per colpa loro, perch\u00e9 la pace non si esporta con le armi e gli mostra le foto dei suoi genitori morti a causa della guerra. I mercanti sbaraccano, mentre i fedeli cercano di convincere i ragazzi della bont\u00e0 del motivo per cui sono morti i loro genitori. Il vagabondo interrompe la discussione con una scusa e convince i ragazzi ad andarsene via.<\/p>\n<p>E\u2019 calata la notte, non c\u2019\u00e8 nessuno per strada, la statua \u00e8 incustodita, silenziosamente si avvicina il vagabondo con il gruppo di ragazzini, sono armati di picconi e cominciano a demolire la statua. Ma la statua \u00e8 in realt\u00e0 di cartapesta e crolla subito. La mattina seguente i fedeli arrivano nella piazza e notano i resti dell\u2019idolo demolito, anche le bancarelle dei mercanti non ci sono. Allora, arrabbiati, si chiedono tra di loro cosa sia successo. Pur domandandosi la stessa cosa: \u201cDov\u2019\u00e8 la Pace?\u201d, i fedeli cominciano a dividersi in due fazioni contrapposte. La discussione degenera in una vera e propria battaglia, ciascuna fazione rivendica il diritto a combattere per la vera \u201cPace\u201d. Intanto il vagabondo con lo zaino suona un\u2019armonica, mentre offre doni e dolci ai bambini che lo seguono, ballando e giocando tra le vie della citt\u00e0; lontano rimbombano gli spari delle armi.<\/p>\n<div class=\"pvc_clear\"><\/div>\n<p id=\"pvc_stats_6618\" class=\"pvc_stats all  \" data-element-id=\"6618\" style=\"\"><i class=\"pvc-stats-icon medium\" aria-hidden=\"true\"><svg aria-hidden=\"true\" focusable=\"false\" data-prefix=\"far\" data-icon=\"chart-bar\" role=\"img\" xmlns=\"http:\/\/www.w3.org\/2000\/svg\" viewBox=\"0 0 512 512\" class=\"svg-inline--fa fa-chart-bar fa-w-16 fa-2x\"><path fill=\"currentColor\" d=\"M396.8 352h22.4c6.4 0 12.8-6.4 12.8-12.8V108.8c0-6.4-6.4-12.8-12.8-12.8h-22.4c-6.4 0-12.8 6.4-12.8 12.8v230.4c0 6.4 6.4 12.8 12.8 12.8zm-192 0h22.4c6.4 0 12.8-6.4 12.8-12.8V140.8c0-6.4-6.4-12.8-12.8-12.8h-22.4c-6.4 0-12.8 6.4-12.8 12.8v198.4c0 6.4 6.4 12.8 12.8 12.8zm96 0h22.4c6.4 0 12.8-6.4 12.8-12.8V204.8c0-6.4-6.4-12.8-12.8-12.8h-22.4c-6.4 0-12.8 6.4-12.8 12.8v134.4c0 6.4 6.4 12.8 12.8 12.8zM496 400H48V80c0-8.84-7.16-16-16-16H16C7.16 64 0 71.16 0 80v336c0 17.67 14.33 32 32 32h464c8.84 0 16-7.16 16-16v-16c0-8.84-7.16-16-16-16zm-387.2-48h22.4c6.4 0 12.8-6.4 12.8-12.8v-70.4c0-6.4-6.4-12.8-12.8-12.8h-22.4c-6.4 0-12.8 6.4-12.8 12.8v70.4c0 6.4 6.4 12.8 12.8 12.8z\" class=\"\"><\/path><\/svg><\/i> <img loading=\"lazy\" decoding=\"async\" width=\"16\" height=\"16\" alt=\"Loading\" src=\"https:\/\/www.raccontinellarete.it\/301\/wp-content\/plugins\/page-views-count\/ajax-loader-2x.gif\" border=0 \/><\/p>\n<div class=\"pvc_clear\"><\/div>\n","protected":false},"excerpt":{"rendered":"<p>In una piazza di una citt\u00e0 indefinita, in un tempo indefinito, una folla di devoti \u00e8 in piedi, in adorazione, davanti a una statua. Questa statua rappresenta un soldato armato fino ai denti e reca alla base una scritta: \u201cPace.\u201d I devoti, ripetendo dei movimenti simili a una preghiera, gridano continuamente: \u201cPace! Pace! Pace!\u201d. Nella [&hellip;]<\/p>\n<div class=\"pvc_clear\"><\/div>\n<p id=\"pvc_stats_6618\" class=\"pvc_stats all  \" data-element-id=\"6618\" style=\"\"><i class=\"pvc-stats-icon medium\" aria-hidden=\"true\"><svg aria-hidden=\"true\" focusable=\"false\" data-prefix=\"far\" data-icon=\"chart-bar\" role=\"img\" xmlns=\"http:\/\/www.w3.org\/2000\/svg\" viewBox=\"0 0 512 512\" class=\"svg-inline--fa fa-chart-bar fa-w-16 fa-2x\"><path fill=\"currentColor\" d=\"M396.8 352h22.4c6.4 0 12.8-6.4 12.8-12.8V108.8c0-6.4-6.4-12.8-12.8-12.8h-22.4c-6.4 0-12.8 6.4-12.8 12.8v230.4c0 6.4 6.4 12.8 12.8 12.8zm-192 0h22.4c6.4 0 12.8-6.4 12.8-12.8V140.8c0-6.4-6.4-12.8-12.8-12.8h-22.4c-6.4 0-12.8 6.4-12.8 12.8v198.4c0 6.4 6.4 12.8 12.8 12.8zm96 0h22.4c6.4 0 12.8-6.4 12.8-12.8V204.8c0-6.4-6.4-12.8-12.8-12.8h-22.4c-6.4 0-12.8 6.4-12.8 12.8v134.4c0 6.4 6.4 12.8 12.8 12.8zM496 400H48V80c0-8.84-7.16-16-16-16H16C7.16 64 0 71.16 0 80v336c0 17.67 14.33 32 32 32h464c8.84 0 16-7.16 16-16v-16c0-8.84-7.16-16-16-16zm-387.2-48h22.4c6.4 0 12.8-6.4 12.8-12.8v-70.4c0-6.4-6.4-12.8-12.8-12.8h-22.4c-6.4 0-12.8 6.4-12.8 12.8v70.4c0 6.4 6.4 12.8 12.8 12.8z\" class=\"\"><\/path><\/svg><\/i> <img loading=\"lazy\" decoding=\"async\" width=\"16\" height=\"16\" alt=\"Loading\" src=\"https:\/\/www.raccontinellarete.it\/301\/wp-content\/plugins\/page-views-count\/ajax-loader-2x.gif\" border=0 \/><\/p>\n<div class=\"pvc_clear\"><\/div>\n","protected":false},"author":1576,"featured_media":0,"comment_status":"open","ping_status":"closed","sticky":false,"template":"","format":"standard","meta":{"footnotes":""},"categories":[13],"tags":[],"class_list":["post-6618","post","type-post","status-publish","format-standard","hentry","category-premio-racconti-per-corti-2011"],"_links":{"self":[{"href":"https:\/\/www.raccontinellarete.it\/index.php?rest_route=\/wp\/v2\/posts\/6618"}],"collection":[{"href":"https:\/\/www.raccontinellarete.it\/index.php?rest_route=\/wp\/v2\/posts"}],"about":[{"href":"https:\/\/www.raccontinellarete.it\/index.php?rest_route=\/wp\/v2\/types\/post"}],"author":[{"embeddable":true,"href":"https:\/\/www.raccontinellarete.it\/index.php?rest_route=\/wp\/v2\/users\/1576"}],"replies":[{"embeddable":true,"href":"https:\/\/www.raccontinellarete.it\/index.php?rest_route=%2Fwp%2Fv2%2Fcomments&post=6618"}],"version-history":[{"count":4,"href":"https:\/\/www.raccontinellarete.it\/index.php?rest_route=\/wp\/v2\/posts\/6618\/revisions"}],"predecessor-version":[{"id":6721,"href":"https:\/\/www.raccontinellarete.it\/index.php?rest_route=\/wp\/v2\/posts\/6618\/revisions\/6721"}],"wp:attachment":[{"href":"https:\/\/www.raccontinellarete.it\/index.php?rest_route=%2Fwp%2Fv2%2Fmedia&parent=6618"}],"wp:term":[{"taxonomy":"category","embeddable":true,"href":"https:\/\/www.raccontinellarete.it\/index.php?rest_route=%2Fwp%2Fv2%2Fcategories&post=6618"},{"taxonomy":"post_tag","embeddable":true,"href":"https:\/\/www.raccontinellarete.it\/index.php?rest_route=%2Fwp%2Fv2%2Ftags&post=6618"}],"curies":[{"name":"wp","href":"https:\/\/api.w.org\/{rel}","templated":true}]}}