{"id":65,"date":"2008-11-13T13:02:05","date_gmt":"2008-11-13T12:02:05","guid":{"rendered":"http:\/\/www.raccontinellarete.it\/?p=65"},"modified":"2008-11-13T13:02:05","modified_gmt":"2008-11-13T12:02:05","slug":"io-e-jonathan","status":"publish","type":"post","link":"https:\/\/www.raccontinellarete.it\/?p=65","title":{"rendered":"Racconti nella Rete 2009 &#8220;Io e Jonathan&#8221; di Francesca Giulia Marone"},"content":{"rendered":"<p class=\"MsoNormal\" style=\"justify;\"><span style=\"115%;\"><span style=\"Calibri;\">Io e Jonathan<\/span><\/span><\/p>\n<p class=\"MsoNormal\" style=\"justify;\"><span style=\"115%;\"><span style=\"Calibri;\"><span style=\"yes;\">\u00a0<\/span>Io e Jonathan ci conoscevamo dai tempi della scuola media,da quando i compagni lo prendevano in giro per il caschetto biondo. \u201cRaffa,Raffa,dai facci il tuca tuca!\u201d gli urlavano addosso spingendolo al centro della palestra durante l\u2019ora di ginnastica. <\/span><\/span><\/p>\n<p class=\"MsoNormal\" style=\"justify;\"><span style=\"115%;\"><span style=\"Calibri;\">La Scimone non interveniva mai, si limitava ad osservare appollaiata sul cavalletto con le gambe incrociate. Seguiva l\u2019evoluzione degli eventi con un sorriso via via sempre pi\u00f9 accentuato quanto pi\u00f9 saliva la tensione nel gruppetto. <\/span><\/span><\/p>\n<p class=\"MsoNormal\" style=\"justify;\"><span style=\"115%;\"><span style=\"Calibri;\">Io dal gruppo delle ragazze che ridevano appoggiate alla scala svedese lo fissavo<span style=\"yes;\">\u00a0 <\/span>con le labbra morsicate a sangue sperando che prima o poi avrebbe reagito, ma sapevo che questo non sarebbe mai successo. <\/span><\/span><\/p>\n<p class=\"MsoNormal\" style=\"justify;\"><span style=\"115%;\"><span style=\"Calibri;\"><span style=\"yes;\">\u00a0<\/span>Dal fondo della classe, dove sedevano quelle alte, guardavo la sua nuca bianca senza vedere altro durante la lezione di matematica , l\u00ec su quel quadrato di pelle candida cadevano raffiche di palline di carta e tant\u2019altro che gettavano i miei compagni di classe, l\u00ec sul quel quadrato piccolissimo che io avrei voluto baciare.<\/span><\/span><\/p>\n<p class=\"MsoNormal\" style=\"justify;\"><span style=\"115%;\"><span style=\"Calibri;\"><span style=\"yes;\">\u00a0<\/span>Loro, i maschi avevano gi\u00e0 tutti i baffi e i brufoli in faccia e volevano sedere solo accanto a quelle con i seni a punta. <\/span><\/span><\/p>\n<p class=\"MsoNormal\" style=\"justify;\"><span style=\"115%;\"><span style=\"Calibri;\">Io non ne avevo di punte. <\/span><\/span><\/p>\n<p class=\"MsoNormal\" style=\"justify;\"><span style=\"115%;\"><span style=\"Calibri;\">La mia magrezza era vergognosa, nascosta sotto felpe di Snoopy e pantaloni cargo che non si tenevano su con un sol giro di cintura.<\/span><\/span><\/p>\n<p class=\"MsoNormal\" style=\"justify;\"><span style=\"115%;\"><span style=\"Calibri;\"><span style=\"yes;\">\u00a0<\/span>Ancora non mi venivano le cose delle femmine, nella classe ero rimasta io <span style=\"yes;\">\u00a0<\/span>bambina e quella con gli occhi piccoli, Lia Boschi.<\/span><\/span><\/p>\n<p class=\"MsoNormal\" style=\"justify;\"><span style=\"115%;\"><span style=\"Calibri;\"><span style=\"yes;\">\u00a0<\/span>Vicino a Lia nessuno voleva stare perch\u00e9 le puzzavano le ascelle.<\/span><\/span><\/p>\n<p class=\"MsoNormal\" style=\"justify;\"><span style=\"115%;\"><span style=\"Calibri;\">\u201dNon ti preoccupare\u201d rassicurava mia madre <span style=\"yes;\">\u00a0<\/span>agitando nell\u2019aria le dita ingioiellate \u201ccrescerai di pi\u00f9!\u201d.<\/span><\/span><\/p>\n<p class=\"MsoNormal\" style=\"justify;\"><span style=\"115%;\"><span style=\"Calibri;\"><span style=\"yes;\">\u00a0<\/span>Vero \u00e8 che crebbi pi\u00f9 di mia sorella Giada che con un anno di meno, era gi\u00e0 bella e formosa come Silvana Mangano nelle foto del film Riso amaro. <\/span><\/span><\/p>\n<p class=\"MsoNormal\" style=\"justify;\"><span style=\"115%;\"><span style=\"Calibri;\">Fu per questo che nonostante fosse in una classe indietro a noi, la scelsero come protagonista accanto al bel Jonathan nella recita di fine anno con le terze. <\/span><\/span><\/p>\n<p class=\"MsoNormal\" style=\"justify;\"><span style=\"115%;\"><span style=\"Calibri;\">Lei e Jonathan come angeli sul palco illuminato.<\/span><\/span><\/p>\n<p class=\"MsoNormal\" style=\"justify;\"><span style=\"115%;\"><span style=\"Calibri;\"><span style=\"yes;\">\u00a0<\/span>Un faro sparato li avvolgeva tutti e la musica sembrava sollevarli da terra.<\/span><\/span><\/p>\n<p class=\"MsoNormal\" style=\"justify;\"><span style=\"115%;\"><span style=\"Calibri;\"><span style=\"yes;\">\u00a0<\/span>Erano belli, come io non sarei mai stata.<\/span><\/span><\/p>\n<p class=\"MsoNormal\" style=\"justify;\"><span style=\"115%;\"><span style=\"Calibri;\"><span style=\"yes;\">\u00a0<\/span>Persino la preside sal\u00ec, alla fine dello spettacolo, sul palco per la premiazione mentre loro due continuavano a tenersi per mano nonostante la scena fosse terminata.<\/span><\/span><\/p>\n<p class=\"MsoNormal\" style=\"justify;\"><span style=\"115%;\"><span style=\"Calibri;\"><span style=\"yes;\">\u00a0<\/span>Feci a tempo ad arrivare alla toilette per vomitare tutta la colazione, misi il mio naso adunco fra le orecchie di Snoopy e piansi.<\/span><\/span><\/p>\n<p class=\"MsoNormal\" style=\"justify;\"><span style=\"115%;\"><span style=\"Calibri;\"><span style=\"yes;\">\u00a0<\/span>Avevo nella bocca sapore di <span style=\"yes;\">\u00a0<\/span>lacrime e tanfo di rigurgito, odiavo per la prima volta nella mia vita, senza capire bene a chi dovessi indirizzare quell\u2019odio affinch\u00e8 non mi facesse troppo male dentro. <\/span><\/span><\/p>\n<p class=\"MsoNormal\" style=\"justify;\"><span style=\"115%;\"><span style=\"Calibri;\">Cominciai a soffrire di alopecia, mentre i capelli di Giada erano cresciuti fino alle natiche. <\/span><\/span><\/p>\n<p class=\"MsoNormal\" style=\"justify;\"><span style=\"115%;\"><span style=\"Calibri;\">Tutti gli anni del liceo li ho trascorsi guardando dalla finestra Giada e Jonathan salire sulla vespa e coprire prima il biondo di lui poi il castano di lei con due caschi scuri con la striscia rossa al centro .<\/span><\/span><\/p>\n<p class=\"MsoNormal\" style=\"justify;\"><span style=\"115%;\"><span style=\"Calibri;\">Li seguivo con lo sguardo fare il giro del cortile due volte e poi scomparire dietro la curva del cancello bianco. <\/span><\/span><\/p>\n<p class=\"MsoNormal\" style=\"justify;\"><span style=\"115%;\"><span style=\"Calibri;\">Giada non seppe mai di quel piccolo incidente nel bagno del Settimo scientifico. <\/span><\/span><\/p>\n<p class=\"MsoNormal\" style=\"justify;\"><span style=\"115%;\"><span style=\"Calibri;\">Non sapevo perch\u00e9, ma dentro di me sentivo che un giorno mi sarebbe servito essere a conoscenza di quel segreto su Jonathan.<\/span><\/span><\/p>\n<p class=\"MsoNormal\" style=\"justify;\"><span style=\"115%;\"><span style=\"Calibri;\"><span style=\"yes;\">\u00a0<\/span>Piero Palladdini era bello e dannato come quei protagonisti dei film di James Dean, non sapeva nemmeno della mia esistenza mentre una volta a Giada le aveva appoggiato una mano sul culo mentre uscivamo da scuola insieme.<\/span><\/span><\/p>\n<p class=\"MsoNormal\" style=\"justify;\"><span style=\"115%;\"><span style=\"Calibri;\"><span style=\"yes;\">\u00a0<\/span>Lui spesso andava nel bagno e si masturbava con la porta aperta, lo faceva nel bagno delle ragazze. Ma quella mattina non era solo. <\/span><\/span><\/p>\n<p class=\"MsoNormal\" style=\"justify;\"><span style=\"115%;\"><span style=\"Calibri;\">Di me non si era accorto, non si accorgeva mai nessuno, non ero un soggetto interessante per l\u2019altro sesso. <\/span><\/span><\/p>\n<p class=\"MsoNormal\" style=\"justify;\"><span style=\"115%;\"><span style=\"Calibri;\">Non avevo mai visto un ragazzo mezzo nudo, tanto meno due maschi che facevano quelle cose. <\/span><\/span><\/p>\n<p class=\"MsoNormal\" style=\"justify;\"><span style=\"115%;\"><span style=\"Calibri;\">Il mio massimo dell\u2019esperienza era stato un bacio con la lingua alla festa di Giada dato per pegno a Genny il pi\u00f9 cesso della scuola, che ne approfitt\u00f2 per toccarmi in mezzo alle gambe, mentre mia sorella e Jonathan ridacchiavano incitandolo con gli altri.<\/span><\/span><\/p>\n<p class=\"MsoNormal\" style=\"justify;\"><span style=\"115%;\"><span style=\"Calibri;\"><span style=\"yes;\">\u00a0<\/span>Fu allora che mi ricordai di quando lui era al centro della palestra e ripensai alla sua delicatezza inconsueta nei ragazzi che frequentavamo. <\/span><\/span><\/p>\n<p class=\"MsoNormal\" style=\"justify;\"><span style=\"115%;\"><span style=\"Calibri;\">Giada non lo lasciava mai da solo, in un certo senso lo proteggeva dagli altri, forse aveva intuito, non lo so. <\/span><\/span><\/p>\n<p class=\"MsoNormal\" style=\"justify;\"><span style=\"115%;\"><span style=\"Calibri;\">Giada non \u00e8 mai stata intelligente, ma per nostro padre era la principessa di casa, lei la bella io la brutta ma intelligente. <\/span><\/span><\/p>\n<p class=\"MsoNormal\" style=\"justify;\"><span style=\"115%;\"><span style=\"Calibri;\">Questi ruoli alla fine ti restano addosso e finisci per crederci anche tu. Giada e Jonathan volevano sposarsi e mia madre era in un brodo di giuggiole.<\/span><\/span><\/p>\n<p class=\"MsoNormal\" style=\"justify;\"><span style=\"115%;\"><span style=\"Calibri;\">\u201dSiete giovani, per\u00f2 anch\u2019io avevo l\u2019et\u00e0 di Giada \u2026 e poi siete cos\u00ec belli, cos\u00ec belli!\u201d.<\/span><\/span><\/p>\n<p class=\"MsoNormal\" style=\"justify;\"><span style=\"115%;\"><span style=\"Calibri;\">Questa frase<span style=\"yes;\">\u00a0 <\/span>la pronunciava aprendo le mani al cielo come se per lei e pap\u00e0 fosse stato il dono pi\u00f9 bello avuto da Dio. <\/span><\/span><\/p>\n<p class=\"MsoNormal\" style=\"justify;\"><span style=\"115%;\"><span style=\"Calibri;\">Mamma partecip\u00f2 a tutte le scelte di Giada dal vestito ai colori dei fiori nel bouquet, al regalo per la cosa vecchia, <span style=\"yes;\">\u00a0<\/span>la cosa usata e non so quant\u2019altro. Non l\u2019avevo vista cos\u00ec attiva dai tempi in cui organizz\u00f2 il torneo di burraco al circolo della stampa.<\/span><\/span><\/p>\n<p class=\"MsoNormal\" style=\"justify;\"><span style=\"115%;\"><span style=\"Calibri;\">Mamma era eccitata pi\u00f9 dei promessi sposi. <\/span><\/span><\/p>\n<p class=\"MsoNormal\" style=\"justify;\"><span style=\"115%;\"><span style=\"Calibri;\">Quello sarebbe stato il giorno pi\u00f9 bello della vita dei miei familiari e forse di Jonathan che conservava il suo segreto elegantemente .<\/span><\/span><\/p>\n<p class=\"MsoNormal\" style=\"justify;\"><span style=\"115%;\"><span style=\"Calibri;\">Mancavano pochi dettagli all\u2019organizzazione, poi l\u2019avrei perso per sempre nel letto perfetto di mia sorella Giada.<\/span><\/span><\/p>\n<p class=\"MsoNormal\" style=\"justify;\"><span style=\"115%;\"><span style=\"Calibri;\">\u201dChi ti accompagna a fare l\u2019abito Jonathan?\u201d chiese Giada.<\/span><\/span><\/p>\n<p class=\"MsoNormal\" style=\"justify;\"><span style=\"115%;\"><span style=\"Calibri;\"><span style=\"yes;\">\u00a0<\/span>\u201c Piero.\u201d Risposi io pronta.<\/span><\/span><\/p>\n<p class=\"MsoNormal\" style=\"justify;\"><span style=\"115%;\"><span style=\"Calibri;\"><span style=\"yes;\">\u00a0<\/span>\u201cFatti accompagnare da Piero, veste benissimo ed \u00e8 un tipo deciso\u201d. <\/span><\/span><\/p>\n<p class=\"MsoNormal\" style=\"justify;\"><span style=\"115%;\"><span style=\"Calibri;\">Solo io vidi e compresi l\u2019ombra che pass\u00f2 sul viso di Jonathan.<\/span><\/span><\/p>\n<p class=\"MsoNormal\" style=\"justify;\"><span style=\"115%;\"><span style=\"Calibri;\"><span style=\"yes;\">\u00a0<\/span>Non fu difficile convincere mia sorella a correre nel negozio dove lui stava provando l\u2019abito perch\u00e9 Jonathan aveva assoluto bisogno del suo parere.<\/span><\/span><\/p>\n<p class=\"MsoNormal\" style=\"justify;\"><span style=\"115%;\"><span style=\"Calibri;\"><span style=\"yes;\">\u00a0<\/span>Entrai nel camerino di prova come il primo attore squarcia il sipario davanti al suo pubblico. <\/span><\/span><\/p>\n<p class=\"MsoNormal\" style=\"justify;\"><span style=\"115%;\"><span style=\"Calibri;\">Quasi venne gi\u00f9 la tenda dal bastone. <\/span><\/span><\/p>\n<p class=\"MsoNormal\" style=\"justify;\"><span style=\"115%;\"><span style=\"Calibri;\">Erano l\u00ec come tanti anni prima nel bagno della scuola. <\/span><\/span><\/p>\n<p class=\"MsoNormal\" style=\"justify;\"><span style=\"115%;\"><span style=\"Calibri;\">Piero Palladdini bello e dannato in piedi e il fidanzato di mia sorella in ginocchio avanti ai suoi calzoni sbottonati.<\/span><\/span><\/p>\n<p class=\"MsoNormal\" style=\"justify;\"><span style=\"115%;\"><span style=\"Calibri;\"><span style=\"yes;\">\u00a0<\/span>Aveva su ancora in prova l\u2019abito da matrimonio e non si volt\u00f2. Aveva capito che dietro di loro c\u2019erano la sua promessa sposa e sua sorella.<\/span><\/span><\/p>\n<p class=\"MsoNormal\" style=\"justify;\"><span style=\"115%;\"><span style=\"Calibri;\"><span style=\"yes;\">\u00a0<\/span>La sua nuca era rimasta bella come allora. <\/span><\/span><\/p>\n<p class=\"MsoNormal\" style=\"justify;\"><span style=\"115%;\"><span style=\"Calibri;\">Mia sorella svenne. Nessuno ebbe il giorno perfetto. <\/span><\/span><\/p>\n<p class=\"MsoNormal\" style=\"justify;\"><span style=\"115%;\"><span style=\"Calibri;\">Jonathan non sarebbe pi\u00f9 stato suo, forse nemmeno mio completamente, ma di sicuro avrei potuto consolarlo e per il momento questo mi bastava.<\/span><\/span><\/p>\n<p class=\"MsoNormal\" style=\"justify;\"><span style=\"115%;\"><span style=\"Calibri;\">\u00a0<\/span><\/span><\/p>\n<p class=\"MsoNormal\" style=\"justify;\"><span style=\"115%;\"><span style=\"Calibri;\">\u00a0<\/span><\/span><\/p>\n<p class=\"MsoNormal\"><span style=\"115%;\"><span style=\"Calibri;\">Francesca Giulia Marone<\/span><\/span><\/p>\n<div class=\"pvc_clear\"><\/div>\n<p id=\"pvc_stats_65\" class=\"pvc_stats all  \" data-element-id=\"65\" style=\"\"><i class=\"pvc-stats-icon medium\" aria-hidden=\"true\"><svg aria-hidden=\"true\" focusable=\"false\" data-prefix=\"far\" data-icon=\"chart-bar\" role=\"img\" xmlns=\"http:\/\/www.w3.org\/2000\/svg\" viewBox=\"0 0 512 512\" class=\"svg-inline--fa fa-chart-bar fa-w-16 fa-2x\"><path fill=\"currentColor\" d=\"M396.8 352h22.4c6.4 0 12.8-6.4 12.8-12.8V108.8c0-6.4-6.4-12.8-12.8-12.8h-22.4c-6.4 0-12.8 6.4-12.8 12.8v230.4c0 6.4 6.4 12.8 12.8 12.8zm-192 0h22.4c6.4 0 12.8-6.4 12.8-12.8V140.8c0-6.4-6.4-12.8-12.8-12.8h-22.4c-6.4 0-12.8 6.4-12.8 12.8v198.4c0 6.4 6.4 12.8 12.8 12.8zm96 0h22.4c6.4 0 12.8-6.4 12.8-12.8V204.8c0-6.4-6.4-12.8-12.8-12.8h-22.4c-6.4 0-12.8 6.4-12.8 12.8v134.4c0 6.4 6.4 12.8 12.8 12.8zM496 400H48V80c0-8.84-7.16-16-16-16H16C7.16 64 0 71.16 0 80v336c0 17.67 14.33 32 32 32h464c8.84 0 16-7.16 16-16v-16c0-8.84-7.16-16-16-16zm-387.2-48h22.4c6.4 0 12.8-6.4 12.8-12.8v-70.4c0-6.4-6.4-12.8-12.8-12.8h-22.4c-6.4 0-12.8 6.4-12.8 12.8v70.4c0 6.4 6.4 12.8 12.8 12.8z\" class=\"\"><\/path><\/svg><\/i> <img loading=\"lazy\" decoding=\"async\" width=\"16\" height=\"16\" alt=\"Loading\" src=\"https:\/\/www.raccontinellarete.it\/301\/wp-content\/plugins\/page-views-count\/ajax-loader-2x.gif\" border=0 \/><\/p>\n<div class=\"pvc_clear\"><\/div>\n","protected":false},"excerpt":{"rendered":"<p>Io e Jonathan \u00a0Io e Jonathan ci conoscevamo dai tempi della scuola media,da quando i compagni lo prendevano in giro per il caschetto biondo. \u201cRaffa,Raffa,dai facci il tuca tuca!\u201d gli urlavano addosso spingendolo al centro della palestra durante l\u2019ora di ginnastica. La Scimone non interveniva mai, si limitava ad osservare appollaiata sul cavalletto con le [&hellip;]<\/p>\n<div class=\"pvc_clear\"><\/div>\n<p id=\"pvc_stats_65\" class=\"pvc_stats all  \" data-element-id=\"65\" style=\"\"><i class=\"pvc-stats-icon medium\" aria-hidden=\"true\"><svg aria-hidden=\"true\" focusable=\"false\" data-prefix=\"far\" data-icon=\"chart-bar\" role=\"img\" xmlns=\"http:\/\/www.w3.org\/2000\/svg\" viewBox=\"0 0 512 512\" class=\"svg-inline--fa fa-chart-bar fa-w-16 fa-2x\"><path fill=\"currentColor\" d=\"M396.8 352h22.4c6.4 0 12.8-6.4 12.8-12.8V108.8c0-6.4-6.4-12.8-12.8-12.8h-22.4c-6.4 0-12.8 6.4-12.8 12.8v230.4c0 6.4 6.4 12.8 12.8 12.8zm-192 0h22.4c6.4 0 12.8-6.4 12.8-12.8V140.8c0-6.4-6.4-12.8-12.8-12.8h-22.4c-6.4 0-12.8 6.4-12.8 12.8v198.4c0 6.4 6.4 12.8 12.8 12.8zm96 0h22.4c6.4 0 12.8-6.4 12.8-12.8V204.8c0-6.4-6.4-12.8-12.8-12.8h-22.4c-6.4 0-12.8 6.4-12.8 12.8v134.4c0 6.4 6.4 12.8 12.8 12.8zM496 400H48V80c0-8.84-7.16-16-16-16H16C7.16 64 0 71.16 0 80v336c0 17.67 14.33 32 32 32h464c8.84 0 16-7.16 16-16v-16c0-8.84-7.16-16-16-16zm-387.2-48h22.4c6.4 0 12.8-6.4 12.8-12.8v-70.4c0-6.4-6.4-12.8-12.8-12.8h-22.4c-6.4 0-12.8 6.4-12.8 12.8v70.4c0 6.4 6.4 12.8 12.8 12.8z\" class=\"\"><\/path><\/svg><\/i> <img loading=\"lazy\" decoding=\"async\" width=\"16\" height=\"16\" alt=\"Loading\" src=\"https:\/\/www.raccontinellarete.it\/301\/wp-content\/plugins\/page-views-count\/ajax-loader-2x.gif\" border=0 \/><\/p>\n<div class=\"pvc_clear\"><\/div>\n","protected":false},"author":13,"featured_media":0,"comment_status":"open","ping_status":"closed","sticky":false,"template":"","format":"standard","meta":{"footnotes":""},"categories":[3],"tags":[],"class_list":["post-65","post","type-post","status-publish","format-standard","hentry","category-racconti-2009"],"_links":{"self":[{"href":"https:\/\/www.raccontinellarete.it\/index.php?rest_route=\/wp\/v2\/posts\/65"}],"collection":[{"href":"https:\/\/www.raccontinellarete.it\/index.php?rest_route=\/wp\/v2\/posts"}],"about":[{"href":"https:\/\/www.raccontinellarete.it\/index.php?rest_route=\/wp\/v2\/types\/post"}],"author":[{"embeddable":true,"href":"https:\/\/www.raccontinellarete.it\/index.php?rest_route=\/wp\/v2\/users\/13"}],"replies":[{"embeddable":true,"href":"https:\/\/www.raccontinellarete.it\/index.php?rest_route=%2Fwp%2Fv2%2Fcomments&post=65"}],"version-history":[{"count":0,"href":"https:\/\/www.raccontinellarete.it\/index.php?rest_route=\/wp\/v2\/posts\/65\/revisions"}],"wp:attachment":[{"href":"https:\/\/www.raccontinellarete.it\/index.php?rest_route=%2Fwp%2Fv2%2Fmedia&parent=65"}],"wp:term":[{"taxonomy":"category","embeddable":true,"href":"https:\/\/www.raccontinellarete.it\/index.php?rest_route=%2Fwp%2Fv2%2Fcategories&post=65"},{"taxonomy":"post_tag","embeddable":true,"href":"https:\/\/www.raccontinellarete.it\/index.php?rest_route=%2Fwp%2Fv2%2Ftags&post=65"}],"curies":[{"name":"wp","href":"https:\/\/api.w.org\/{rel}","templated":true}]}}