{"id":6313,"date":"2011-05-19T21:58:30","date_gmt":"2011-05-19T20:58:30","guid":{"rendered":"http:\/\/www.raccontinellarete.it\/?p=6313"},"modified":"2011-05-19T21:58:30","modified_gmt":"2011-05-19T20:58:30","slug":"premio-racconti-per-corti-2011-io-e-les-di-flavia-macchi","status":"publish","type":"post","link":"https:\/\/www.raccontinellarete.it\/?p=6313","title":{"rendered":"Premio Racconti per Corti 2011 &#8220;Io e L&#8217;Es&#8221; di Flavia Macchi"},"content":{"rendered":"<p>Soggiorno di casa di Dases\/interno\/giorno<\/p>\n<p>Ich e Dases, due ragazzi ventenni sono adagiati uno su una poltrona e l\u2019altro sul pavimento della stanza mentre parlano; Dases si sta preparando una sigaretta.<\/p>\n<p>Dases: Secondo te da che cosa viene scaturita la paura? Voglio dire, che cosa fa nascere l\u2019idea della paura, di avere timore di qualcosa\u2026i blocchi emotivi, il non riuscire a fare determinate cose, restare imbambolati senza agire perch\u00e9 non si superano situazioni in cui la paura prende il sopravvento. Come fa a controllarci al nostro posto?<\/p>\n<p>Ich: (Guarda Dases con aria stupita) Ho paura che tu voglia risolvere un po\u2019 troppe problematiche per essere gi\u00e0 a met\u00e0 pomeriggio! Questo \u00e8 un grosso discorso\u2026..e io ora ho sonno.<\/p>\n<p>Ich si rigira sulla sua poltrona e dorme, Dases fuma la sua sigaretta sorridendo e scuotendo appena la testa.<\/p>\n<p>Stanza del motel dove vive Ich\/interno\/notte<\/p>\n<p>Ich e Dases mangiano degli avanzi di pizza da un cartone, seduti sul letto mentre guardano la tv in silenzio; la finestra \u00e8 aperta e l\u2019aria fresca avvolge la camera. Dases \u00e8 girato verso la finestra dando le spalle a Ich che sullo sfondo della stanza armeggia con l\u2019apribottiglie e una birra che non si vuole stappare.<\/p>\n<p>Dases: (sottovoce, tra s\u00e9) Com\u2019\u00e8 piacevole l\u2019aria della sera\u2026forse se fossi da qualche parte a tentare qualcosa lo sarebbe ancora di pi\u00f9..<\/p>\n<p>Ich: Dovresti saperlo tu!<\/p>\n<p>Dases: (distogliendosi dai suoi pensieri, si gira verso Ich) Che cosa?<\/p>\n<p>Ich: Quello che mi hai chiesto questa mattina: da che cosa nasce la paura.<\/p>\n<p>Dases: (Addentando il suo triangolo di pizza con indifferenza) Se lo sapevo non ne facevo certo una questione da risolvere.<\/p>\n<p>Ich: Gi\u00e0\u2026Tu perch\u00e9 hai paura?<\/p>\n<p>Dases: Non so nemmeno di che cosa ho paura, figuriamoci il perch\u00e9!<\/p>\n<p>Ich: \u00e8 chiaro, l\u2019hai appena detto: temi di sprecare la tua vita.<\/p>\n<p>Dases: Ah quello \u00e8 gi\u00e0 fatto ormai!<\/p>\n<p>Ich: Parli come un vecchio decrepito infelice!<\/p>\n<p>Dases: \u00e8 lo stesso\u2026<\/p>\n<p>Ich: Invece dovresti partire, se non ti senti al tuo posto. E trovare quello che cerchi. Tutti hanno bisogno di qualcosa.<\/p>\n<p>Dases: A me non serve niente; anzi mi serve tutto, ma quando un uomo ha tutto poi non gli serve pi\u00f9 niente, quindi tanto vale restarsene come da principio.<\/p>\n<p>Ich: Questa \u00e8 una bella filosofia, non c\u2019\u00e8 che dire! (Ride)<\/p>\n<p>Dases: (Ride)<\/p>\n<p>Campagna\/esterno\/giorno<\/p>\n<p>Dases \u00e8 sdraiato sull\u2019erba mentre Ich si arrampica su di un albero.<\/p>\n<p>Dases: A te cosa piace della vita?<\/p>\n<p>Ich: A parte i tuoi momenti di alta riflessione? (sorride)<\/p>\n<p>Dases prende una zolla di terra e la tira a Ich, entrambi ridono; Ich la schiva aggrappandosi al ramo dell\u2019albero che gli sta sopra la testa.<\/p>\n<p>Ich: (mentre si dondola al ramo) A parte quelli (sorride)\u2026mi piacciono i ricordi, il passato, i bei momenti fatti di cose semplici, gli attimi, il sole caldo sulla pelle, il profumo del cielo, sapere di poter contare su qualcuno, le emozioni e i sentimenti che nascono da mente e cuore\u2026<\/p>\n<p>(Breve pausa in cui i due sembrano pensare a cose opposte, ognuno preso per un attimo dal proprio pensiero)<\/p>\n<p>Dases: Anche tu non scherzi a momenti di alta riflessione eh! (enfatizzando il tono)<\/p>\n<p>Ich: (Ridendo) Mai quanto te!&#8230;Poi anche un sacco di altre cose che non posso dirti, ovvio.<\/p>\n<p>Ridono insieme.<\/p>\n<p>Ich: A te cosa piace fare?<\/p>\n<p>Dases: Un sacco di cose\u2026ma \u00e8 tardi..<\/p>\n<p>Ich: Meglio tardi che mai.<\/p>\n<p>Dases: Qui mi cadi nel banale per\u00f2, attento!<\/p>\n<p>Ich: I momenti di alta riflessione non possono mica durare in eterno!<\/p>\n<p>Ridono.<\/p>\n<div class=\"pvc_clear\"><\/div>\n<p id=\"pvc_stats_6313\" class=\"pvc_stats all  \" data-element-id=\"6313\" style=\"\"><i class=\"pvc-stats-icon medium\" aria-hidden=\"true\"><svg aria-hidden=\"true\" focusable=\"false\" data-prefix=\"far\" data-icon=\"chart-bar\" role=\"img\" xmlns=\"http:\/\/www.w3.org\/2000\/svg\" viewBox=\"0 0 512 512\" class=\"svg-inline--fa fa-chart-bar fa-w-16 fa-2x\"><path fill=\"currentColor\" d=\"M396.8 352h22.4c6.4 0 12.8-6.4 12.8-12.8V108.8c0-6.4-6.4-12.8-12.8-12.8h-22.4c-6.4 0-12.8 6.4-12.8 12.8v230.4c0 6.4 6.4 12.8 12.8 12.8zm-192 0h22.4c6.4 0 12.8-6.4 12.8-12.8V140.8c0-6.4-6.4-12.8-12.8-12.8h-22.4c-6.4 0-12.8 6.4-12.8 12.8v198.4c0 6.4 6.4 12.8 12.8 12.8zm96 0h22.4c6.4 0 12.8-6.4 12.8-12.8V204.8c0-6.4-6.4-12.8-12.8-12.8h-22.4c-6.4 0-12.8 6.4-12.8 12.8v134.4c0 6.4 6.4 12.8 12.8 12.8zM496 400H48V80c0-8.84-7.16-16-16-16H16C7.16 64 0 71.16 0 80v336c0 17.67 14.33 32 32 32h464c8.84 0 16-7.16 16-16v-16c0-8.84-7.16-16-16-16zm-387.2-48h22.4c6.4 0 12.8-6.4 12.8-12.8v-70.4c0-6.4-6.4-12.8-12.8-12.8h-22.4c-6.4 0-12.8 6.4-12.8 12.8v70.4c0 6.4 6.4 12.8 12.8 12.8z\" class=\"\"><\/path><\/svg><\/i> <img loading=\"lazy\" decoding=\"async\" width=\"16\" height=\"16\" alt=\"Loading\" src=\"https:\/\/www.raccontinellarete.it\/301\/wp-content\/plugins\/page-views-count\/ajax-loader-2x.gif\" border=0 \/><\/p>\n<div class=\"pvc_clear\"><\/div>\n","protected":false},"excerpt":{"rendered":"<p>Soggiorno di casa di Dases\/interno\/giorno Ich e Dases, due ragazzi ventenni sono adagiati uno su una poltrona e l\u2019altro sul pavimento della stanza mentre parlano; Dases si sta preparando una sigaretta. Dases: Secondo te da che cosa viene scaturita la paura? Voglio dire, che cosa fa nascere l\u2019idea della paura, di avere timore di qualcosa\u2026i [&hellip;]<\/p>\n<div class=\"pvc_clear\"><\/div>\n<p id=\"pvc_stats_6313\" class=\"pvc_stats all  \" data-element-id=\"6313\" style=\"\"><i class=\"pvc-stats-icon medium\" aria-hidden=\"true\"><svg aria-hidden=\"true\" focusable=\"false\" data-prefix=\"far\" data-icon=\"chart-bar\" role=\"img\" xmlns=\"http:\/\/www.w3.org\/2000\/svg\" viewBox=\"0 0 512 512\" class=\"svg-inline--fa fa-chart-bar fa-w-16 fa-2x\"><path fill=\"currentColor\" d=\"M396.8 352h22.4c6.4 0 12.8-6.4 12.8-12.8V108.8c0-6.4-6.4-12.8-12.8-12.8h-22.4c-6.4 0-12.8 6.4-12.8 12.8v230.4c0 6.4 6.4 12.8 12.8 12.8zm-192 0h22.4c6.4 0 12.8-6.4 12.8-12.8V140.8c0-6.4-6.4-12.8-12.8-12.8h-22.4c-6.4 0-12.8 6.4-12.8 12.8v198.4c0 6.4 6.4 12.8 12.8 12.8zm96 0h22.4c6.4 0 12.8-6.4 12.8-12.8V204.8c0-6.4-6.4-12.8-12.8-12.8h-22.4c-6.4 0-12.8 6.4-12.8 12.8v134.4c0 6.4 6.4 12.8 12.8 12.8zM496 400H48V80c0-8.84-7.16-16-16-16H16C7.16 64 0 71.16 0 80v336c0 17.67 14.33 32 32 32h464c8.84 0 16-7.16 16-16v-16c0-8.84-7.16-16-16-16zm-387.2-48h22.4c6.4 0 12.8-6.4 12.8-12.8v-70.4c0-6.4-6.4-12.8-12.8-12.8h-22.4c-6.4 0-12.8 6.4-12.8 12.8v70.4c0 6.4 6.4 12.8 12.8 12.8z\" class=\"\"><\/path><\/svg><\/i> <img loading=\"lazy\" decoding=\"async\" width=\"16\" height=\"16\" alt=\"Loading\" src=\"https:\/\/www.raccontinellarete.it\/301\/wp-content\/plugins\/page-views-count\/ajax-loader-2x.gif\" border=0 \/><\/p>\n<div class=\"pvc_clear\"><\/div>\n","protected":false},"author":1734,"featured_media":0,"comment_status":"open","ping_status":"closed","sticky":false,"template":"","format":"standard","meta":{"footnotes":""},"categories":[13],"tags":[],"class_list":["post-6313","post","type-post","status-publish","format-standard","hentry","category-premio-racconti-per-corti-2011"],"_links":{"self":[{"href":"https:\/\/www.raccontinellarete.it\/index.php?rest_route=\/wp\/v2\/posts\/6313"}],"collection":[{"href":"https:\/\/www.raccontinellarete.it\/index.php?rest_route=\/wp\/v2\/posts"}],"about":[{"href":"https:\/\/www.raccontinellarete.it\/index.php?rest_route=\/wp\/v2\/types\/post"}],"author":[{"embeddable":true,"href":"https:\/\/www.raccontinellarete.it\/index.php?rest_route=\/wp\/v2\/users\/1734"}],"replies":[{"embeddable":true,"href":"https:\/\/www.raccontinellarete.it\/index.php?rest_route=%2Fwp%2Fv2%2Fcomments&post=6313"}],"version-history":[{"count":2,"href":"https:\/\/www.raccontinellarete.it\/index.php?rest_route=\/wp\/v2\/posts\/6313\/revisions"}],"predecessor-version":[{"id":6432,"href":"https:\/\/www.raccontinellarete.it\/index.php?rest_route=\/wp\/v2\/posts\/6313\/revisions\/6432"}],"wp:attachment":[{"href":"https:\/\/www.raccontinellarete.it\/index.php?rest_route=%2Fwp%2Fv2%2Fmedia&parent=6313"}],"wp:term":[{"taxonomy":"category","embeddable":true,"href":"https:\/\/www.raccontinellarete.it\/index.php?rest_route=%2Fwp%2Fv2%2Fcategories&post=6313"},{"taxonomy":"post_tag","embeddable":true,"href":"https:\/\/www.raccontinellarete.it\/index.php?rest_route=%2Fwp%2Fv2%2Ftags&post=6313"}],"curies":[{"name":"wp","href":"https:\/\/api.w.org\/{rel}","templated":true}]}}