{"id":6229,"date":"2011-05-18T22:34:12","date_gmt":"2011-05-18T21:34:12","guid":{"rendered":"http:\/\/www.raccontinellarete.it\/?p=6229"},"modified":"2011-05-18T22:34:12","modified_gmt":"2011-05-18T21:34:12","slug":"premio-racconti-nella-rete-2011-la-torre-primitiva-di-matias-julian-nativo","status":"publish","type":"post","link":"https:\/\/www.raccontinellarete.it\/?p=6229","title":{"rendered":"Premio Racconti nella Rete 2011 &#8220;La torre primitiva&#8221; di Matias Julian Nativo"},"content":{"rendered":"<p>A tratti il suo profilo separ\u00f2 la nebbia.<\/p>\n<p>Lo spazio fisico si deline\u00f2 mostrando le forme grigie e rozze delle mura, alzate illimitatamente superbe e senza Dio. La torre primitiva soffriva di una liquidit\u00e0 schiacciante, la quale, affondando nella cute, stuzzicava dolori nascosti e ben protetti di certe mie serate sconsolate.<\/p>\n<p>Non era materia umana, ma una sezione divisa di sensazioni, ci\u00f2 che la nebbia pi\u00f9 tardi rivel\u00f2.<\/p>\n<p>Due occhi di petrolio mi abbracciarono per qualche istante, spingendomi a lei contorto in una smorfia ignara. Sentii il corpo slegarsi brutalmente per comparire, poi, proteso ai suoi piedi d&#8217;avorio eccellenti. E c&#8217;era nelle sue movenze nient&#8217;altro che il rumore sordo delle sue ossa, lo stesso che costrinse l&#8217;ambiente intero a piegarsi alla sua misericordia animale. Nella torre primitiva l&#8217;amai.<\/p>\n<p>Trovando lo scarto decisivo fra la membrana di vita che c&#8217;\u00e8 fra la nostra condizione umana e la memoria, vissi accanto a lei un presente perfetto, fatto di pioggia estiva e nella consapevolezza fatale dell&#8217;inquietudine dell&#8217;infinito. Nella torre primitiva io l&#8217;amai.<\/p>\n<p>Maledetta eternit\u00e0 momentanea.<\/p>\n<p>Forse di notte o forse durante il giorno il sudore si condens\u00f2 cambiando materia, percepii l&#8217;enorme peso dell&#8217;acqua, fuori e dentro di me, e anche lei ad un tratto divenne liquida, confondendosi con l&#8217;umidit\u00e0 intera che le mura barbare emettevano.<\/p>\n<p>Fui preso dal terrore.<\/p>\n<p>In un balzo il tempo mi ritrov\u00f2 accovacciato in un angolo e mi restitu\u00ec il suo dono, strappandomi il corpo di lei e la sua materia densa. Nel frattempo la torre si sciolse accompagnata dal suono dolce del rivo.<\/p>\n<p>Mi ritrovai umano e conobbi la vergogna, mentre la luce esterna del sole mi bruciava il ventre e una forza lontana mi spingeva verso terra. Gi\u00f9! Sempre pi\u00f9 in gi\u00f9!, iniziai vedendo il buio e tutto divenne nero.<\/p>\n<p>Mi svegliai con l&#8217; affanno, era ancora sera, in preda al sudore appiccicato ai capelli ripensai a lei, alla nostra torre, ero ancora giovane e conoscendo l&#8217;amore conobbi la condizione umana: la mia vergogna liquida mi costrinse ad alzarmi. Nel silenzio mi guardai allo specchio: ero diventato un uomo.<\/p>\n<div class=\"pvc_clear\"><\/div>\n<p id=\"pvc_stats_6229\" class=\"pvc_stats all  \" data-element-id=\"6229\" style=\"\"><i class=\"pvc-stats-icon medium\" aria-hidden=\"true\"><svg aria-hidden=\"true\" focusable=\"false\" data-prefix=\"far\" data-icon=\"chart-bar\" role=\"img\" xmlns=\"http:\/\/www.w3.org\/2000\/svg\" viewBox=\"0 0 512 512\" class=\"svg-inline--fa fa-chart-bar fa-w-16 fa-2x\"><path fill=\"currentColor\" d=\"M396.8 352h22.4c6.4 0 12.8-6.4 12.8-12.8V108.8c0-6.4-6.4-12.8-12.8-12.8h-22.4c-6.4 0-12.8 6.4-12.8 12.8v230.4c0 6.4 6.4 12.8 12.8 12.8zm-192 0h22.4c6.4 0 12.8-6.4 12.8-12.8V140.8c0-6.4-6.4-12.8-12.8-12.8h-22.4c-6.4 0-12.8 6.4-12.8 12.8v198.4c0 6.4 6.4 12.8 12.8 12.8zm96 0h22.4c6.4 0 12.8-6.4 12.8-12.8V204.8c0-6.4-6.4-12.8-12.8-12.8h-22.4c-6.4 0-12.8 6.4-12.8 12.8v134.4c0 6.4 6.4 12.8 12.8 12.8zM496 400H48V80c0-8.84-7.16-16-16-16H16C7.16 64 0 71.16 0 80v336c0 17.67 14.33 32 32 32h464c8.84 0 16-7.16 16-16v-16c0-8.84-7.16-16-16-16zm-387.2-48h22.4c6.4 0 12.8-6.4 12.8-12.8v-70.4c0-6.4-6.4-12.8-12.8-12.8h-22.4c-6.4 0-12.8 6.4-12.8 12.8v70.4c0 6.4 6.4 12.8 12.8 12.8z\" class=\"\"><\/path><\/svg><\/i> <img loading=\"lazy\" decoding=\"async\" width=\"16\" height=\"16\" alt=\"Loading\" src=\"https:\/\/www.raccontinellarete.it\/301\/wp-content\/plugins\/page-views-count\/ajax-loader-2x.gif\" border=0 \/><\/p>\n<div class=\"pvc_clear\"><\/div>\n","protected":false},"excerpt":{"rendered":"<p>A tratti il suo profilo separ\u00f2 la nebbia. Lo spazio fisico si deline\u00f2 mostrando le forme grigie e rozze delle mura, alzate illimitatamente superbe e senza Dio. La torre primitiva soffriva di una liquidit\u00e0 schiacciante, la quale, affondando nella cute, stuzzicava dolori nascosti e ben protetti di certe mie serate sconsolate. Non era materia umana, [&hellip;]<\/p>\n<div class=\"pvc_clear\"><\/div>\n<p id=\"pvc_stats_6229\" class=\"pvc_stats all  \" data-element-id=\"6229\" style=\"\"><i class=\"pvc-stats-icon medium\" aria-hidden=\"true\"><svg aria-hidden=\"true\" focusable=\"false\" data-prefix=\"far\" data-icon=\"chart-bar\" role=\"img\" xmlns=\"http:\/\/www.w3.org\/2000\/svg\" viewBox=\"0 0 512 512\" class=\"svg-inline--fa fa-chart-bar fa-w-16 fa-2x\"><path fill=\"currentColor\" d=\"M396.8 352h22.4c6.4 0 12.8-6.4 12.8-12.8V108.8c0-6.4-6.4-12.8-12.8-12.8h-22.4c-6.4 0-12.8 6.4-12.8 12.8v230.4c0 6.4 6.4 12.8 12.8 12.8zm-192 0h22.4c6.4 0 12.8-6.4 12.8-12.8V140.8c0-6.4-6.4-12.8-12.8-12.8h-22.4c-6.4 0-12.8 6.4-12.8 12.8v198.4c0 6.4 6.4 12.8 12.8 12.8zm96 0h22.4c6.4 0 12.8-6.4 12.8-12.8V204.8c0-6.4-6.4-12.8-12.8-12.8h-22.4c-6.4 0-12.8 6.4-12.8 12.8v134.4c0 6.4 6.4 12.8 12.8 12.8zM496 400H48V80c0-8.84-7.16-16-16-16H16C7.16 64 0 71.16 0 80v336c0 17.67 14.33 32 32 32h464c8.84 0 16-7.16 16-16v-16c0-8.84-7.16-16-16-16zm-387.2-48h22.4c6.4 0 12.8-6.4 12.8-12.8v-70.4c0-6.4-6.4-12.8-12.8-12.8h-22.4c-6.4 0-12.8 6.4-12.8 12.8v70.4c0 6.4 6.4 12.8 12.8 12.8z\" class=\"\"><\/path><\/svg><\/i> <img loading=\"lazy\" decoding=\"async\" width=\"16\" height=\"16\" alt=\"Loading\" src=\"https:\/\/www.raccontinellarete.it\/301\/wp-content\/plugins\/page-views-count\/ajax-loader-2x.gif\" border=0 \/><\/p>\n<div class=\"pvc_clear\"><\/div>\n","protected":false},"author":1681,"featured_media":0,"comment_status":"open","ping_status":"closed","sticky":false,"template":"","format":"standard","meta":{"footnotes":""},"categories":[14],"tags":[],"class_list":["post-6229","post","type-post","status-publish","format-standard","hentry","category-premio-racconti-nella-rete-2011"],"_links":{"self":[{"href":"https:\/\/www.raccontinellarete.it\/index.php?rest_route=\/wp\/v2\/posts\/6229"}],"collection":[{"href":"https:\/\/www.raccontinellarete.it\/index.php?rest_route=\/wp\/v2\/posts"}],"about":[{"href":"https:\/\/www.raccontinellarete.it\/index.php?rest_route=\/wp\/v2\/types\/post"}],"author":[{"embeddable":true,"href":"https:\/\/www.raccontinellarete.it\/index.php?rest_route=\/wp\/v2\/users\/1681"}],"replies":[{"embeddable":true,"href":"https:\/\/www.raccontinellarete.it\/index.php?rest_route=%2Fwp%2Fv2%2Fcomments&post=6229"}],"version-history":[{"count":5,"href":"https:\/\/www.raccontinellarete.it\/index.php?rest_route=\/wp\/v2\/posts\/6229\/revisions"}],"predecessor-version":[{"id":6273,"href":"https:\/\/www.raccontinellarete.it\/index.php?rest_route=\/wp\/v2\/posts\/6229\/revisions\/6273"}],"wp:attachment":[{"href":"https:\/\/www.raccontinellarete.it\/index.php?rest_route=%2Fwp%2Fv2%2Fmedia&parent=6229"}],"wp:term":[{"taxonomy":"category","embeddable":true,"href":"https:\/\/www.raccontinellarete.it\/index.php?rest_route=%2Fwp%2Fv2%2Fcategories&post=6229"},{"taxonomy":"post_tag","embeddable":true,"href":"https:\/\/www.raccontinellarete.it\/index.php?rest_route=%2Fwp%2Fv2%2Ftags&post=6229"}],"curies":[{"name":"wp","href":"https:\/\/api.w.org\/{rel}","templated":true}]}}