{"id":6001,"date":"2011-05-03T10:58:32","date_gmt":"2011-05-03T09:58:32","guid":{"rendered":"http:\/\/www.raccontinellarete.it\/?p=6001"},"modified":"2011-05-03T10:58:32","modified_gmt":"2011-05-03T09:58:32","slug":"premio-racconti-per-corti-2011-anche-i-tulipani-hanno-le-spine-di-vincenzo-di-francesco","status":"publish","type":"post","link":"https:\/\/www.raccontinellarete.it\/?p=6001","title":{"rendered":"Premio Racconti per Corti 2011 &#8220;Anche i tulipani hanno le spine&#8221; di Vincenzo Di Francesco"},"content":{"rendered":"<p style=\"text-align: left;\">Francesco (30 anni) si trova nello studio del suo appartamento a scrivere degli appunti quando nella stanza entra la sua ragazza, Elisa, che gli dice che la sera successiva devono andare ad un compleanno di una loro amica. Francesco le risponde che non vuole andarci perch\u00e9 non ama la confusione ed i due iniziano a litigare.<br \/>\nMentre litigano, Francesco resta seduto davanti alla sua scrivania, sulla quale ci sono dei libri. Elisa, innervosita, scaraventa questi libri a terra e prima di uscire dalla stanza esclama: \u201c<em>Dio, quanto sono infelice<\/em>\u201d.<br \/>\nElisa esce dalla stanza e Francesco replica tra se: \u201c<em>Non sai quanto lo sono io<\/em>\u201d.<br \/>\nFrancesco si alza a raccogliere i libri e tra le pagine di un libro c&#8217;\u00e8 un tulipano appassito. Lo prende e lo guarda.<br \/>\nVediamo Francesco camminare per strada stringendo in mano il tulipano appassito quando passa davanti ad un bar dove, tra i tavoli, vede un ragazza Laura, ed un ragazzo, Luca, che parlano felici. Entrambi i ragazzi hanno circa trent&#8217;anni.<br \/>\nFrancesco li fissa, poi guarda triste il tulipano e se ne va. Mentre cammina, passa vicino ad una macchina e mette, sul parabrezza di quest&#8217;auto, tra i tergicristalli il tulipano.<br \/>\nPoco dopo vediamo una mano che prende il tulipano sul parabrezza e scopriamo che a prenderlo \u00e8 Luca, il ragazzo che Francesco ha visto al bar. Luca guarda il tulipano e accenna un leggero sorriso.<br \/>\nLuca, tornato a casa, apre un cassetto dove c&#8217;\u00e8 una foto in cui lui e Francesco sono fotografati insieme sorridenti. Dietro la foto c\u2019\u00e8 una data: 19 maggio 2006.<br \/>\nLuca cammina da solo lungo un viale alberato dove ci sono delle panchine. Su una di queste ci sono seduti Francesco ed Elisa abbracciati che sembrano felici. Luca li vede, tira fuori dalla tasca il tulipano, lo guarda. In questo momento sentiamo la sua voce fuori campo che dice: <em>\u201cE&#8217; meglio lasciare tutto cos\u00ec. Magari voleva solamente dirmi che ormai ha chiuso con il passato&#8230;.. Ma forse mi \u00e8 pi\u00f9 facile pensare questo che lasciarmi andare&#8230;\u201d.<\/em><em> <\/em>Luca rimette il tulipano in tasca e se ne va cambiando strada. Mentre si allontana dando le spalle a Francesco ed Elisa, sentiamo la sua voce fuori campo che continua la frase di prima dicendo: \u201c<em>Quando pensi che il tuo cuore abbia trovato la forza di amare, arriva qualcosa a provarti il contrario&#8230;&#8230;Ho imparato che l&#8217;amore non \u00e8 poi cos\u00ec forte come dicono, perch\u00e9 la paura, a volte, sa essere pi\u00f9 forte. Non c\u2019\u00e8 nulla capace di vincerla\u2026&#8230; Gli avevo regalato un tulipano perch\u00e9 credevo che la nostra storia sarebbe stata senza spine, invece mi sbagliavo.\u00a0 Anche i tulipani possono avere le spine<\/em><em>.\u201d<br \/>\n<\/em><\/p>\n<p style=\"text-align: center;\">\u00a0<\/p>\n<div class=\"pvc_clear\"><\/div>\n<p id=\"pvc_stats_6001\" class=\"pvc_stats all  \" data-element-id=\"6001\" style=\"\"><i class=\"pvc-stats-icon medium\" aria-hidden=\"true\"><svg aria-hidden=\"true\" focusable=\"false\" data-prefix=\"far\" data-icon=\"chart-bar\" role=\"img\" xmlns=\"http:\/\/www.w3.org\/2000\/svg\" viewBox=\"0 0 512 512\" class=\"svg-inline--fa fa-chart-bar fa-w-16 fa-2x\"><path fill=\"currentColor\" d=\"M396.8 352h22.4c6.4 0 12.8-6.4 12.8-12.8V108.8c0-6.4-6.4-12.8-12.8-12.8h-22.4c-6.4 0-12.8 6.4-12.8 12.8v230.4c0 6.4 6.4 12.8 12.8 12.8zm-192 0h22.4c6.4 0 12.8-6.4 12.8-12.8V140.8c0-6.4-6.4-12.8-12.8-12.8h-22.4c-6.4 0-12.8 6.4-12.8 12.8v198.4c0 6.4 6.4 12.8 12.8 12.8zm96 0h22.4c6.4 0 12.8-6.4 12.8-12.8V204.8c0-6.4-6.4-12.8-12.8-12.8h-22.4c-6.4 0-12.8 6.4-12.8 12.8v134.4c0 6.4 6.4 12.8 12.8 12.8zM496 400H48V80c0-8.84-7.16-16-16-16H16C7.16 64 0 71.16 0 80v336c0 17.67 14.33 32 32 32h464c8.84 0 16-7.16 16-16v-16c0-8.84-7.16-16-16-16zm-387.2-48h22.4c6.4 0 12.8-6.4 12.8-12.8v-70.4c0-6.4-6.4-12.8-12.8-12.8h-22.4c-6.4 0-12.8 6.4-12.8 12.8v70.4c0 6.4 6.4 12.8 12.8 12.8z\" class=\"\"><\/path><\/svg><\/i> <img loading=\"lazy\" decoding=\"async\" width=\"16\" height=\"16\" alt=\"Loading\" src=\"https:\/\/www.raccontinellarete.it\/301\/wp-content\/plugins\/page-views-count\/ajax-loader-2x.gif\" border=0 \/><\/p>\n<div class=\"pvc_clear\"><\/div>\n","protected":false},"excerpt":{"rendered":"<p>Francesco (30 anni) si trova nello studio del suo appartamento a scrivere degli appunti quando nella stanza entra la sua ragazza, Elisa, che gli dice che la sera successiva devono andare ad un compleanno di una loro amica. Francesco le risponde che non vuole andarci perch\u00e9 non ama la confusione ed i due iniziano a [&hellip;]<\/p>\n<div class=\"pvc_clear\"><\/div>\n<p id=\"pvc_stats_6001\" class=\"pvc_stats all  \" data-element-id=\"6001\" style=\"\"><i class=\"pvc-stats-icon medium\" aria-hidden=\"true\"><svg aria-hidden=\"true\" focusable=\"false\" data-prefix=\"far\" data-icon=\"chart-bar\" role=\"img\" xmlns=\"http:\/\/www.w3.org\/2000\/svg\" viewBox=\"0 0 512 512\" class=\"svg-inline--fa fa-chart-bar fa-w-16 fa-2x\"><path fill=\"currentColor\" d=\"M396.8 352h22.4c6.4 0 12.8-6.4 12.8-12.8V108.8c0-6.4-6.4-12.8-12.8-12.8h-22.4c-6.4 0-12.8 6.4-12.8 12.8v230.4c0 6.4 6.4 12.8 12.8 12.8zm-192 0h22.4c6.4 0 12.8-6.4 12.8-12.8V140.8c0-6.4-6.4-12.8-12.8-12.8h-22.4c-6.4 0-12.8 6.4-12.8 12.8v198.4c0 6.4 6.4 12.8 12.8 12.8zm96 0h22.4c6.4 0 12.8-6.4 12.8-12.8V204.8c0-6.4-6.4-12.8-12.8-12.8h-22.4c-6.4 0-12.8 6.4-12.8 12.8v134.4c0 6.4 6.4 12.8 12.8 12.8zM496 400H48V80c0-8.84-7.16-16-16-16H16C7.16 64 0 71.16 0 80v336c0 17.67 14.33 32 32 32h464c8.84 0 16-7.16 16-16v-16c0-8.84-7.16-16-16-16zm-387.2-48h22.4c6.4 0 12.8-6.4 12.8-12.8v-70.4c0-6.4-6.4-12.8-12.8-12.8h-22.4c-6.4 0-12.8 6.4-12.8 12.8v70.4c0 6.4 6.4 12.8 12.8 12.8z\" class=\"\"><\/path><\/svg><\/i> <img loading=\"lazy\" decoding=\"async\" width=\"16\" height=\"16\" alt=\"Loading\" src=\"https:\/\/www.raccontinellarete.it\/301\/wp-content\/plugins\/page-views-count\/ajax-loader-2x.gif\" border=0 \/><\/p>\n<div class=\"pvc_clear\"><\/div>\n","protected":false},"author":1598,"featured_media":0,"comment_status":"open","ping_status":"closed","sticky":false,"template":"","format":"standard","meta":{"footnotes":""},"categories":[13],"tags":[],"class_list":["post-6001","post","type-post","status-publish","format-standard","hentry","category-premio-racconti-per-corti-2011"],"_links":{"self":[{"href":"https:\/\/www.raccontinellarete.it\/index.php?rest_route=\/wp\/v2\/posts\/6001"}],"collection":[{"href":"https:\/\/www.raccontinellarete.it\/index.php?rest_route=\/wp\/v2\/posts"}],"about":[{"href":"https:\/\/www.raccontinellarete.it\/index.php?rest_route=\/wp\/v2\/types\/post"}],"author":[{"embeddable":true,"href":"https:\/\/www.raccontinellarete.it\/index.php?rest_route=\/wp\/v2\/users\/1598"}],"replies":[{"embeddable":true,"href":"https:\/\/www.raccontinellarete.it\/index.php?rest_route=%2Fwp%2Fv2%2Fcomments&post=6001"}],"version-history":[{"count":6,"href":"https:\/\/www.raccontinellarete.it\/index.php?rest_route=\/wp\/v2\/posts\/6001\/revisions"}],"predecessor-version":[{"id":6013,"href":"https:\/\/www.raccontinellarete.it\/index.php?rest_route=\/wp\/v2\/posts\/6001\/revisions\/6013"}],"wp:attachment":[{"href":"https:\/\/www.raccontinellarete.it\/index.php?rest_route=%2Fwp%2Fv2%2Fmedia&parent=6001"}],"wp:term":[{"taxonomy":"category","embeddable":true,"href":"https:\/\/www.raccontinellarete.it\/index.php?rest_route=%2Fwp%2Fv2%2Fcategories&post=6001"},{"taxonomy":"post_tag","embeddable":true,"href":"https:\/\/www.raccontinellarete.it\/index.php?rest_route=%2Fwp%2Fv2%2Ftags&post=6001"}],"curies":[{"name":"wp","href":"https:\/\/api.w.org\/{rel}","templated":true}]}}