{"id":59138,"date":"2026-04-27T11:44:56","date_gmt":"2026-04-27T10:44:56","guid":{"rendered":"https:\/\/www.raccontinellarete.it\/?p=59138"},"modified":"2026-04-27T14:59:44","modified_gmt":"2026-04-27T13:59:44","slug":"partecipa-anche-tu-al-25-premio-racconti-nella-rete-termina-il-31-maggio-non-aspettare","status":"publish","type":"post","link":"https:\/\/www.raccontinellarete.it\/?p=59138","title":{"rendered":"Partecipa anche tu al 25\u00b0 Premio Racconti nella Rete. Termina il 31 maggio. Non aspettare."},"content":{"rendered":"\n<p>C&#8217;\u00e8 tempo fino al 31 maggio per partecipare alla 25^ edizione del Premio letterario Racconti nella Rete. La premiazione dei vincitori, che si svolger\u00e0 a Lucca dal 3 al 18 ottobre nell&#8217;ambito del 32\u00b0 Festival LuccAutori, sar\u00e0 accompagnata da una serie di incontri con grandi personaggi del mondo della cultura e dello spettacolo.&nbsp;&nbsp;<\/p>\n\n\n\n<p><strong>Nel sito <a href=\"https:\/\/www.raccontinellarete.it\">www.raccontinellarete.it<\/a>&nbsp; si possono inserire&nbsp;racconti brevi inediti &#8211; che tutti possono leggere e commentare,&nbsp; con una sezione dedicata anche ai&nbsp;racconti per bambini, ed ai soggetti inediti per cortometraggi.<\/strong>&nbsp;&nbsp;<\/p>\n\n\n\n<p>Verranno premiati venticinque racconti &#8211; scelti da una giuria tecnica &#8211; che saranno pubblicati in una antologia edita da<strong> Castelvecchi<\/strong> (con la&nbsp;copertina disegnata da&nbsp;<strong>Athos Careghi<\/strong>). Il vincitore della sezione&nbsp;&nbsp;Corti&nbsp; potr\u00e0 partecipare alla realizzazione del cortometraggio&nbsp;che si girer\u00e0 a Lucca in collaborazione con la Scuola di&nbsp;Cinema Immagina di Firenze e per la regia di Giuseppe&nbsp;Ferlito.&nbsp; Nel sito <a href=\"https:\/\/www.raccontinellarete.it\">www.raccontinellarete.it<\/a>&nbsp;&nbsp;si pu\u00f2 vedere il&nbsp;cortometraggio &#8220;L&#8217;Algoritmo&#8221; tratto dal soggetto di Giuseppe Ciarallo, vincitore della sezione corti 2025 del premio&nbsp;letterario.&nbsp;<\/p>\n\n\n\n<p>Racconti nella Rete \u00e8 una opportunit\u00e0 per tutti coloro che&nbsp;hanno un racconto nel cassetto e desiderano arrivare alla&nbsp;pubblicazione. Cosa che avviene puntualmente ogni anno&nbsp; con&nbsp;l&#8217;antologia dei venticinque vincitori curata da Demetrio&nbsp;Brandi, presidente del premio, che anche quest&#8217;anno sar\u00e0&nbsp;pubblicata da Castelvecchi.&nbsp; Questo concorso letterario ha una sua peculiarit\u00e0: il momento&nbsp;decisamente vitale, emozionante e innovativo della&nbsp;pubblicazione in rete dei racconti, fase altamente&nbsp;significativa sotto il profilo della comunicazione, dello&nbsp;scambio e del confronto culturale. <\/p>\n\n\n\n<p>Consigliamo quindi a&nbsp;chiunque voglia partecipare, di inserire i propri racconti e&nbsp;soggetti in tempo utile per poter essere letti e commentati&nbsp;dalle centinaia di utenti che frequentano il sito.&nbsp;In una sorta di agor\u00e0 virtuale, nel sito&nbsp;<a href=\"https:\/\/www.raccontinellarete.it\">www.raccontinellarete.it<\/a>&nbsp;tutti trovano lo spazio privilegiato per dar voce alle proprie&nbsp;fantasie, memorie o sogni, per saggiare il valore e la qualit\u00e0&nbsp;del proprio lavoro, per incontrare talenti sconosciuti o&nbsp;confrontarsi con diversi stili narrativi, generi e contenuti.&nbsp;&nbsp;In questi ultimi anni il premio letterario Racconti nella&nbsp;Rete \u00e8 decisamente cresciuto nella popolarit\u00e0 e nella qualit\u00e0&nbsp;&nbsp;degli elaborati, tanto da poter a ragione essere definito un&nbsp;vero e proprio fenomeno mediatico.&nbsp;<\/p>\n\n\n\n<p>Tra i premi che saranno\u00a0assegnati a Lucca, in occasione del 32\u00b0\u00a0Festival LuccAutori, c&#8217;\u00e8 il <strong>Premio BUDUAR per il racconto umoristico<\/strong>. \u00a0Il testo sar\u00e0 scelto tra i venticinque vincitori del Premio letterario Racconti nella Rete 2026. La premiazione si svolger\u00e0 a Lucca nell\u2019ambito del Festival LuccAutori. Buduar \u00e8 un giornale che si occupa di satira e umorismo attraverso le molteplici sfaccettature. \u00a0Diretto da\u00a0Dino Aloi con\u00a0\u00a0Alessandro Prevosto\u00a0[condirettore] e\u00a0Marco De Angelis\u00a0[caporedattore]. Un giornale tutto da sfogliare al sito\u00a0<a href=\"http:\/\/www.buduar.it\/\">www.buduar.it .<\/a> Saranno anche assegnati il\u00a0\u00a0<strong>Premio Fondazione AIDR<\/strong>\u00a0al miglior racconto selezionato tra quelli inviati dagli studenti delle scuole secondarie di primo e secondo grado. Il premio del sito\u00a0<strong>HAPPYIN<\/strong> (con un soggiorno all&#8217;Hotel Esplanade di Viareggio)\u00a0riservato al miglior racconto di viaggio. Il premio\u00a0<strong>Strada del Vino e dell\u2019Olio Lucca, Montecarlo e Versilia\u00a0<\/strong>sar\u00e0 assegnato al racconto che esalti il rapporto tra prodotti, territorio e tradizione enogastronomica del nostro Paese.\u00a0\u00a0<\/p>\n\n\n\n<p>Tra gli eventi proposti le mostre&nbsp;&#8220;Racconti a colori&#8221; realizzata dagli&nbsp;studenti del Liceo Artistico Passaglia di Lucca con il contributo di Unicoop Firenze, la mostra dedicata al cantautore Bruno Lauzi &#8211; con il patrocinio del Club Tenco &#8211; nel ventennale della morte dal titolo &#8220;Bruno Lauzi: sull&#8217;onda del ricordo&#8221; e la mostra &#8220;Pinocchio &amp; Friends&#8221; a cura di Stefano&nbsp;Giraldi.&nbsp;&nbsp;Altri appuntamenti sono realizzati in collaborazione con la Fondazione Mario Tobino,&nbsp; Fondazione Giovanni Pascoli, Rotary Lucca.&nbsp;Per informazioni: <a href=\"mailto:info@raccontinellarete.it\">info@raccontinellarete.it<\/a>&nbsp;&nbsp;tel.0584 651874.<\/p>\n<div class=\"pvc_clear\"><\/div><p id=\"pvc_stats_59138\" class=\"pvc_stats all  \" data-element-id=\"59138\" style=\"\"><i class=\"pvc-stats-icon medium\" aria-hidden=\"true\"><svg aria-hidden=\"true\" focusable=\"false\" data-prefix=\"far\" data-icon=\"chart-bar\" role=\"img\" xmlns=\"http:\/\/www.w3.org\/2000\/svg\" viewBox=\"0 0 512 512\" class=\"svg-inline--fa fa-chart-bar fa-w-16 fa-2x\"><path fill=\"currentColor\" d=\"M396.8 352h22.4c6.4 0 12.8-6.4 12.8-12.8V108.8c0-6.4-6.4-12.8-12.8-12.8h-22.4c-6.4 0-12.8 6.4-12.8 12.8v230.4c0 6.4 6.4 12.8 12.8 12.8zm-192 0h22.4c6.4 0 12.8-6.4 12.8-12.8V140.8c0-6.4-6.4-12.8-12.8-12.8h-22.4c-6.4 0-12.8 6.4-12.8 12.8v198.4c0 6.4 6.4 12.8 12.8 12.8zm96 0h22.4c6.4 0 12.8-6.4 12.8-12.8V204.8c0-6.4-6.4-12.8-12.8-12.8h-22.4c-6.4 0-12.8 6.4-12.8 12.8v134.4c0 6.4 6.4 12.8 12.8 12.8zM496 400H48V80c0-8.84-7.16-16-16-16H16C7.16 64 0 71.16 0 80v336c0 17.67 14.33 32 32 32h464c8.84 0 16-7.16 16-16v-16c0-8.84-7.16-16-16-16zm-387.2-48h22.4c6.4 0 12.8-6.4 12.8-12.8v-70.4c0-6.4-6.4-12.8-12.8-12.8h-22.4c-6.4 0-12.8 6.4-12.8 12.8v70.4c0 6.4 6.4 12.8 12.8 12.8z\" class=\"\"><\/path><\/svg><\/i> <img loading=\"lazy\" decoding=\"async\" width=\"16\" height=\"16\" alt=\"Loading\" src=\"https:\/\/www.raccontinellarete.it\/301\/wp-content\/plugins\/page-views-count\/ajax-loader-2x.gif\" border=0 \/><\/p><div class=\"pvc_clear\"><\/div>","protected":false},"excerpt":{"rendered":"<p>C&#8217;\u00e8 tempo fino al 31 maggio per partecipare alla 25^ edizione del Premio letterario Racconti nella Rete. La premiazione dei vincitori, che si svolger\u00e0 a Lucca dal 3 al 18 ottobre nell&#8217;ambito del 32\u00b0 Festival LuccAutori, sar\u00e0 accompagnata da una serie di incontri con grandi personaggi del mondo della cultura e dello spettacolo.&nbsp;&nbsp; Nel sito [&hellip;]<\/p>\n<div class=\"pvc_clear\"><\/div>\n<p id=\"pvc_stats_59138\" class=\"pvc_stats all  \" data-element-id=\"59138\" style=\"\"><i class=\"pvc-stats-icon medium\" aria-hidden=\"true\"><svg aria-hidden=\"true\" focusable=\"false\" data-prefix=\"far\" data-icon=\"chart-bar\" role=\"img\" xmlns=\"http:\/\/www.w3.org\/2000\/svg\" viewBox=\"0 0 512 512\" class=\"svg-inline--fa fa-chart-bar fa-w-16 fa-2x\"><path fill=\"currentColor\" d=\"M396.8 352h22.4c6.4 0 12.8-6.4 12.8-12.8V108.8c0-6.4-6.4-12.8-12.8-12.8h-22.4c-6.4 0-12.8 6.4-12.8 12.8v230.4c0 6.4 6.4 12.8 12.8 12.8zm-192 0h22.4c6.4 0 12.8-6.4 12.8-12.8V140.8c0-6.4-6.4-12.8-12.8-12.8h-22.4c-6.4 0-12.8 6.4-12.8 12.8v198.4c0 6.4 6.4 12.8 12.8 12.8zm96 0h22.4c6.4 0 12.8-6.4 12.8-12.8V204.8c0-6.4-6.4-12.8-12.8-12.8h-22.4c-6.4 0-12.8 6.4-12.8 12.8v134.4c0 6.4 6.4 12.8 12.8 12.8zM496 400H48V80c0-8.84-7.16-16-16-16H16C7.16 64 0 71.16 0 80v336c0 17.67 14.33 32 32 32h464c8.84 0 16-7.16 16-16v-16c0-8.84-7.16-16-16-16zm-387.2-48h22.4c6.4 0 12.8-6.4 12.8-12.8v-70.4c0-6.4-6.4-12.8-12.8-12.8h-22.4c-6.4 0-12.8 6.4-12.8 12.8v70.4c0 6.4 6.4 12.8 12.8 12.8z\" class=\"\"><\/path><\/svg><\/i> <img loading=\"lazy\" decoding=\"async\" width=\"16\" height=\"16\" alt=\"Loading\" src=\"https:\/\/www.raccontinellarete.it\/301\/wp-content\/plugins\/page-views-count\/ajax-loader-2x.gif\" border=0 \/><\/p>\n<div class=\"pvc_clear\"><\/div>\n","protected":false},"author":3,"featured_media":58297,"comment_status":"open","ping_status":"closed","sticky":false,"template":"","format":"standard","meta":{"footnotes":""},"categories":[87,5],"tags":[],"class_list":["post-59138","post","type-post","status-publish","format-standard","has-post-thumbnail","hentry","category-comunicato-stampa","category-racconti-nella-rete"],"_links":{"self":[{"href":"https:\/\/www.raccontinellarete.it\/index.php?rest_route=\/wp\/v2\/posts\/59138"}],"collection":[{"href":"https:\/\/www.raccontinellarete.it\/index.php?rest_route=\/wp\/v2\/posts"}],"about":[{"href":"https:\/\/www.raccontinellarete.it\/index.php?rest_route=\/wp\/v2\/types\/post"}],"author":[{"embeddable":true,"href":"https:\/\/www.raccontinellarete.it\/index.php?rest_route=\/wp\/v2\/users\/3"}],"replies":[{"embeddable":true,"href":"https:\/\/www.raccontinellarete.it\/index.php?rest_route=%2Fwp%2Fv2%2Fcomments&post=59138"}],"version-history":[{"count":3,"href":"https:\/\/www.raccontinellarete.it\/index.php?rest_route=\/wp\/v2\/posts\/59138\/revisions"}],"predecessor-version":[{"id":59156,"href":"https:\/\/www.raccontinellarete.it\/index.php?rest_route=\/wp\/v2\/posts\/59138\/revisions\/59156"}],"wp:featuredmedia":[{"embeddable":true,"href":"https:\/\/www.raccontinellarete.it\/index.php?rest_route=\/wp\/v2\/media\/58297"}],"wp:attachment":[{"href":"https:\/\/www.raccontinellarete.it\/index.php?rest_route=%2Fwp%2Fv2%2Fmedia&parent=59138"}],"wp:term":[{"taxonomy":"category","embeddable":true,"href":"https:\/\/www.raccontinellarete.it\/index.php?rest_route=%2Fwp%2Fv2%2Fcategories&post=59138"},{"taxonomy":"post_tag","embeddable":true,"href":"https:\/\/www.raccontinellarete.it\/index.php?rest_route=%2Fwp%2Fv2%2Ftags&post=59138"}],"curies":[{"name":"wp","href":"https:\/\/api.w.org\/{rel}","templated":true}]}}