{"id":59113,"date":"2026-04-29T21:44:51","date_gmt":"2026-04-29T20:44:51","guid":{"rendered":"https:\/\/www.raccontinellarete.it\/?p=59113"},"modified":"2026-04-29T21:44:52","modified_gmt":"2026-04-29T20:44:52","slug":"premio-racconti-nella-rete-2026-la-darsena-di-simona-rotasso","status":"publish","type":"post","link":"https:\/\/www.raccontinellarete.it\/?p=59113","title":{"rendered":"Premio Racconti nella Rete 2026 &#8220;La Darsena&#8221; di Simona Rotasso"},"content":{"rendered":"\n<p>La darsena alla mia destra sonnecchia, le ancore tirate a secco sono puntellate dalle croste bianche dei balani. Le onde, come lunghe coperte di ardesia, allungano ampie lingue sulla rena. Sei in ritardo. Sono seduta sui gradoni che portano alla spiaggia, dal cui dorso puntellato\u00a0sono stati sradicati tutti gli ombrelloni. Sei in ritardo,\u00a0e io ho questa brutta abitudine di arrivare sempre\u00a0in anticipo agli appuntamenti.<\/p>\n\n\n\n<p>Tu partirai, e&nbsp;io ti perder\u00f2.<\/p>\n\n\n\n<p>L\u2019odore&nbsp;dei molluschi sputati e lasciati&nbsp;a morire dalla prima mareggiata \u00e8 nauseabondo; dovrei alzarmi, ma se mi spostassi anche solo di un millimetro questo fragile equilibrio perderebbe il suo centro: tu arriveresti e non mi troveresti.<\/p>\n\n\n\n<p>I gradoni di marmo sono umidi e freddi come lapidi, ho il sedere bagnato e sporco di sabbia, le mie gambe formicolano.<\/p>\n\n\n\n<p>Sono le sei ormai e il ponente va e viene come un grosso felino,&nbsp;indeciso se ignorarmi o divorarmi. Sincronizzo il mio respiro con il rantolo lento del mare;&nbsp;i gradoni sono alieni come la superficie lunare e cos\u00ec cerco di trovare un motivo al tuo ritardo, minimizzando questo tempo che si allarga a dismisura intorno a me,&nbsp;come una marea densa.<br>Sei in ritardo.<br>Alle sette e mezzo partir\u00e0 il tuo treno, manca ancora mezz\u2019ora e dovremmo dirci che non ci lasceremo nonostante la distanza.<\/p>\n\n\n\n<p>E ora dovrei alzarmi. A questo punto \u00e8 chiaro che non verrai, dovrei raggiungerti sotto casa, smascherarti, rinfacciarti di non essere pi\u00f9 venuto. Invece resto&nbsp;immobile, si \u00e8 acceso anche l\u2019occhio del faro della darsena verso un orizzonte violaceo di piombo.<\/p>\n\n\n\n<p>Sei in ritardo.<\/p>\n\n\n\n<p>Sono le sette e quaranta. Ho consumato da sola il nostro addio.<br>Allungo lentamente la gamba destra, poggio il tallone sul marmo, il polpaccio tira le sue fibre una per una. Scardino lentamente il groviglio dei miei arti anchilosati.<\/p>\n\n\n\n<p>Potrei alzarmi, con questa ritrovata pace che si \u00e8 aperta calda e liquida nel cavo del mio addome e si infiltra fin dentro le periferie del mio corpo. Ma&nbsp;resto&nbsp;qui, la via di casa \u00e8 costellata di pezzi di vetro e io ora ho la pelle tesa come l\u2019involucro di una grossa bolla:&nbsp;potrei rompermi con una tale facilit\u00e0 che sarebbe un peccato, proprio ora.<\/p>\n\n\n\n<p>Oppure&nbsp;scegliere il mare, senza spigoli, liscio come inchiostro di china, la darsena dietro di me si farebbe sempre pi\u00f9 piccola, il suo occhio \u2013&nbsp;come pigro ciclope \u2013&nbsp;mi investirebbe per un poco dissolvendosi poi nel nero.<\/p>\n\n\n\n<p>Tocco la tasca destra della giacca e&nbsp;sento il crepitio di un foglio di carta. Lo tiro fuori, \u00e8 un po\u2019 stropicciato, ma non troppo. Si sta imbevendo di odore salmastro e di ponente, e mi invita a restare, ancora per un po\u2019. Una penna \u00e8 con me, e la luce lunare, sufficiente.<\/p>\n<div class=\"pvc_clear\"><\/div><p id=\"pvc_stats_59113\" class=\"pvc_stats all  \" data-element-id=\"59113\" style=\"\"><i class=\"pvc-stats-icon medium\" aria-hidden=\"true\"><svg aria-hidden=\"true\" focusable=\"false\" data-prefix=\"far\" data-icon=\"chart-bar\" role=\"img\" xmlns=\"http:\/\/www.w3.org\/2000\/svg\" viewBox=\"0 0 512 512\" class=\"svg-inline--fa fa-chart-bar fa-w-16 fa-2x\"><path fill=\"currentColor\" d=\"M396.8 352h22.4c6.4 0 12.8-6.4 12.8-12.8V108.8c0-6.4-6.4-12.8-12.8-12.8h-22.4c-6.4 0-12.8 6.4-12.8 12.8v230.4c0 6.4 6.4 12.8 12.8 12.8zm-192 0h22.4c6.4 0 12.8-6.4 12.8-12.8V140.8c0-6.4-6.4-12.8-12.8-12.8h-22.4c-6.4 0-12.8 6.4-12.8 12.8v198.4c0 6.4 6.4 12.8 12.8 12.8zm96 0h22.4c6.4 0 12.8-6.4 12.8-12.8V204.8c0-6.4-6.4-12.8-12.8-12.8h-22.4c-6.4 0-12.8 6.4-12.8 12.8v134.4c0 6.4 6.4 12.8 12.8 12.8zM496 400H48V80c0-8.84-7.16-16-16-16H16C7.16 64 0 71.16 0 80v336c0 17.67 14.33 32 32 32h464c8.84 0 16-7.16 16-16v-16c0-8.84-7.16-16-16-16zm-387.2-48h22.4c6.4 0 12.8-6.4 12.8-12.8v-70.4c0-6.4-6.4-12.8-12.8-12.8h-22.4c-6.4 0-12.8 6.4-12.8 12.8v70.4c0 6.4 6.4 12.8 12.8 12.8z\" class=\"\"><\/path><\/svg><\/i> <img loading=\"lazy\" decoding=\"async\" width=\"16\" height=\"16\" alt=\"Loading\" src=\"https:\/\/www.raccontinellarete.it\/301\/wp-content\/plugins\/page-views-count\/ajax-loader-2x.gif\" border=0 \/><\/p><div class=\"pvc_clear\"><\/div>","protected":false},"excerpt":{"rendered":"<p>La darsena alla mia destra sonnecchia, le ancore tirate a secco sono puntellate dalle croste bianche dei balani. Le onde, come lunghe coperte di ardesia, allungano ampie lingue sulla rena. Sei in ritardo. Sono seduta sui gradoni che portano alla spiaggia, dal cui dorso puntellato\u00a0sono stati sradicati tutti gli ombrelloni. Sei in ritardo,\u00a0e io ho [&hellip;]<\/p>\n<div class=\"pvc_clear\"><\/div>\n<p id=\"pvc_stats_59113\" class=\"pvc_stats all  \" data-element-id=\"59113\" style=\"\"><i class=\"pvc-stats-icon medium\" aria-hidden=\"true\"><svg aria-hidden=\"true\" focusable=\"false\" data-prefix=\"far\" data-icon=\"chart-bar\" role=\"img\" xmlns=\"http:\/\/www.w3.org\/2000\/svg\" viewBox=\"0 0 512 512\" class=\"svg-inline--fa fa-chart-bar fa-w-16 fa-2x\"><path fill=\"currentColor\" d=\"M396.8 352h22.4c6.4 0 12.8-6.4 12.8-12.8V108.8c0-6.4-6.4-12.8-12.8-12.8h-22.4c-6.4 0-12.8 6.4-12.8 12.8v230.4c0 6.4 6.4 12.8 12.8 12.8zm-192 0h22.4c6.4 0 12.8-6.4 12.8-12.8V140.8c0-6.4-6.4-12.8-12.8-12.8h-22.4c-6.4 0-12.8 6.4-12.8 12.8v198.4c0 6.4 6.4 12.8 12.8 12.8zm96 0h22.4c6.4 0 12.8-6.4 12.8-12.8V204.8c0-6.4-6.4-12.8-12.8-12.8h-22.4c-6.4 0-12.8 6.4-12.8 12.8v134.4c0 6.4 6.4 12.8 12.8 12.8zM496 400H48V80c0-8.84-7.16-16-16-16H16C7.16 64 0 71.16 0 80v336c0 17.67 14.33 32 32 32h464c8.84 0 16-7.16 16-16v-16c0-8.84-7.16-16-16-16zm-387.2-48h22.4c6.4 0 12.8-6.4 12.8-12.8v-70.4c0-6.4-6.4-12.8-12.8-12.8h-22.4c-6.4 0-12.8 6.4-12.8 12.8v70.4c0 6.4 6.4 12.8 12.8 12.8z\" class=\"\"><\/path><\/svg><\/i> <img loading=\"lazy\" decoding=\"async\" width=\"16\" height=\"16\" alt=\"Loading\" src=\"https:\/\/www.raccontinellarete.it\/301\/wp-content\/plugins\/page-views-count\/ajax-loader-2x.gif\" border=0 \/><\/p>\n<div class=\"pvc_clear\"><\/div>\n","protected":false},"author":39347,"featured_media":0,"comment_status":"open","ping_status":"closed","sticky":false,"template":"","format":"standard","meta":{"footnotes":""},"categories":[797],"tags":[],"class_list":["post-59113","post","type-post","status-publish","format-standard","hentry","category-premio-racconti-nella-rete-2026"],"_links":{"self":[{"href":"https:\/\/www.raccontinellarete.it\/index.php?rest_route=\/wp\/v2\/posts\/59113"}],"collection":[{"href":"https:\/\/www.raccontinellarete.it\/index.php?rest_route=\/wp\/v2\/posts"}],"about":[{"href":"https:\/\/www.raccontinellarete.it\/index.php?rest_route=\/wp\/v2\/types\/post"}],"author":[{"embeddable":true,"href":"https:\/\/www.raccontinellarete.it\/index.php?rest_route=\/wp\/v2\/users\/39347"}],"replies":[{"embeddable":true,"href":"https:\/\/www.raccontinellarete.it\/index.php?rest_route=%2Fwp%2Fv2%2Fcomments&post=59113"}],"version-history":[{"count":2,"href":"https:\/\/www.raccontinellarete.it\/index.php?rest_route=\/wp\/v2\/posts\/59113\/revisions"}],"predecessor-version":[{"id":59189,"href":"https:\/\/www.raccontinellarete.it\/index.php?rest_route=\/wp\/v2\/posts\/59113\/revisions\/59189"}],"wp:attachment":[{"href":"https:\/\/www.raccontinellarete.it\/index.php?rest_route=%2Fwp%2Fv2%2Fmedia&parent=59113"}],"wp:term":[{"taxonomy":"category","embeddable":true,"href":"https:\/\/www.raccontinellarete.it\/index.php?rest_route=%2Fwp%2Fv2%2Fcategories&post=59113"},{"taxonomy":"post_tag","embeddable":true,"href":"https:\/\/www.raccontinellarete.it\/index.php?rest_route=%2Fwp%2Fv2%2Ftags&post=59113"}],"curies":[{"name":"wp","href":"https:\/\/api.w.org\/{rel}","templated":true}]}}