{"id":58627,"date":"2026-03-11T20:49:38","date_gmt":"2026-03-11T19:49:38","guid":{"rendered":"https:\/\/www.raccontinellarete.it\/?p=58627"},"modified":"2026-03-24T11:17:53","modified_gmt":"2026-03-24T10:17:53","slug":"sabato-21-marzo-racconti-nella-rete-alla-biblioteca-della-felicita-di-martignano","status":"publish","type":"post","link":"https:\/\/www.raccontinellarete.it\/?p=58627","title":{"rendered":"Sabato 21 marzo Racconti nella Rete alla Biblioteca della Felicit\u00e0 di Martignano"},"content":{"rendered":"\n<p>Sabato 21 marzo 2026 alle 19.00 la Biblioteca della Felicit\u00e0, Community Library di Martignano (Lecce) accoglie la presentazione dell\u2019antologia del Premio Racconti nella Rete 2025.<\/p>\n\n\n\n<p>Insieme al presidente del premio letterario, <strong>Demetrio Brandi<\/strong>, intervengono <strong>Antonio Apostolo, Caterina Fiume e Nico Mele<\/strong>. Apostolo \u00e8 uno dei venticinque vincitori della 24^ edizione del premio letterario, premiati a Lucca in occasione della trentunesima edizione di LuccAutori.<\/p>\n\n\n\n<p>Caterina Fiume e Nico Mele hanno vinto in passato, rispettivamente nel 2023 e 2017, e sono entrambi di Bari. Con Antonio Apostolo, di Martignano, avremo tre scrittori pugliesi che parleranno della loro esperienza letteraria e dei progetti futuri. I racconti sono pubblicati nell\u2019antologia edita da Castelvecchi.<\/p>\n\n\n\n<p>In sala, accolti dal sindaco di Martignano <strong>Luigino Sergio<\/strong> e dal direttore di Parco Palmieri <strong>Pantaleo Rielli<\/strong>, gli autori saranno intervistati da Demetrio Brandi. Il poeta Giuseppe Semeraro legger\u00e0 alcuni estratti dei racconti.<\/p>\n\n\n\n<p>Durante l\u2019incontro sar\u00e0 proiettato il corto \u201cL\u2019algoritmo\u201d tratto dal soggetto di <strong>Giuseppe Ciarallo<\/strong>, vincitore della sezione corti del premio Racconti nella Rete 2025. Regia di <strong>Giuseppe Ferlito<\/strong>, con <strong>Andrea Inserra, Vincenzo Puzziferri, Alessio Casini, Alessandro Bartoli.<\/strong> Produzione LuccAutori e Scuola di Cinema Immagina.<\/p>\n\n\n\n<p>\u201cIl premio Racconti nella Rete si caratterizza per l\u2019alta qualit\u00e0 dei testi che hanno partecipato al concorso\u201d dice il presidente Demetrio Brandi. \u201cQuesti selezionati per la ventiquattresima edizione sono stati i migliori, ma nel sito raccontinellarete.it si possono leggere altri piccoli gioielli. Nei vari generi rappresentati ha prevalso, come sempre, il racconto che tratta di sensazioni e sentimenti, di famiglia o di amore, con molte trame e soluzioni narrative interessanti. Soluzioni che rivelano come si possano trovare sempre nuove idee tra i tantissimi testi pervenuti finora e selezionati.\u201d Concorso che si conferma come il pi\u00f9 importante a livello nazionale per gli autori emergenti. Ogni anno spunti originali e storie accattivanti mettono in moto un meccanismo creativo meravigliosamente produttivo e offrono al lettore un\u2019esperienza unica e preziosa: aiutano a pensare intrattenendo.\u201d<\/p>\n\n\n\n<p>Sono seicento gli scrittori pubblicati nelle antologie di Racconti nella Rete molti dei quali hanno ottenuto, nel tempo, brillanti risultati in campo letterario. Il progetto permette a tutti, giovani e meno giovani, di partecipare al concorso con un racconto breve, una favola per bambini o un soggetto per cortometraggio. Nel sito www.raccontinellarete.it \u00e8 partita la 25^ edizione del premio che si concluder\u00e0 il 31 maggio 2026. Prossimamente ci saranno altre presentazioni dell\u2019antologia a Firenze, sabato 11 aprile, e a maggio al Salone del libro di Torino. La premiazione dei vincitori avverr\u00e0 come sempre nell\u2019ambito del festival LuccAutori, in programma a Lucca dal 3 al 18 ottobre 2026.<\/p>\n\n\n\n<p>Ideato nel 2002 da Demetrio Brandi, il premio si \u00e8 affermato come il pi\u00f9 importante concorso nazionale dedicato agli autori emergenti. Un vero laboratorio di scrittura creativa che vive tutto l\u2019anno online (raccontinellarete.it). I racconti selezionati testimoniano la crescita del progetto: una scrittura sempre pi\u00f9 consapevole, sfumata, originale, capace di declinare stili, temi e linguaggi in modo personale e innovativo. Le narrazioni, frutto di un lavoro accurato e spesso sperimentale, riflettono un\u2019evoluzione verso una maturit\u00e0 letteraria non pi\u00f9 episodica, ma sempre pi\u00f9 orientata alla professionalit\u00e0. A impreziosire questa edizione, la copertina originale dell\u2019illustratrice Marilena Nardi, che aggiunge un tocco d\u2019autore anche all\u2019immagine visiva del volume.<\/p>\n\n\n\n<p>L\u2019evento \u00e8 curato dalla Cooperativa sociale Open di Parco Palmieri in collaborazione con il Comune di Martignano e LuccAutori.<\/p>\n\n\n\n<figure class=\"wp-block-image size-large\"><img loading=\"lazy\" decoding=\"async\" width=\"1024\" height=\"576\" src=\"https:\/\/www.raccontinellarete.it\/301\/wp-content\/uploads\/2026\/03\/BANNER-RACCONTI-NELLA-RETE-1024x576.jpg\" alt=\"\" class=\"wp-image-58633\" srcset=\"https:\/\/www.raccontinellarete.it\/301\/wp-content\/uploads\/2026\/03\/BANNER-RACCONTI-NELLA-RETE-1024x576.jpg 1024w, https:\/\/www.raccontinellarete.it\/301\/wp-content\/uploads\/2026\/03\/BANNER-RACCONTI-NELLA-RETE-344x194.jpg 344w, https:\/\/www.raccontinellarete.it\/301\/wp-content\/uploads\/2026\/03\/BANNER-RACCONTI-NELLA-RETE-768x432.jpg 768w, https:\/\/www.raccontinellarete.it\/301\/wp-content\/uploads\/2026\/03\/BANNER-RACCONTI-NELLA-RETE-1536x864.jpg 1536w, https:\/\/www.raccontinellarete.it\/301\/wp-content\/uploads\/2026\/03\/BANNER-RACCONTI-NELLA-RETE.jpg 1920w\" sizes=\"(max-width: 1024px) 100vw, 1024px\" \/><\/figure>\n\n\n<div class=\"pvc_clear\"><\/div><p id=\"pvc_stats_58627\" class=\"pvc_stats all  \" data-element-id=\"58627\" style=\"\"><i class=\"pvc-stats-icon medium\" aria-hidden=\"true\"><svg aria-hidden=\"true\" focusable=\"false\" data-prefix=\"far\" data-icon=\"chart-bar\" role=\"img\" xmlns=\"http:\/\/www.w3.org\/2000\/svg\" viewBox=\"0 0 512 512\" class=\"svg-inline--fa fa-chart-bar fa-w-16 fa-2x\"><path fill=\"currentColor\" d=\"M396.8 352h22.4c6.4 0 12.8-6.4 12.8-12.8V108.8c0-6.4-6.4-12.8-12.8-12.8h-22.4c-6.4 0-12.8 6.4-12.8 12.8v230.4c0 6.4 6.4 12.8 12.8 12.8zm-192 0h22.4c6.4 0 12.8-6.4 12.8-12.8V140.8c0-6.4-6.4-12.8-12.8-12.8h-22.4c-6.4 0-12.8 6.4-12.8 12.8v198.4c0 6.4 6.4 12.8 12.8 12.8zm96 0h22.4c6.4 0 12.8-6.4 12.8-12.8V204.8c0-6.4-6.4-12.8-12.8-12.8h-22.4c-6.4 0-12.8 6.4-12.8 12.8v134.4c0 6.4 6.4 12.8 12.8 12.8zM496 400H48V80c0-8.84-7.16-16-16-16H16C7.16 64 0 71.16 0 80v336c0 17.67 14.33 32 32 32h464c8.84 0 16-7.16 16-16v-16c0-8.84-7.16-16-16-16zm-387.2-48h22.4c6.4 0 12.8-6.4 12.8-12.8v-70.4c0-6.4-6.4-12.8-12.8-12.8h-22.4c-6.4 0-12.8 6.4-12.8 12.8v70.4c0 6.4 6.4 12.8 12.8 12.8z\" class=\"\"><\/path><\/svg><\/i> <img loading=\"lazy\" decoding=\"async\" width=\"16\" height=\"16\" alt=\"Loading\" src=\"https:\/\/www.raccontinellarete.it\/301\/wp-content\/plugins\/page-views-count\/ajax-loader-2x.gif\" border=0 \/><\/p><div class=\"pvc_clear\"><\/div>","protected":false},"excerpt":{"rendered":"<p>Sabato 21 marzo 2026 alle 19.00 la Biblioteca della Felicit\u00e0, Community Library di Martignano (Lecce) accoglie la presentazione dell\u2019antologia del Premio Racconti nella Rete 2025. Insieme al presidente del premio letterario, Demetrio Brandi, intervengono Antonio Apostolo, Caterina Fiume e Nico Mele. Apostolo \u00e8 uno dei venticinque vincitori della 24^ edizione del premio letterario, premiati a [&hellip;]<\/p>\n<div class=\"pvc_clear\"><\/div>\n<p id=\"pvc_stats_58627\" class=\"pvc_stats all  \" data-element-id=\"58627\" style=\"\"><i class=\"pvc-stats-icon medium\" aria-hidden=\"true\"><svg aria-hidden=\"true\" focusable=\"false\" data-prefix=\"far\" data-icon=\"chart-bar\" role=\"img\" xmlns=\"http:\/\/www.w3.org\/2000\/svg\" viewBox=\"0 0 512 512\" class=\"svg-inline--fa fa-chart-bar fa-w-16 fa-2x\"><path fill=\"currentColor\" d=\"M396.8 352h22.4c6.4 0 12.8-6.4 12.8-12.8V108.8c0-6.4-6.4-12.8-12.8-12.8h-22.4c-6.4 0-12.8 6.4-12.8 12.8v230.4c0 6.4 6.4 12.8 12.8 12.8zm-192 0h22.4c6.4 0 12.8-6.4 12.8-12.8V140.8c0-6.4-6.4-12.8-12.8-12.8h-22.4c-6.4 0-12.8 6.4-12.8 12.8v198.4c0 6.4 6.4 12.8 12.8 12.8zm96 0h22.4c6.4 0 12.8-6.4 12.8-12.8V204.8c0-6.4-6.4-12.8-12.8-12.8h-22.4c-6.4 0-12.8 6.4-12.8 12.8v134.4c0 6.4 6.4 12.8 12.8 12.8zM496 400H48V80c0-8.84-7.16-16-16-16H16C7.16 64 0 71.16 0 80v336c0 17.67 14.33 32 32 32h464c8.84 0 16-7.16 16-16v-16c0-8.84-7.16-16-16-16zm-387.2-48h22.4c6.4 0 12.8-6.4 12.8-12.8v-70.4c0-6.4-6.4-12.8-12.8-12.8h-22.4c-6.4 0-12.8 6.4-12.8 12.8v70.4c0 6.4 6.4 12.8 12.8 12.8z\" class=\"\"><\/path><\/svg><\/i> <img loading=\"lazy\" decoding=\"async\" width=\"16\" height=\"16\" alt=\"Loading\" src=\"https:\/\/www.raccontinellarete.it\/301\/wp-content\/plugins\/page-views-count\/ajax-loader-2x.gif\" border=0 \/><\/p>\n<div class=\"pvc_clear\"><\/div>\n","protected":false},"author":3,"featured_media":58694,"comment_status":"open","ping_status":"closed","sticky":false,"template":"","format":"standard","meta":{"footnotes":""},"categories":[87,5],"tags":[],"class_list":["post-58627","post","type-post","status-publish","format-standard","has-post-thumbnail","hentry","category-comunicato-stampa","category-racconti-nella-rete"],"_links":{"self":[{"href":"https:\/\/www.raccontinellarete.it\/index.php?rest_route=\/wp\/v2\/posts\/58627"}],"collection":[{"href":"https:\/\/www.raccontinellarete.it\/index.php?rest_route=\/wp\/v2\/posts"}],"about":[{"href":"https:\/\/www.raccontinellarete.it\/index.php?rest_route=\/wp\/v2\/types\/post"}],"author":[{"embeddable":true,"href":"https:\/\/www.raccontinellarete.it\/index.php?rest_route=\/wp\/v2\/users\/3"}],"replies":[{"embeddable":true,"href":"https:\/\/www.raccontinellarete.it\/index.php?rest_route=%2Fwp%2Fv2%2Fcomments&post=58627"}],"version-history":[{"count":3,"href":"https:\/\/www.raccontinellarete.it\/index.php?rest_route=\/wp\/v2\/posts\/58627\/revisions"}],"predecessor-version":[{"id":58634,"href":"https:\/\/www.raccontinellarete.it\/index.php?rest_route=\/wp\/v2\/posts\/58627\/revisions\/58634"}],"wp:featuredmedia":[{"embeddable":true,"href":"https:\/\/www.raccontinellarete.it\/index.php?rest_route=\/wp\/v2\/media\/58694"}],"wp:attachment":[{"href":"https:\/\/www.raccontinellarete.it\/index.php?rest_route=%2Fwp%2Fv2%2Fmedia&parent=58627"}],"wp:term":[{"taxonomy":"category","embeddable":true,"href":"https:\/\/www.raccontinellarete.it\/index.php?rest_route=%2Fwp%2Fv2%2Fcategories&post=58627"},{"taxonomy":"post_tag","embeddable":true,"href":"https:\/\/www.raccontinellarete.it\/index.php?rest_route=%2Fwp%2Fv2%2Ftags&post=58627"}],"curies":[{"name":"wp","href":"https:\/\/api.w.org\/{rel}","templated":true}]}}