{"id":58327,"date":"2026-01-28T12:11:14","date_gmt":"2026-01-28T11:11:14","guid":{"rendered":"https:\/\/www.raccontinellarete.it\/?p=58327"},"modified":"2026-01-28T12:11:16","modified_gmt":"2026-01-28T11:11:16","slug":"athos-careghi-firma-la-copertina-2026-dellantologia-del-premio-racconti-nella-rete","status":"publish","type":"post","link":"https:\/\/www.raccontinellarete.it\/?p=58327","title":{"rendered":"Athos Careghi firma la copertina 2026 dell&#8217;antologia del Premio Racconti nella Rete"},"content":{"rendered":"\n<p><strong>L&#8217;antologia, edita da Castelvecchi, accoglier\u00e0 i venticinque racconti vincitori della 25^ edizione del Premio.&nbsp;<\/strong><strong>L&#8217;immagine verr\u00e0 utilizzata anche per il manifesto della trentaduesima edizione del festival LuccAutori in programma a Lucca dal 3 al 18 ottobre.<\/strong>&nbsp;<\/p>\n\n\n\n<p><strong>Athos Careghi,<\/strong> in arte Athos, emiliano di nascita vive e lavora a Milano dopo aver trascorso alcuni anni di esperienza e lavoro in Olanda e Belgio, dove \u00e8 dovuto emigrare quando da studente \u00e8 stato espulso dalla scuola per aver fatto la caricatura al professore di italiano. E&#8217; considerato tra i pi\u00f9 importanti vignettisti italiani.&nbsp; La passione di Athos per il disegno ha radici lontane. Diplomato in tecniche industriali e commerciali, \u00e8 laureato in Economia e Commercio.&nbsp;Athos ha iniziato a pubblicare da giovanissimo. La prima vignetta su&nbsp;<em>Il Vittorioso<\/em>&nbsp;\u00e8 del 1951.&nbsp; &nbsp;E&#8217; passato dal&nbsp;<em>Corriere della Sera<\/em>&nbsp;a&nbsp;<em>La Settimana Enigmistica<\/em>, dal&nbsp;<em>Il Bertoldo<\/em>&nbsp;a&nbsp;<em>Il Monello<\/em>&nbsp;e a&nbsp;<em>La Gazzetta dello Sport<\/em>&nbsp;per citare alcune testate per approdare poi negli anni Ottanta a&nbsp;<em>Il Giornalino<\/em>&nbsp;con la sua nota striscia\/pagina di &#8220;Fra Tino&#8221;&nbsp; oggi mensilmente&nbsp; pubblicata su &#8220;<em>Famiglia Cristiana<\/em>&#8220;.&nbsp; Ha pubblicato nel 2021 la raccolta intitolata &#8220;Fra Tino&#8221; in occasione dei 40 anni del personaggio. E&#8217; autore di raccolte di strisce e di vignette di satira antimilitarista. Nel 2022 \u00e8 uscito anche &#8220;Un amore di sorelle&#8221; viaggio umoristico tra le suore d&#8217;Italia. Recentemente per le edizioni Sbam \u00e8 uscito il nuovo libro dal titolo &#8221; Fra Tino, cielo a pecorelle&#8221;.<\/p>\n\n\n\n<p><strong>Le antologie di Racconti nella Rete hanno sempre avuto\u00a0 copertine d&#8217;autore,\u00a0 a partire dalla prima edizione del 2002. <\/strong>Ricordiamo tra gli altri Antonio Possenti, Lido Contemori, Giampaolo Talani, Sergio Staino, Marco De Angelis, Giuliano Rossetti, Mario Ramon Scocco, Alessandro Trisciuzzi, Franz Borghese,\u00a0 Massimo Cavezzali, Bruno Cannucciari, Benito Jacovitti, Silvia Ziche, Bruno Bozzetto, Milko Dalla Battista, Margherita Allegri, Fabio Sironi, Marilena Nardi.<br><\/p>\n\n\n\n<p><strong>La 25^ edizione del Premio Letterario \u201cRacconti nelle Rete\u201d.<\/strong> Un concorso nazionale che permette di pubblicare in rete un racconto breve o un soggetto per corti con la semplice registrazione\u00a0 nel sito\u00a0<a href=\"https:\/\/www.raccontinellarete.it\">www.raccontinellarete.it<\/a>. Nato da un\u2019idea del giornalista Demetrio Brandi, il Premio Racconti nella Rete \u00e8 collegato al Festival letterario LuccAutori che il prossimo anno, a Lucca, arriver\u00e0 alla trentunesima edizione.\u00a0 I venticinque vincitori della nuova edizione saranno pubblicati nell\u2019antologia edita da Castelvecchi. Il premio letterario si sviluppa fino al 31 maggio 2026 nel sito\u00a0<a href=\"https:\/\/www.raccontinellarete.it\">www.raccontinellarete.it<\/a>, dove gli scrittori possono pubblicare i loro racconti oltre che leggerli e commentarli.\u00a0 Numerosi sono gli appuntamenti con il premio e gli scrittori vincitori in programma nelle pi\u00f9 importanti citt\u00e0 italiane.\u00a0 \u00a0\u00a0<\/p>\n\n\n\n<p><strong>Il premio \u00e8 una vetrina letteraria,<\/strong> tutti possono partecipare al concorso presentando un racconto inedito, oppure un soggetto per la sezione Corti. Racconti nella Rete vuole essere un\u2019opportunit\u00e0 di espressione e confronto fra aspiranti scrittori pi\u00f9 o meno giovani. In una sorta di agor\u00e0 virtuale, tutti trovano infatti lo spazio privilegiato per dar voce alle proprie fantasie, memorie o sogni, per cimentarsi nella scrittura creativa e per saggiare il valore e la qualit\u00e0 del proprio lavoro, incontrando talenti sconosciuti o confrontandosi immediatamente con i diversi stili narrativi, generi e contenuti.\u00a0 \u00a0Gli autori fino ai venticinque anni di et\u00e0 potranno usufruire di uno sconto di dieci euro sulla quota di partecipazione al premio. Molti tra gli autori pubblicati in questi anni nelle antologie hanno ottenuto brillanti risultati in campo letterario. Tra i riconoscimenti ai vincitori ricordiamo che il giornale Budu\u00e0r assegner\u00e0 un premio al miglior racconto umoristico mentre la Fondazione AIDR , con una promozione capillare, coinvolger\u00e0 le scuole primarie e secondarie di tutta Italia per arrivare a premiare il testo migliore tra i giovani talenti. Inoltre un premio per il miglior racconto di viaggio sar\u00e0 assegnato dal portale social Happyin.<\/p>\n\n\n\n<p><strong>Per partecipare basta registrarsi e leggere il regolamento pubblicato nel sito\u00a0<a href=\"https:\/\/www.raccontinellarete.it\">www.raccontinellarete.it<\/a><\/strong>.\u00a0<\/p>\n\n\n\n<p>Il racconto, a tema libero, non dovr\u00e0 superare le cinque cartelle di testo: se l\u2019elaborato sar\u00e0 ritenuto interessante verr\u00e0 subito inserito nel sito. Per informazioni tel. 0584651874 <a href=\"mailto:info@raccontinellarete.it\">info@raccontinellarete.it<\/a>\u00a0\u00a0<\/p>\n\n\n\n<figure class=\"wp-block-image size-large\"><img loading=\"lazy\" decoding=\"async\" width=\"732\" height=\"1024\" src=\"https:\/\/www.raccontinellarete.it\/301\/wp-content\/uploads\/2026\/01\/racconti2026-1-Copia-732x1024.jpg\" alt=\"\" class=\"wp-image-58297\" srcset=\"https:\/\/www.raccontinellarete.it\/301\/wp-content\/uploads\/2026\/01\/racconti2026-1-Copia-732x1024.jpg 732w, https:\/\/www.raccontinellarete.it\/301\/wp-content\/uploads\/2026\/01\/racconti2026-1-Copia-179x250.jpg 179w, https:\/\/www.raccontinellarete.it\/301\/wp-content\/uploads\/2026\/01\/racconti2026-1-Copia-768x1075.jpg 768w, https:\/\/www.raccontinellarete.it\/301\/wp-content\/uploads\/2026\/01\/racconti2026-1-Copia.jpg 886w\" sizes=\"(max-width: 732px) 100vw, 732px\" \/><\/figure>\n<div class=\"pvc_clear\"><\/div><p id=\"pvc_stats_58327\" class=\"pvc_stats all  \" data-element-id=\"58327\" style=\"\"><i class=\"pvc-stats-icon medium\" aria-hidden=\"true\"><svg aria-hidden=\"true\" focusable=\"false\" data-prefix=\"far\" data-icon=\"chart-bar\" role=\"img\" xmlns=\"http:\/\/www.w3.org\/2000\/svg\" viewBox=\"0 0 512 512\" class=\"svg-inline--fa fa-chart-bar fa-w-16 fa-2x\"><path fill=\"currentColor\" d=\"M396.8 352h22.4c6.4 0 12.8-6.4 12.8-12.8V108.8c0-6.4-6.4-12.8-12.8-12.8h-22.4c-6.4 0-12.8 6.4-12.8 12.8v230.4c0 6.4 6.4 12.8 12.8 12.8zm-192 0h22.4c6.4 0 12.8-6.4 12.8-12.8V140.8c0-6.4-6.4-12.8-12.8-12.8h-22.4c-6.4 0-12.8 6.4-12.8 12.8v198.4c0 6.4 6.4 12.8 12.8 12.8zm96 0h22.4c6.4 0 12.8-6.4 12.8-12.8V204.8c0-6.4-6.4-12.8-12.8-12.8h-22.4c-6.4 0-12.8 6.4-12.8 12.8v134.4c0 6.4 6.4 12.8 12.8 12.8zM496 400H48V80c0-8.84-7.16-16-16-16H16C7.16 64 0 71.16 0 80v336c0 17.67 14.33 32 32 32h464c8.84 0 16-7.16 16-16v-16c0-8.84-7.16-16-16-16zm-387.2-48h22.4c6.4 0 12.8-6.4 12.8-12.8v-70.4c0-6.4-6.4-12.8-12.8-12.8h-22.4c-6.4 0-12.8 6.4-12.8 12.8v70.4c0 6.4 6.4 12.8 12.8 12.8z\" class=\"\"><\/path><\/svg><\/i> <img loading=\"lazy\" decoding=\"async\" width=\"16\" height=\"16\" alt=\"Loading\" src=\"https:\/\/www.raccontinellarete.it\/301\/wp-content\/plugins\/page-views-count\/ajax-loader-2x.gif\" border=0 \/><\/p><div class=\"pvc_clear\"><\/div>","protected":false},"excerpt":{"rendered":"<p>L&#8217;antologia, edita da Castelvecchi, accoglier\u00e0 i venticinque racconti vincitori della 25^ edizione del Premio.&nbsp;L&#8217;immagine verr\u00e0 utilizzata anche per il manifesto della trentaduesima edizione del festival LuccAutori in programma a Lucca dal 3 al 18 ottobre.&nbsp; Athos Careghi, in arte Athos, emiliano di nascita vive e lavora a Milano dopo aver trascorso alcuni anni di esperienza [&hellip;]<\/p>\n<div class=\"pvc_clear\"><\/div>\n<p id=\"pvc_stats_58327\" class=\"pvc_stats all  \" data-element-id=\"58327\" style=\"\"><i class=\"pvc-stats-icon medium\" aria-hidden=\"true\"><svg aria-hidden=\"true\" focusable=\"false\" data-prefix=\"far\" data-icon=\"chart-bar\" role=\"img\" xmlns=\"http:\/\/www.w3.org\/2000\/svg\" viewBox=\"0 0 512 512\" class=\"svg-inline--fa fa-chart-bar fa-w-16 fa-2x\"><path fill=\"currentColor\" d=\"M396.8 352h22.4c6.4 0 12.8-6.4 12.8-12.8V108.8c0-6.4-6.4-12.8-12.8-12.8h-22.4c-6.4 0-12.8 6.4-12.8 12.8v230.4c0 6.4 6.4 12.8 12.8 12.8zm-192 0h22.4c6.4 0 12.8-6.4 12.8-12.8V140.8c0-6.4-6.4-12.8-12.8-12.8h-22.4c-6.4 0-12.8 6.4-12.8 12.8v198.4c0 6.4 6.4 12.8 12.8 12.8zm96 0h22.4c6.4 0 12.8-6.4 12.8-12.8V204.8c0-6.4-6.4-12.8-12.8-12.8h-22.4c-6.4 0-12.8 6.4-12.8 12.8v134.4c0 6.4 6.4 12.8 12.8 12.8zM496 400H48V80c0-8.84-7.16-16-16-16H16C7.16 64 0 71.16 0 80v336c0 17.67 14.33 32 32 32h464c8.84 0 16-7.16 16-16v-16c0-8.84-7.16-16-16-16zm-387.2-48h22.4c6.4 0 12.8-6.4 12.8-12.8v-70.4c0-6.4-6.4-12.8-12.8-12.8h-22.4c-6.4 0-12.8 6.4-12.8 12.8v70.4c0 6.4 6.4 12.8 12.8 12.8z\" class=\"\"><\/path><\/svg><\/i> <img loading=\"lazy\" decoding=\"async\" width=\"16\" height=\"16\" alt=\"Loading\" src=\"https:\/\/www.raccontinellarete.it\/301\/wp-content\/plugins\/page-views-count\/ajax-loader-2x.gif\" border=0 \/><\/p>\n<div class=\"pvc_clear\"><\/div>\n","protected":false},"author":3,"featured_media":58328,"comment_status":"open","ping_status":"closed","sticky":false,"template":"","format":"standard","meta":{"footnotes":""},"categories":[87,547,543,5],"tags":[],"class_list":["post-58327","post","type-post","status-publish","format-standard","has-post-thumbnail","hentry","category-comunicato-stampa","category-f-o-r-u-m","category-forum-di-racconti-nella-rete","category-racconti-nella-rete"],"_links":{"self":[{"href":"https:\/\/www.raccontinellarete.it\/index.php?rest_route=\/wp\/v2\/posts\/58327"}],"collection":[{"href":"https:\/\/www.raccontinellarete.it\/index.php?rest_route=\/wp\/v2\/posts"}],"about":[{"href":"https:\/\/www.raccontinellarete.it\/index.php?rest_route=\/wp\/v2\/types\/post"}],"author":[{"embeddable":true,"href":"https:\/\/www.raccontinellarete.it\/index.php?rest_route=\/wp\/v2\/users\/3"}],"replies":[{"embeddable":true,"href":"https:\/\/www.raccontinellarete.it\/index.php?rest_route=%2Fwp%2Fv2%2Fcomments&post=58327"}],"version-history":[{"count":1,"href":"https:\/\/www.raccontinellarete.it\/index.php?rest_route=\/wp\/v2\/posts\/58327\/revisions"}],"predecessor-version":[{"id":58329,"href":"https:\/\/www.raccontinellarete.it\/index.php?rest_route=\/wp\/v2\/posts\/58327\/revisions\/58329"}],"wp:featuredmedia":[{"embeddable":true,"href":"https:\/\/www.raccontinellarete.it\/index.php?rest_route=\/wp\/v2\/media\/58328"}],"wp:attachment":[{"href":"https:\/\/www.raccontinellarete.it\/index.php?rest_route=%2Fwp%2Fv2%2Fmedia&parent=58327"}],"wp:term":[{"taxonomy":"category","embeddable":true,"href":"https:\/\/www.raccontinellarete.it\/index.php?rest_route=%2Fwp%2Fv2%2Fcategories&post=58327"},{"taxonomy":"post_tag","embeddable":true,"href":"https:\/\/www.raccontinellarete.it\/index.php?rest_route=%2Fwp%2Fv2%2Ftags&post=58327"}],"curies":[{"name":"wp","href":"https:\/\/api.w.org\/{rel}","templated":true}]}}