{"id":58026,"date":"2025-11-18T19:58:19","date_gmt":"2025-11-18T18:58:19","guid":{"rendered":"https:\/\/www.raccontinellarete.it\/?p=58026"},"modified":"2025-12-09T17:18:27","modified_gmt":"2025-12-09T16:18:27","slug":"roma-domenica-7-dicembre-alle-17-vi-aspettiamo-a-piu-libri-piu-libri-per-il-firmacopie","status":"publish","type":"post","link":"https:\/\/www.raccontinellarete.it\/?p=58026","title":{"rendered":"Roma &#8211; Domenica 7 dicembre alle 17 vi aspettiamo a &#8220;Pi\u00f9 libri pi\u00f9 liberi&#8221; per il firmacopie. A febbraio altre date."},"content":{"rendered":"\n<p><strong>Domenica 7 dicembre alle 17 vi aspettiamo allo stand dell&#8217;editore Castelvecchi alla fiera &#8220;Pi\u00f9 libri pi\u00f9 liberi&#8221;<\/strong>.  Vincitrici e vincitori della 24^ edizione del premio Racconti nella Rete saranno felici di firmare le copie delle nuove antologie. Ad accompagnare l&#8217;incontro alla <strong>Nuvola di Roma<\/strong> ci saranno come sempre molte scrittrici e scrittori che hanno vinto in passato. Un folto gruppo di amici che si ritrovano per festeggiare i nuovi vincitori. Sar\u00e0 anche l&#8217;occasione per lanciare la 25^ edizione del premio, in corso nel sito raccontinellarete.it, che accoglie racconti brevi inediti e soggetti per cortometraggi. <\/p>\n\n\n\n<p><strong><mark style=\"background-color:rgba(0, 0, 0, 0)\" class=\"has-inline-color has-vivid-red-color\">Numerosi sono gli appuntamenti con il premio e gli scrittori vincitori in programma nelle pi\u00f9 importanti citt\u00e0 italiane.  Dopo Bookcity Milano,  abbiamo gi\u00e0 fissato la data di ROMA  alla biblioteca FLAMINIA giovedi 12 febbraio alle 17.30, NAPOLI  alla Biblioteca popolare Borgo di CAPODIMONTE sabato 28 febbraio alle 17, MARTIGNANO (Lecce) alla Biblioteca della Felicit\u00e0  sabato 21 marzo alle 18. <\/mark><\/strong><\/p>\n\n\n\n<p>Il premio \u00e8 una vetrina d\u2019autore, tutti possono partecipare al concorso presentando un racconto inedito, oppure un soggetto per la sezione Corti. Racconti nella Rete vuole essere un\u2019opportunit\u00e0 di espressione e confronto fra aspiranti scrittori pi\u00f9 o meno giovani. Gli autori fino ai venticinque anni di et\u00e0 potranno usufruire di uno sconto sulla quota di partecipazione al premio. Molti tra gli autori pubblicati in questi anni nelle antologie hanno ottenuto brillanti risultati in campo letterario.&nbsp; <\/p>\n\n\n\n<p>Questi&nbsp; i 25 scrittori che hanno vinto la ventiquattresima edizione del premio letterario:&nbsp;Stefano Acquario,&nbsp; Mariateresa Amatulli,&nbsp; Antonio Apostolo, Elena Barocci, Barbara Bertani ,&nbsp; Lisa Bove, Noemi Carraro, Attilio Del Giudice, &nbsp;Alessandra Di Graziano,&nbsp; Rita Anna Maria Stella Fantini, Kassandra Fedele, Nina Lucchi, Elisa Maini, Alberto Marrias, Anna Martellotti, Jacques Martinet, Carlotta Mura, Marco Polcari, Manuela Pomicino,&nbsp; Emma Preti, Barbara Rendina, Claudio Righenzi, Sabrina Spadaro , &nbsp;Massimo Vezzaro,&nbsp; Anna Volpe.&nbsp;&nbsp;&nbsp;<\/p>\n\n\n\n<p>Per partecipare basta registrarsi e leggere il regolamento pubblicato nel sito <a href=\"https:\/\/www.raccontinellarete.it\">www.raccontinellarete.it<\/a>. Il racconto, a tema libero, non dovr\u00e0 superare le cinque cartelle di testo. Per informazioni tel. 0584.651874 <a href=\"mailto:info@raccontinellarete.it\">info@raccontinellarete.it<\/a><\/p>\n\n\n\n<figure class=\"wp-block-image size-large\"><img loading=\"lazy\" decoding=\"async\" width=\"1024\" height=\"589\" src=\"https:\/\/www.raccontinellarete.it\/301\/wp-content\/uploads\/2025\/10\/gruppo-18-ottobre-2025-1024x589.jpg\" alt=\"\" class=\"wp-image-57907\" srcset=\"https:\/\/www.raccontinellarete.it\/301\/wp-content\/uploads\/2025\/10\/gruppo-18-ottobre-2025-1024x589.jpg 1024w, https:\/\/www.raccontinellarete.it\/301\/wp-content\/uploads\/2025\/10\/gruppo-18-ottobre-2025-344x198.jpg 344w, https:\/\/www.raccontinellarete.it\/301\/wp-content\/uploads\/2025\/10\/gruppo-18-ottobre-2025-768x442.jpg 768w, https:\/\/www.raccontinellarete.it\/301\/wp-content\/uploads\/2025\/10\/gruppo-18-ottobre-2025-1536x884.jpg 1536w, https:\/\/www.raccontinellarete.it\/301\/wp-content\/uploads\/2025\/10\/gruppo-18-ottobre-2025.jpg 1600w\" sizes=\"(max-width: 1024px) 100vw, 1024px\" \/><\/figure>\n\n\n\n<figure class=\"wp-block-image size-full\"><img loading=\"lazy\" decoding=\"async\" width=\"843\" height=\"514\" src=\"https:\/\/www.raccontinellarete.it\/301\/wp-content\/uploads\/2025\/10\/gruppo-19-ottobre-2025.jpg\" alt=\"\" class=\"wp-image-57914\" srcset=\"https:\/\/www.raccontinellarete.it\/301\/wp-content\/uploads\/2025\/10\/gruppo-19-ottobre-2025.jpg 843w, https:\/\/www.raccontinellarete.it\/301\/wp-content\/uploads\/2025\/10\/gruppo-19-ottobre-2025-344x210.jpg 344w, https:\/\/www.raccontinellarete.it\/301\/wp-content\/uploads\/2025\/10\/gruppo-19-ottobre-2025-768x468.jpg 768w\" sizes=\"(max-width: 843px) 100vw, 843px\" \/><\/figure>\n\n\n\n<figure class=\"wp-block-image size-full\"><img loading=\"lazy\" decoding=\"async\" width=\"572\" height=\"800\" src=\"https:\/\/www.raccontinellarete.it\/301\/wp-content\/uploads\/2025\/05\/copertina-racconti-nella-rete-2025-definitiva-marilena-nardi-Copia.jpg\" alt=\"\" class=\"wp-image-56484\" srcset=\"https:\/\/www.raccontinellarete.it\/301\/wp-content\/uploads\/2025\/05\/copertina-racconti-nella-rete-2025-definitiva-marilena-nardi-Copia.jpg 572w, https:\/\/www.raccontinellarete.it\/301\/wp-content\/uploads\/2025\/05\/copertina-racconti-nella-rete-2025-definitiva-marilena-nardi-Copia-179x250.jpg 179w\" sizes=\"(max-width: 572px) 100vw, 572px\" \/><\/figure>\n\n\n\n<p><\/p>\n<div class=\"pvc_clear\"><\/div><p id=\"pvc_stats_58026\" class=\"pvc_stats all  \" data-element-id=\"58026\" style=\"\"><i class=\"pvc-stats-icon medium\" aria-hidden=\"true\"><svg aria-hidden=\"true\" focusable=\"false\" data-prefix=\"far\" data-icon=\"chart-bar\" role=\"img\" xmlns=\"http:\/\/www.w3.org\/2000\/svg\" viewBox=\"0 0 512 512\" class=\"svg-inline--fa fa-chart-bar fa-w-16 fa-2x\"><path fill=\"currentColor\" d=\"M396.8 352h22.4c6.4 0 12.8-6.4 12.8-12.8V108.8c0-6.4-6.4-12.8-12.8-12.8h-22.4c-6.4 0-12.8 6.4-12.8 12.8v230.4c0 6.4 6.4 12.8 12.8 12.8zm-192 0h22.4c6.4 0 12.8-6.4 12.8-12.8V140.8c0-6.4-6.4-12.8-12.8-12.8h-22.4c-6.4 0-12.8 6.4-12.8 12.8v198.4c0 6.4 6.4 12.8 12.8 12.8zm96 0h22.4c6.4 0 12.8-6.4 12.8-12.8V204.8c0-6.4-6.4-12.8-12.8-12.8h-22.4c-6.4 0-12.8 6.4-12.8 12.8v134.4c0 6.4 6.4 12.8 12.8 12.8zM496 400H48V80c0-8.84-7.16-16-16-16H16C7.16 64 0 71.16 0 80v336c0 17.67 14.33 32 32 32h464c8.84 0 16-7.16 16-16v-16c0-8.84-7.16-16-16-16zm-387.2-48h22.4c6.4 0 12.8-6.4 12.8-12.8v-70.4c0-6.4-6.4-12.8-12.8-12.8h-22.4c-6.4 0-12.8 6.4-12.8 12.8v70.4c0 6.4 6.4 12.8 12.8 12.8z\" class=\"\"><\/path><\/svg><\/i> <img loading=\"lazy\" decoding=\"async\" width=\"16\" height=\"16\" alt=\"Loading\" src=\"https:\/\/www.raccontinellarete.it\/301\/wp-content\/plugins\/page-views-count\/ajax-loader-2x.gif\" border=0 \/><\/p><div class=\"pvc_clear\"><\/div>","protected":false},"excerpt":{"rendered":"<p>Domenica 7 dicembre alle 17 vi aspettiamo allo stand dell&#8217;editore Castelvecchi alla fiera &#8220;Pi\u00f9 libri pi\u00f9 liberi&#8221;. Vincitrici e vincitori della 24^ edizione del premio Racconti nella Rete saranno felici di firmare le copie delle nuove antologie. Ad accompagnare l&#8217;incontro alla Nuvola di Roma ci saranno come sempre molte scrittrici e scrittori che hanno vinto [&hellip;]<\/p>\n<div class=\"pvc_clear\"><\/div>\n<p id=\"pvc_stats_58026\" class=\"pvc_stats all  \" data-element-id=\"58026\" style=\"\"><i class=\"pvc-stats-icon medium\" aria-hidden=\"true\"><svg aria-hidden=\"true\" focusable=\"false\" data-prefix=\"far\" data-icon=\"chart-bar\" role=\"img\" xmlns=\"http:\/\/www.w3.org\/2000\/svg\" viewBox=\"0 0 512 512\" class=\"svg-inline--fa fa-chart-bar fa-w-16 fa-2x\"><path fill=\"currentColor\" d=\"M396.8 352h22.4c6.4 0 12.8-6.4 12.8-12.8V108.8c0-6.4-6.4-12.8-12.8-12.8h-22.4c-6.4 0-12.8 6.4-12.8 12.8v230.4c0 6.4 6.4 12.8 12.8 12.8zm-192 0h22.4c6.4 0 12.8-6.4 12.8-12.8V140.8c0-6.4-6.4-12.8-12.8-12.8h-22.4c-6.4 0-12.8 6.4-12.8 12.8v198.4c0 6.4 6.4 12.8 12.8 12.8zm96 0h22.4c6.4 0 12.8-6.4 12.8-12.8V204.8c0-6.4-6.4-12.8-12.8-12.8h-22.4c-6.4 0-12.8 6.4-12.8 12.8v134.4c0 6.4 6.4 12.8 12.8 12.8zM496 400H48V80c0-8.84-7.16-16-16-16H16C7.16 64 0 71.16 0 80v336c0 17.67 14.33 32 32 32h464c8.84 0 16-7.16 16-16v-16c0-8.84-7.16-16-16-16zm-387.2-48h22.4c6.4 0 12.8-6.4 12.8-12.8v-70.4c0-6.4-6.4-12.8-12.8-12.8h-22.4c-6.4 0-12.8 6.4-12.8 12.8v70.4c0 6.4 6.4 12.8 12.8 12.8z\" class=\"\"><\/path><\/svg><\/i> <img loading=\"lazy\" decoding=\"async\" width=\"16\" height=\"16\" alt=\"Loading\" src=\"https:\/\/www.raccontinellarete.it\/301\/wp-content\/plugins\/page-views-count\/ajax-loader-2x.gif\" border=0 \/><\/p>\n<div class=\"pvc_clear\"><\/div>\n","protected":false},"author":3,"featured_media":58103,"comment_status":"open","ping_status":"closed","sticky":false,"template":"","format":"standard","meta":{"footnotes":""},"categories":[87,5],"tags":[],"class_list":["post-58026","post","type-post","status-publish","format-standard","has-post-thumbnail","hentry","category-comunicato-stampa","category-racconti-nella-rete"],"_links":{"self":[{"href":"https:\/\/www.raccontinellarete.it\/index.php?rest_route=\/wp\/v2\/posts\/58026"}],"collection":[{"href":"https:\/\/www.raccontinellarete.it\/index.php?rest_route=\/wp\/v2\/posts"}],"about":[{"href":"https:\/\/www.raccontinellarete.it\/index.php?rest_route=\/wp\/v2\/types\/post"}],"author":[{"embeddable":true,"href":"https:\/\/www.raccontinellarete.it\/index.php?rest_route=\/wp\/v2\/users\/3"}],"replies":[{"embeddable":true,"href":"https:\/\/www.raccontinellarete.it\/index.php?rest_route=%2Fwp%2Fv2%2Fcomments&post=58026"}],"version-history":[{"count":7,"href":"https:\/\/www.raccontinellarete.it\/index.php?rest_route=\/wp\/v2\/posts\/58026\/revisions"}],"predecessor-version":[{"id":58104,"href":"https:\/\/www.raccontinellarete.it\/index.php?rest_route=\/wp\/v2\/posts\/58026\/revisions\/58104"}],"wp:featuredmedia":[{"embeddable":true,"href":"https:\/\/www.raccontinellarete.it\/index.php?rest_route=\/wp\/v2\/media\/58103"}],"wp:attachment":[{"href":"https:\/\/www.raccontinellarete.it\/index.php?rest_route=%2Fwp%2Fv2%2Fmedia&parent=58026"}],"wp:term":[{"taxonomy":"category","embeddable":true,"href":"https:\/\/www.raccontinellarete.it\/index.php?rest_route=%2Fwp%2Fv2%2Fcategories&post=58026"},{"taxonomy":"post_tag","embeddable":true,"href":"https:\/\/www.raccontinellarete.it\/index.php?rest_route=%2Fwp%2Fv2%2Ftags&post=58026"}],"curies":[{"name":"wp","href":"https:\/\/api.w.org\/{rel}","templated":true}]}}