{"id":57983,"date":"2025-11-03T20:43:54","date_gmt":"2025-11-03T19:43:54","guid":{"rendered":"https:\/\/www.raccontinellarete.it\/?p=57983"},"modified":"2025-11-05T21:33:20","modified_gmt":"2025-11-05T20:33:20","slug":"al-via-la-25-edizione-del-premio-letterario-racconti-nelle-rete-inserite-i-vostri-racconti-e-soggetti-per-corti","status":"publish","type":"post","link":"https:\/\/www.raccontinellarete.it\/?p=57983","title":{"rendered":"Al via la 25^ edizione del Premio letterario \u201cRacconti nelle Rete\u201d. Inserite i vostri racconti e soggetti per corti"},"content":{"rendered":"\n<p>Un concorso nazionale che permette di pubblicare in rete un racconto breve o un soggetto per corti con la semplice registrazione&nbsp; nel sito <strong>www.raccontinellarete.it.<\/strong> <\/p>\n\n\n\n<p>Nato da un\u2019idea del giornalista Demetrio Brandi, il Premio Racconti nella Rete \u00e8 collegato al Festival letterario LuccAutori che il prossimo anno, a Lucca, arriver\u00e0 alla trentaduesima edizione. <\/p>\n\n\n\n<p>I venticinque racconti &nbsp;vincitori saranno pubblicati nell\u2019antologia edita da Castelvecchi. La copertina dell\u2019 edizione 2026&nbsp; sar\u00e0 firmata dal vignettista <strong>Athos Careghi<\/strong>.&nbsp; Il premio letterario si sviluppa fino al 31 maggio nel sito <strong>www.raccontinellarete.it<\/strong>, dove gli scrittori possono pubblicare i loro racconti oltre che leggerli e commentarli.&nbsp; <\/p>\n\n\n\n<p>Numerosi sono gli appuntamenti con il premio e gli scrittori vincitori in programma nelle pi\u00f9 importanti citt\u00e0 italiane, da Milano a Roma fino ad arrivare al Salone del libro di Torino. Il premio \u00e8 una vetrina d\u2019autore, tutti possono partecipare al concorso presentando un racconto inedito, oppure un soggetto per la sezione Corti. <\/p>\n\n\n\n<p>Racconti nella Rete vuole essere un\u2019opportunit\u00e0 di espressione e confronto fra aspiranti scrittori pi\u00f9 o meno giovani. Gli autori fino ai venticinque anni di et\u00e0 potranno usufruire di uno sconto sulla quota di partecipazione al premio. Molti tra gli autori pubblicati in questi anni nelle antologie hanno ottenuto brillanti risultati in campo letterario. <\/p>\n\n\n\n<p>Tra i riconoscimenti ai vincitori ricordiamo che il giornale Budu\u00e0r assegner\u00e0 un premio al miglior racconto umoristico mentre la Fondazione AIDR Italian Digital Revolution &nbsp;premier\u00e0 il miglior testo tra quelli inviati dai giovani talenti. &nbsp;<\/p>\n\n\n\n<p>Inoltre un premio per il miglior racconto di viaggio sar\u00e0 assegnato dal portale social Happyin.&nbsp; Il premio \u201cStrada del Vino e dell\u2019Olio Lucca, Montecarlo e Versilia\u201d sar\u00e0 assegnato al racconto che esalti il rapporto tra prodotti, territorio e tradizione enogastronomica del nostro Paese.<\/p>\n\n\n\n<p><strong>Per partecipare basta registrarsi e leggere il regolamento pubblicato nel sito www.raccontinellarete.it. Il racconto, a tema libero, non dovr\u00e0 superare le cinque cartelle di testo. Per informazioni tel. 0584.651874 <\/strong><a href=\"mailto:info@raccontinellarete.it\"> <\/a><a href=\"mailto:info@raccontinellarete.it\">info@raccontinellarete.it<\/a><\/p>\n\n\n\n<figure class=\"wp-block-image size-full\"><img loading=\"lazy\" decoding=\"async\" width=\"843\" height=\"514\" src=\"https:\/\/www.raccontinellarete.it\/301\/wp-content\/uploads\/2025\/10\/gruppo-19-ottobre-2025.jpg\" alt=\"\" class=\"wp-image-57914\" srcset=\"https:\/\/www.raccontinellarete.it\/301\/wp-content\/uploads\/2025\/10\/gruppo-19-ottobre-2025.jpg 843w, https:\/\/www.raccontinellarete.it\/301\/wp-content\/uploads\/2025\/10\/gruppo-19-ottobre-2025-344x210.jpg 344w, https:\/\/www.raccontinellarete.it\/301\/wp-content\/uploads\/2025\/10\/gruppo-19-ottobre-2025-768x468.jpg 768w\" sizes=\"(max-width: 843px) 100vw, 843px\" \/><\/figure>\n\n\n\n<figure class=\"wp-block-image size-large\"><img loading=\"lazy\" decoding=\"async\" width=\"1024\" height=\"589\" src=\"https:\/\/www.raccontinellarete.it\/301\/wp-content\/uploads\/2025\/10\/gruppo-18-ottobre-2025-1024x589.jpg\" alt=\"\" class=\"wp-image-57907\" srcset=\"https:\/\/www.raccontinellarete.it\/301\/wp-content\/uploads\/2025\/10\/gruppo-18-ottobre-2025-1024x589.jpg 1024w, https:\/\/www.raccontinellarete.it\/301\/wp-content\/uploads\/2025\/10\/gruppo-18-ottobre-2025-344x198.jpg 344w, https:\/\/www.raccontinellarete.it\/301\/wp-content\/uploads\/2025\/10\/gruppo-18-ottobre-2025-768x442.jpg 768w, https:\/\/www.raccontinellarete.it\/301\/wp-content\/uploads\/2025\/10\/gruppo-18-ottobre-2025-1536x884.jpg 1536w, https:\/\/www.raccontinellarete.it\/301\/wp-content\/uploads\/2025\/10\/gruppo-18-ottobre-2025.jpg 1600w\" sizes=\"(max-width: 1024px) 100vw, 1024px\" \/><\/figure>\n\n\n\n<p><\/p>\n<div class=\"pvc_clear\"><\/div><p id=\"pvc_stats_57983\" class=\"pvc_stats all  \" data-element-id=\"57983\" style=\"\"><i class=\"pvc-stats-icon medium\" aria-hidden=\"true\"><svg aria-hidden=\"true\" focusable=\"false\" data-prefix=\"far\" data-icon=\"chart-bar\" role=\"img\" xmlns=\"http:\/\/www.w3.org\/2000\/svg\" viewBox=\"0 0 512 512\" class=\"svg-inline--fa fa-chart-bar fa-w-16 fa-2x\"><path fill=\"currentColor\" d=\"M396.8 352h22.4c6.4 0 12.8-6.4 12.8-12.8V108.8c0-6.4-6.4-12.8-12.8-12.8h-22.4c-6.4 0-12.8 6.4-12.8 12.8v230.4c0 6.4 6.4 12.8 12.8 12.8zm-192 0h22.4c6.4 0 12.8-6.4 12.8-12.8V140.8c0-6.4-6.4-12.8-12.8-12.8h-22.4c-6.4 0-12.8 6.4-12.8 12.8v198.4c0 6.4 6.4 12.8 12.8 12.8zm96 0h22.4c6.4 0 12.8-6.4 12.8-12.8V204.8c0-6.4-6.4-12.8-12.8-12.8h-22.4c-6.4 0-12.8 6.4-12.8 12.8v134.4c0 6.4 6.4 12.8 12.8 12.8zM496 400H48V80c0-8.84-7.16-16-16-16H16C7.16 64 0 71.16 0 80v336c0 17.67 14.33 32 32 32h464c8.84 0 16-7.16 16-16v-16c0-8.84-7.16-16-16-16zm-387.2-48h22.4c6.4 0 12.8-6.4 12.8-12.8v-70.4c0-6.4-6.4-12.8-12.8-12.8h-22.4c-6.4 0-12.8 6.4-12.8 12.8v70.4c0 6.4 6.4 12.8 12.8 12.8z\" class=\"\"><\/path><\/svg><\/i> <img loading=\"lazy\" decoding=\"async\" width=\"16\" height=\"16\" alt=\"Loading\" src=\"https:\/\/www.raccontinellarete.it\/301\/wp-content\/plugins\/page-views-count\/ajax-loader-2x.gif\" border=0 \/><\/p><div class=\"pvc_clear\"><\/div>","protected":false},"excerpt":{"rendered":"<p>Un concorso nazionale che permette di pubblicare in rete un racconto breve o un soggetto per corti con la semplice registrazione&nbsp; nel sito www.raccontinellarete.it. Nato da un\u2019idea del giornalista Demetrio Brandi, il Premio Racconti nella Rete \u00e8 collegato al Festival letterario LuccAutori che il prossimo anno, a Lucca, arriver\u00e0 alla trentaduesima edizione. I venticinque racconti [&hellip;]<\/p>\n<div class=\"pvc_clear\"><\/div>\n<p id=\"pvc_stats_57983\" class=\"pvc_stats all  \" data-element-id=\"57983\" style=\"\"><i class=\"pvc-stats-icon medium\" aria-hidden=\"true\"><svg aria-hidden=\"true\" focusable=\"false\" data-prefix=\"far\" data-icon=\"chart-bar\" role=\"img\" xmlns=\"http:\/\/www.w3.org\/2000\/svg\" viewBox=\"0 0 512 512\" class=\"svg-inline--fa fa-chart-bar fa-w-16 fa-2x\"><path fill=\"currentColor\" d=\"M396.8 352h22.4c6.4 0 12.8-6.4 12.8-12.8V108.8c0-6.4-6.4-12.8-12.8-12.8h-22.4c-6.4 0-12.8 6.4-12.8 12.8v230.4c0 6.4 6.4 12.8 12.8 12.8zm-192 0h22.4c6.4 0 12.8-6.4 12.8-12.8V140.8c0-6.4-6.4-12.8-12.8-12.8h-22.4c-6.4 0-12.8 6.4-12.8 12.8v198.4c0 6.4 6.4 12.8 12.8 12.8zm96 0h22.4c6.4 0 12.8-6.4 12.8-12.8V204.8c0-6.4-6.4-12.8-12.8-12.8h-22.4c-6.4 0-12.8 6.4-12.8 12.8v134.4c0 6.4 6.4 12.8 12.8 12.8zM496 400H48V80c0-8.84-7.16-16-16-16H16C7.16 64 0 71.16 0 80v336c0 17.67 14.33 32 32 32h464c8.84 0 16-7.16 16-16v-16c0-8.84-7.16-16-16-16zm-387.2-48h22.4c6.4 0 12.8-6.4 12.8-12.8v-70.4c0-6.4-6.4-12.8-12.8-12.8h-22.4c-6.4 0-12.8 6.4-12.8 12.8v70.4c0 6.4 6.4 12.8 12.8 12.8z\" class=\"\"><\/path><\/svg><\/i> <img loading=\"lazy\" decoding=\"async\" width=\"16\" height=\"16\" alt=\"Loading\" src=\"https:\/\/www.raccontinellarete.it\/301\/wp-content\/plugins\/page-views-count\/ajax-loader-2x.gif\" border=0 \/><\/p>\n<div class=\"pvc_clear\"><\/div>\n","protected":false},"author":3,"featured_media":55461,"comment_status":"open","ping_status":"closed","sticky":false,"template":"","format":"standard","meta":{"footnotes":""},"categories":[87,5],"tags":[],"class_list":["post-57983","post","type-post","status-publish","format-standard","has-post-thumbnail","hentry","category-comunicato-stampa","category-racconti-nella-rete"],"_links":{"self":[{"href":"https:\/\/www.raccontinellarete.it\/index.php?rest_route=\/wp\/v2\/posts\/57983"}],"collection":[{"href":"https:\/\/www.raccontinellarete.it\/index.php?rest_route=\/wp\/v2\/posts"}],"about":[{"href":"https:\/\/www.raccontinellarete.it\/index.php?rest_route=\/wp\/v2\/types\/post"}],"author":[{"embeddable":true,"href":"https:\/\/www.raccontinellarete.it\/index.php?rest_route=\/wp\/v2\/users\/3"}],"replies":[{"embeddable":true,"href":"https:\/\/www.raccontinellarete.it\/index.php?rest_route=%2Fwp%2Fv2%2Fcomments&post=57983"}],"version-history":[{"count":3,"href":"https:\/\/www.raccontinellarete.it\/index.php?rest_route=\/wp\/v2\/posts\/57983\/revisions"}],"predecessor-version":[{"id":57987,"href":"https:\/\/www.raccontinellarete.it\/index.php?rest_route=\/wp\/v2\/posts\/57983\/revisions\/57987"}],"wp:featuredmedia":[{"embeddable":true,"href":"https:\/\/www.raccontinellarete.it\/index.php?rest_route=\/wp\/v2\/media\/55461"}],"wp:attachment":[{"href":"https:\/\/www.raccontinellarete.it\/index.php?rest_route=%2Fwp%2Fv2%2Fmedia&parent=57983"}],"wp:term":[{"taxonomy":"category","embeddable":true,"href":"https:\/\/www.raccontinellarete.it\/index.php?rest_route=%2Fwp%2Fv2%2Fcategories&post=57983"},{"taxonomy":"post_tag","embeddable":true,"href":"https:\/\/www.raccontinellarete.it\/index.php?rest_route=%2Fwp%2Fv2%2Ftags&post=57983"}],"curies":[{"name":"wp","href":"https:\/\/api.w.org\/{rel}","templated":true}]}}