{"id":57893,"date":"2025-10-13T19:56:18","date_gmt":"2025-10-13T18:56:18","guid":{"rendered":"https:\/\/www.raccontinellarete.it\/?p=57893"},"modified":"2025-10-13T20:14:38","modified_gmt":"2025-10-13T19:14:38","slug":"domenica-19-ottobre-programma-completo-con-la-premiazione-dei-vincitori-di-racconti-nella-rete","status":"publish","type":"post","link":"https:\/\/www.raccontinellarete.it\/?p=57893","title":{"rendered":"Domenica 19 &#8211; programma completo con la premiazione dei vincitori di Racconti nella Rete"},"content":{"rendered":"\n<p><\/p>\n\n\n\n<p><strong>Sala Conferenze Villa Bottini<\/strong> <strong> ore 16<\/strong> <strong>&nbsp;&#8211; &nbsp;diretta streaming sul canale  <a href=\"https:\/\/www.youtube.com\/user\/raccontinellarete\">https:\/\/www.youtube.com\/user\/raccontinellarete<\/a>   <\/strong><\/p>\n\n\n\n<p><strong>LuccAutori presenta in anteprima nazionale il cortometraggio \u201cL\u2019algoritmo\u201d di Giuseppe Ciarallo<\/strong><strong> &#8211;<\/strong> vincitore della sezione Corti del premio \u201cRacconti nella Rete 2025\u201d.<\/p>\n\n\n\n<p><strong>Ore 16.30 Sala Conferenze Villa Bottini<\/strong><\/p>\n\n\n\n<p>Presentazione dell\u2019antologia del premio letterario <strong>Racconti nella Rete 2025<\/strong> a cura di Demetrio Brandi (Castelvecchi).<\/p>\n\n\n\n<p>Maria Elena Marchini incontra gli scrittori: <strong>Stefano Acquario, Mariateresa Amatulli, Elena Barocci, Barbara Bertani, Attilio Del Giudice, Nina Lucchi, Elisa Maini (Premio HAPPYIN), Anna Martellotti, Manuela Pomicino, Claudio Righenzi, Massimo Vezzaro.<\/strong><\/p>\n\n\n\n<p>Letture a cura di <strong>Mario Cenni, Fabio Dostuni, Antonella Lucii, Francesca Sorace<\/strong>. Intervento musicale di <strong>Giuseppe Sanalitro<\/strong>.<\/p>\n\n\n\n<p><strong>PREMIO HAPPYIN al miglior racconto di viaggio viene assegnato a Elisa Maini per il racconto \u201cLa barchetta e l\u2019infinito\u201d . Interviene Francesco Becciani, amministratore dell\u2019Hotel Residence Esplanade di Viareggio.<\/strong><\/p>\n\n\n\n<p><strong>Ore 17.30 Sala Conferenze Villa Bottini<\/strong><\/p>\n\n\n\n<p><strong>ARIANNA MORTELLITI presenta<\/strong><\/p>\n\n\n\n<p><strong>QUEL FAZZOLETTO COLOR MELANZANA (Mondadori)<\/strong><\/p>\n\n\n\n<p>\u201cLumache\u201d erano chiamati per l\u2019estrema prudenza nella guida, eppure \u00e8 proprio in un incidente d\u2019auto che Alice e Filippo trovano la morte. Lara, la loro figlia trentenne, torna a Castel Cielo, nella provincia laziale, per i funerali. E ora? Che fare? Chiudere definitivamente con quel che resta di lei nell\u2019angusta vita del paese? Lara ritrova la stretta protettiva della nonna paterna, la miniera di emozioni che, attraverso lei, la lega alla sua infanzia. Dunque prende tempo, e pi\u00f9 prende tempo, pi\u00f9 il passato scivola in lei e mina un equilibrio fatto di silenzi e rimozioni: chi \u00e8 stato lo \u201czio\u201d Rocco trovato morto nel fiume quando lei era una bambina, chi \u00e8 stato per suo padre (il migliore amico?) e per sua madre (uno scomodo affetto?). E Franco? Bollato dalla nomea di \u201cmatto\u201d e accusato di quella morte misteriosa, \u00e8 un talentuoso fotografo che non ha mai smesso di collezionare immagini del paese e delle sue facce. E Don Alfonso, che cosa sa? Che cosa ha raccontato e che cosa ha tenuto nascosto nel corso degli anni? Si accendono nuove oblique confidenze e si aprono crepe delle quali \u00e8 inevitabile forzare l\u2019accesso. Da l\u00ec in poi \u00e8 un precipizio di rimandi, percorsi, rivelazioni che agitano la quiete provinciale e il cuore di Lara. Arianna Mortelliti scrive un romanzo che tiene ben conto della lezione del nonno Camilleri: una comunit\u00e0 piccola che dietro alla maschera della solidariet\u00e0 nasconde guasti e nodi. Nodi da sciogliere. Nodi da soffrire. La famiglia, il lato oscuro delle cose, le responsabilit\u00e0 morali, l\u2019ombra del Male: Mortelliti racconta, con convincente semplicit\u00e0, l\u2019ignoto che formicola sotto la rete della memoria e degli affetti.<\/p>\n\n\n\n<p><strong>Arianna Mortelliti partecipa alle celebrazioni del centenario Camilleri promosso dal Fondo Andrea Camilleri con il Comitato Nazionale Camilleri 100<\/strong><\/p>\n\n\n\n<p><em>Interviene Maria Elena Marchini.<\/em><\/p>\n\n\n\n<p><strong>Ore 18.30 Sala Conferenze Villa Bottini<\/strong><\/p>\n\n\n\n<p><strong>ILENIA PETRACALVINA presenta<\/strong><\/p>\n\n\n\n<p><strong>SARAH. Il delitto di Avetrana tra verit\u00e0 e bugie (Piemme)<\/strong><\/p>\n\n\n\n<p>Questo libro ricostruisce non solo la morte e i giorni delle ricerche, degli interrogatori e delle indagini, con i conseguenti capi di imputazione e condanne, ma soprattutto un microcosmo di menzogne e complessi rapporti familiari. Un gruppo di famiglia in un interno che a un certo punto esplode e da l\u00ec incombe la tragedia, anni prima che le storie di violenze in famiglia dominassero le pagine di cronaca nera.<\/p>\n\n\n\n<p>Sono passati quindici anni dal quel 26 agosto 2010. Oggi Sarah Scazzi avrebbe 30 anni. Uccisa, per gelosia, dalle persone che amava di pi\u00f9 al mondo: sua cugina Sabrina Misseri e sua zia Cosima Serrano, e seppellita in un pozzo cisterna da suo zio Michele. Loro tre rappresentavano tutta la sua famiglia, una culla di amore e di protezione, un rifugio sicuro e certo dove nessuno mai le avrebbe potuto fare del male. E invece\u2026<\/p>\n\n\n\n<p>Per quarantadue giorni i silenzi, le menzogne, i depistaggi di chi sapeva tutto, nascondendo la verit\u00e0, hanno fatto diventare la sua morte \u00abil delitto di Avetrana\u00bb. Un delitto che ancora divide l&#8217;opinione pubblica, nonostante i tre gradi di giudizio e le sentenze che hanno condannato la cugina Sabrina Misseri e la zia Cosima Serrano all&#8217;ergastolo e lo zio Michele Misseri a otto anni per soppressione di cadavere. Oggi Michele Misseri dopo sette anni di carcere \u00e8 tornato a vivere nella casa dove \u00e8 stata uccisa, nel luogo dove tutto \u00e8 successo, e dove continua ad autoaccusarsi dicendo di averla ammazzata in preda a un raptus.<\/p>\n\n\n\n<p><em><strong>Interviene Maria Elena Marchini.<\/strong><\/em><\/p>\n\n\n\n<p>I libri sono messi a disposizione dalla Libreria Mondadori di Lucca.<\/p>\n\n\n\n<p>L&#8217;incontro \u00e8 visibile anche in diretta streaming sulla pagina facebook di Racconti nella Rete.<\/p>\n\n\n\n<p>Conduce Maria Elena Marchini. Direzione artistica Demetrio Brandi.<\/p>\n\n\n\n<p>Tutti gli incontri sono ad ingresso libero fino ad esaurimento posti<\/p>\n\n\n\n<p>&nbsp;<a href=\"https:\/\/www.raccontinellarete.it\/\">www.raccontinellarete.it<\/a>&nbsp;<\/p>\n\n\n\n<p><strong>Arrivederci al prossimo anno per la 32\u00b0 edizione di LuccAutori<\/strong><\/p>\n\n\n\n<figure class=\"wp-block-image size-large\"><img loading=\"lazy\" decoding=\"async\" width=\"717\" height=\"1024\" src=\"https:\/\/www.raccontinellarete.it\/301\/wp-content\/uploads\/2025\/10\/mortellitti-717x1024.jpg\" alt=\"\" class=\"wp-image-57894\" srcset=\"https:\/\/www.raccontinellarete.it\/301\/wp-content\/uploads\/2025\/10\/mortellitti-717x1024.jpg 717w, https:\/\/www.raccontinellarete.it\/301\/wp-content\/uploads\/2025\/10\/mortellitti-175x250.jpg 175w, https:\/\/www.raccontinellarete.it\/301\/wp-content\/uploads\/2025\/10\/mortellitti-768x1097.jpg 768w, https:\/\/www.raccontinellarete.it\/301\/wp-content\/uploads\/2025\/10\/mortellitti-1075x1536.jpg 1075w, https:\/\/www.raccontinellarete.it\/301\/wp-content\/uploads\/2025\/10\/mortellitti-1433x2048.jpg 1433w, https:\/\/www.raccontinellarete.it\/301\/wp-content\/uploads\/2025\/10\/mortellitti-scaled.jpg 1792w\" sizes=\"(max-width: 717px) 100vw, 717px\" \/><\/figure>\n\n\n\n<figure class=\"wp-block-image size-large\"><img loading=\"lazy\" decoding=\"async\" width=\"717\" height=\"1024\" src=\"https:\/\/www.raccontinellarete.it\/301\/wp-content\/uploads\/2025\/10\/petracalvina-717x1024.jpg\" alt=\"\" class=\"wp-image-57895\" srcset=\"https:\/\/www.raccontinellarete.it\/301\/wp-content\/uploads\/2025\/10\/petracalvina-717x1024.jpg 717w, https:\/\/www.raccontinellarete.it\/301\/wp-content\/uploads\/2025\/10\/petracalvina-175x250.jpg 175w, https:\/\/www.raccontinellarete.it\/301\/wp-content\/uploads\/2025\/10\/petracalvina-768x1097.jpg 768w, https:\/\/www.raccontinellarete.it\/301\/wp-content\/uploads\/2025\/10\/petracalvina-1075x1536.jpg 1075w, https:\/\/www.raccontinellarete.it\/301\/wp-content\/uploads\/2025\/10\/petracalvina-1433x2048.jpg 1433w, https:\/\/www.raccontinellarete.it\/301\/wp-content\/uploads\/2025\/10\/petracalvina-scaled.jpg 1792w\" sizes=\"(max-width: 717px) 100vw, 717px\" \/><\/figure>\n\n\n\n<p><\/p>\n<div class=\"pvc_clear\"><\/div><p id=\"pvc_stats_57893\" class=\"pvc_stats all  \" data-element-id=\"57893\" style=\"\"><i class=\"pvc-stats-icon medium\" aria-hidden=\"true\"><svg aria-hidden=\"true\" focusable=\"false\" data-prefix=\"far\" data-icon=\"chart-bar\" role=\"img\" xmlns=\"http:\/\/www.w3.org\/2000\/svg\" viewBox=\"0 0 512 512\" class=\"svg-inline--fa fa-chart-bar fa-w-16 fa-2x\"><path fill=\"currentColor\" d=\"M396.8 352h22.4c6.4 0 12.8-6.4 12.8-12.8V108.8c0-6.4-6.4-12.8-12.8-12.8h-22.4c-6.4 0-12.8 6.4-12.8 12.8v230.4c0 6.4 6.4 12.8 12.8 12.8zm-192 0h22.4c6.4 0 12.8-6.4 12.8-12.8V140.8c0-6.4-6.4-12.8-12.8-12.8h-22.4c-6.4 0-12.8 6.4-12.8 12.8v198.4c0 6.4 6.4 12.8 12.8 12.8zm96 0h22.4c6.4 0 12.8-6.4 12.8-12.8V204.8c0-6.4-6.4-12.8-12.8-12.8h-22.4c-6.4 0-12.8 6.4-12.8 12.8v134.4c0 6.4 6.4 12.8 12.8 12.8zM496 400H48V80c0-8.84-7.16-16-16-16H16C7.16 64 0 71.16 0 80v336c0 17.67 14.33 32 32 32h464c8.84 0 16-7.16 16-16v-16c0-8.84-7.16-16-16-16zm-387.2-48h22.4c6.4 0 12.8-6.4 12.8-12.8v-70.4c0-6.4-6.4-12.8-12.8-12.8h-22.4c-6.4 0-12.8 6.4-12.8 12.8v70.4c0 6.4 6.4 12.8 12.8 12.8z\" class=\"\"><\/path><\/svg><\/i> <img loading=\"lazy\" decoding=\"async\" width=\"16\" height=\"16\" alt=\"Loading\" src=\"https:\/\/www.raccontinellarete.it\/301\/wp-content\/plugins\/page-views-count\/ajax-loader-2x.gif\" border=0 \/><\/p><div class=\"pvc_clear\"><\/div>","protected":false},"excerpt":{"rendered":"<p>Sala Conferenze Villa Bottini ore 16 &nbsp;&#8211; &nbsp;diretta streaming sul canale https:\/\/www.youtube.com\/user\/raccontinellarete LuccAutori presenta in anteprima nazionale il cortometraggio \u201cL\u2019algoritmo\u201d di Giuseppe Ciarallo &#8211; vincitore della sezione Corti del premio \u201cRacconti nella Rete 2025\u201d. Ore 16.30 Sala Conferenze Villa Bottini Presentazione dell\u2019antologia del premio letterario Racconti nella Rete 2025 a cura di Demetrio Brandi (Castelvecchi). [&hellip;]<\/p>\n<div class=\"pvc_clear\"><\/div>\n<p id=\"pvc_stats_57893\" class=\"pvc_stats all  \" data-element-id=\"57893\" style=\"\"><i class=\"pvc-stats-icon medium\" aria-hidden=\"true\"><svg aria-hidden=\"true\" focusable=\"false\" data-prefix=\"far\" data-icon=\"chart-bar\" role=\"img\" xmlns=\"http:\/\/www.w3.org\/2000\/svg\" viewBox=\"0 0 512 512\" class=\"svg-inline--fa fa-chart-bar fa-w-16 fa-2x\"><path fill=\"currentColor\" d=\"M396.8 352h22.4c6.4 0 12.8-6.4 12.8-12.8V108.8c0-6.4-6.4-12.8-12.8-12.8h-22.4c-6.4 0-12.8 6.4-12.8 12.8v230.4c0 6.4 6.4 12.8 12.8 12.8zm-192 0h22.4c6.4 0 12.8-6.4 12.8-12.8V140.8c0-6.4-6.4-12.8-12.8-12.8h-22.4c-6.4 0-12.8 6.4-12.8 12.8v198.4c0 6.4 6.4 12.8 12.8 12.8zm96 0h22.4c6.4 0 12.8-6.4 12.8-12.8V204.8c0-6.4-6.4-12.8-12.8-12.8h-22.4c-6.4 0-12.8 6.4-12.8 12.8v134.4c0 6.4 6.4 12.8 12.8 12.8zM496 400H48V80c0-8.84-7.16-16-16-16H16C7.16 64 0 71.16 0 80v336c0 17.67 14.33 32 32 32h464c8.84 0 16-7.16 16-16v-16c0-8.84-7.16-16-16-16zm-387.2-48h22.4c6.4 0 12.8-6.4 12.8-12.8v-70.4c0-6.4-6.4-12.8-12.8-12.8h-22.4c-6.4 0-12.8 6.4-12.8 12.8v70.4c0 6.4 6.4 12.8 12.8 12.8z\" class=\"\"><\/path><\/svg><\/i> <img loading=\"lazy\" decoding=\"async\" width=\"16\" height=\"16\" alt=\"Loading\" src=\"https:\/\/www.raccontinellarete.it\/301\/wp-content\/plugins\/page-views-count\/ajax-loader-2x.gif\" border=0 \/><\/p>\n<div class=\"pvc_clear\"><\/div>\n","protected":false},"author":3,"featured_media":57895,"comment_status":"open","ping_status":"closed","sticky":false,"template":"","format":"standard","meta":{"footnotes":""},"categories":[87,5],"tags":[],"class_list":["post-57893","post","type-post","status-publish","format-standard","has-post-thumbnail","hentry","category-comunicato-stampa","category-racconti-nella-rete"],"_links":{"self":[{"href":"https:\/\/www.raccontinellarete.it\/index.php?rest_route=\/wp\/v2\/posts\/57893"}],"collection":[{"href":"https:\/\/www.raccontinellarete.it\/index.php?rest_route=\/wp\/v2\/posts"}],"about":[{"href":"https:\/\/www.raccontinellarete.it\/index.php?rest_route=\/wp\/v2\/types\/post"}],"author":[{"embeddable":true,"href":"https:\/\/www.raccontinellarete.it\/index.php?rest_route=\/wp\/v2\/users\/3"}],"replies":[{"embeddable":true,"href":"https:\/\/www.raccontinellarete.it\/index.php?rest_route=%2Fwp%2Fv2%2Fcomments&post=57893"}],"version-history":[{"count":5,"href":"https:\/\/www.raccontinellarete.it\/index.php?rest_route=\/wp\/v2\/posts\/57893\/revisions"}],"predecessor-version":[{"id":57902,"href":"https:\/\/www.raccontinellarete.it\/index.php?rest_route=\/wp\/v2\/posts\/57893\/revisions\/57902"}],"wp:featuredmedia":[{"embeddable":true,"href":"https:\/\/www.raccontinellarete.it\/index.php?rest_route=\/wp\/v2\/media\/57895"}],"wp:attachment":[{"href":"https:\/\/www.raccontinellarete.it\/index.php?rest_route=%2Fwp%2Fv2%2Fmedia&parent=57893"}],"wp:term":[{"taxonomy":"category","embeddable":true,"href":"https:\/\/www.raccontinellarete.it\/index.php?rest_route=%2Fwp%2Fv2%2Fcategories&post=57893"},{"taxonomy":"post_tag","embeddable":true,"href":"https:\/\/www.raccontinellarete.it\/index.php?rest_route=%2Fwp%2Fv2%2Ftags&post=57893"}],"curies":[{"name":"wp","href":"https:\/\/api.w.org\/{rel}","templated":true}]}}