{"id":57888,"date":"2025-10-13T19:44:07","date_gmt":"2025-10-13T18:44:07","guid":{"rendered":"https:\/\/www.raccontinellarete.it\/?p=57888"},"modified":"2025-10-17T15:30:00","modified_gmt":"2025-10-17T14:30:00","slug":"sabato-18-programma-completo-con-la-premiazione-dei-vincitori-di-racconti-nella-rete","status":"publish","type":"post","link":"https:\/\/www.raccontinellarete.it\/?p=57888","title":{"rendered":"Sabato 18 &#8211; programma completo con la premiazione dei vincitori di Racconti nella Rete"},"content":{"rendered":"\n<p><strong>Sabato&nbsp; 18 ottobre&nbsp; ore 10 sala conferenze Villa Bottini<\/strong>&nbsp; &#8211; diretta streaming sul canale  <a href=\"https:\/\/www.youtube.com\/user\/raccontinellarete\">https:\/\/www.youtube.com\/user\/raccontinellarete<\/a><\/p>\n\n\n\n<p><strong>\u201cOccasioni Tobiniane\u201d&nbsp; in collaborazione con la Fondazione Mario Tobino<\/strong><\/p>\n\n\n\n<p><strong>STEFANO REDAELLI<\/strong> <strong>presenta \u201cEsercizi di squilibrio\u201d (Edizioni Citt\u00e0 Nuova).<\/strong><\/p>\n\n\n\n<p>Tredici esercizi per raggiungere uno stato di squilibrio dinamico, ossia una condizione di inquietudine interiore che consenta al praticante\/lettore di questo libro di andare oltre il semplice concetto di &#8220;mantenersi in forma&#8221; (non parliamo di benessere fisico ma psicologico e spirituale), per accogliere quello di darsi una forma, ossia di ridefinire se stessi a partire dal rapporto con gli altri. Tredici parole (tra cui ascolto, mitezza, benedicenza, silenzio\u2026) che vengono indagate e interrogate attraverso suggestioni narrative e approfondimenti psicologici e filosofici per tentare di individuare un punto di equilibrio, e dunque uno sguardo inedito sul mondo e su noi stessi, che richiede per\u00f2 uno sbilanciamento, un rischio, un moto di uscita da s\u00e9 e l&#8217;abbandono di una posizione rassicurante.<\/p>\n\n\n\n<p><strong>Stefano Redaelli <\/strong>\u00e8 professore di Letteratura italiana presso la facolt\u00e0 \u201cArtes Liberales\u201d di Varsavia. ? autore di numerose pubblicazioni, tra cui Beati gli inquieti (Selezione ufficiale Premio Campiello e Premio Strega 2021), Ombra mai pi\u00f9 (Premio Girifalco 2023 Sezione Follia, Premio Letteraria 2023, Premio Citt\u00e0 Cava dei Tirreni 2023, Premio Citt\u00e0 di Leonforte 2023), Chilometrotrenta (2011), Spirabole (2008).<\/p>\n\n\n\n<p><strong>Ore 11 MARILENA NARDI presenta la nuova copertina dell\u2019antologia 2025 del Premio Racconti nella Rete.<\/strong><\/p>\n\n\n\n<p>L\u2019immagine \u00e8 utilizzata anche per il manifesto della trentunesima edizione del festival LuccAutori. Marilena Nardi \u00e8 una vignettista e illustratrice, docente di illustrazione all\u2019Accademia di Belle Arti di Venezia, ha disegnato per molti periodici quali Diario, Corriere della Sera, L\u2019Antitempo e Il Fatto Quotidiano. Parler\u00e0 della sua attivit\u00e0 artistica e saranno proiettati i suoi disegni pi\u00f9 importanti.<\/p>\n\n\n\n<p>Collaborazioni recenti sono quelle per Sin\u00e9Madame, il settimanale Left, le riviste francesi Espoir e Z\u00e9lium e, online, con CartoonMovement. Molti i premi internazionali ricevuti per la sua attivit\u00e0 grafica ed editoriale. Fra questi: il Primo Premio al World Press Freedom Cartoon, Ottawa, 2011, e il Premio Forte dei Marmi per la Satira politica per il Disegno Satirico, 2013.<\/p>\n\n\n\n<p>Nel 2018, ha ricevuto la pi\u00f9 alta distinzione al World Press Cartoon, Caldas da Ra\u00ednha, Portogallo: il Grand Prix e nel contempo il Primo Premio per la categoria Disegno Editoriale. Era la prima volta di una donna durante le 13 edizioni del festival. Fa parte di Cartooning for Peace, United Sketches, France Cartoon e Cartoon Movement.<\/p>\n\n\n\n<p><strong>Ore 12 LE STORIE DEL BUDUAR. I PREMI DI RACCONTI NELLA RETE\u00ae.<\/strong><\/p>\n\n\n\n<p><strong>Un libro a cura di Dino Aloi, Marco De Angelis, Alessandro Prevosto. introduzione di Demetrio Brandi (Graphe.it edizioni). I racconti umoristici di Marco Rinaldi, Alessia Chiappini, Claudia Mereu, Cinzia Montagna, Davide Desantis, Maria Grazia Scalas, Chiara Pardini, Caterina Fiume, Giorgio Marconi e Marco Polcari. <\/strong>Il premio Budu\u00e0r compie dieci anni e celebra con questa raccolta i suoi vincitori: uno all\u2019anno, per una compagine eterogenea e coraggiosa unita dall\u2019intento fondante del progetto, ovvero far ridere i lettori. Sappiamo bene quanto pregiudizio pesi sulla letteratura umoristica e satirica, e \u2013 per chi non fosse gi\u00e0 appassionato conoscitore del genere \u2013 questa \u00e8 un\u2019ottima occasione per ricredersi. L\u2019arte di divertire con la parola scritta richiede un\u2019abilit\u00e0 rara e multiforme, e chi la padroneggia non ha nulla da invidiare ai narratori che percorrono il dramma. Accogliamo dunque questa opportunit\u00e0: fra le pagine andiamo a cercare un momento di arguta spensieratezza che rinfrancher\u00e0 i nostri pensieri, magari un po\u2019 troppo tetri.<\/p>\n\n\n\n<p><strong>Sabato 18 ottobre ore 16,30 Villa Bottini<\/strong><\/p>\n\n\n\n<p><strong>LuccAutori presenta in anteprima nazionale il cortometraggio \u201cL\u2019ALGORITMO\u201d di Giuseppe Ciarallo<\/strong>, vincitore della sezione Corti del premio \u201cRacconti nella Rete 2025\u201d. Prodotto da LuccAutori e Scuola di Cinema Immagina di Firenze. Regia di <strong>GIUSEPPE FERLITO<\/strong>. Saranno presenti l\u2019autore e gli attori protagonisti.<\/p>\n\n\n\n<p><strong>Ore 17 sala conferenze <\/strong>Presentazione dell\u2019antologia del premio letterario <strong>Racconti nella Rete 2025<\/strong> a cura di Demetrio Brandi (Castelvecchi).<\/p>\n\n\n\n<p>Maria Elena Marchini incontra gli scrittori: <strong>Antonio Apostolo, Lisa Bove, Noemi Carraro, Alessandra Di Graziano, Rita Anna Maria Stella Fantini, Kassandra Fedele, Alberto Marrias, Jacques Martinet, Carlotta Mura (Premio AIDR), Marco Polcari (Premio Budu\u00e0r), Emma Preti, Barbara Rendina, Sabrina Spadaro (Premio Strada del vino e dell\u2019olio di Lucca, Montecarlo e Versilia), Anna Volpe<\/strong>.<\/p>\n\n\n\n<p>Letture a cura di <strong>Mario Cenni, Fabio Dostuni, Antonella Lucii<\/strong>, <strong>Francesca Sorace<\/strong>. Intervento musicale di <strong>Giuseppe Sanalitro<\/strong>.<\/p>\n\n\n\n<p><strong>PREMIO FONDAZIONE AIDR<\/strong> Italian Digital Revolution, per il vincitore pi\u00f9 giovane, a Carlotta Mura per il racconto \u201cUna gabbia di matti\u201d . Interviene <strong>Mauro Nicastri<\/strong>, presidente della Fondazione Aidr.<\/p>\n\n\n\n<p><strong>PREMIO BUDUAR<\/strong> al miglior racconto lo riceve Marco Polcari autore del racconto \u201cNarratore senza pagina\u201d. Consegnano il premio Dino Aloi, Alessandro Prevosto e Marco De Angelis. La scultura in ardesia \u00e8 opera dell\u2019artista Laura Lapis.<\/p>\n\n\n\n<p><strong>PREMIO STRADA DEL VINO E DELL\u2019OLIO DI LUCCA<\/strong><strong>, <\/strong><strong>MONTECARLO E VERSILIA<\/strong>al miglior racconto umoristico che richiami prodotti e territorio, a Sabrina Spadaro per \u201cRacconti di vite\u201d.<\/p>\n\n\n\n<p><strong>Ore 18 Sala conferenze Villa Bottini<\/strong><\/p>\n\n\n\n<p><strong>STEFANO ZIANTONI e FILIPPO DI GIACOMO presentano<\/strong><\/p>\n\n\n\n<p><strong>PONTI, NON MURI (Rai Libri) I 47 viaggi apostolici di Papa Francesco.<\/strong><\/p>\n\n\n\n<p>Il primo \u00e8 stato in Brasile, nel 2013, dopo la sua elezione, in occasione della Giornata Mondiale della Giovent\u00f9, l\u2019ultimo in Corsica, ad Ajaccio, a dicembre 2024: sono ben 47 i Viaggi Apostolici che Papa Francesco ha compiuto fuori dall\u2019Italia. Con l\u2019eccezione del 2020 \u2013 anno segnato dall\u2019emergenza per il Covid \u2013 Bergoglio non ha mai interrotto la sua missione: portare la parola di Cristo nel mondo, soprattutto tra gli \u201cultimi\u201d. Un peregrinare mosso dal profondo desiderio di stare vicino alle persone, indipendentemente dalla loro appartenenza geografica. Dialogo interreligioso, ecumenismo, ricerca della pace: Francesco ha riaffermato la volont\u00e0 di diffondere questi principi ovunque si sia recato, senza mai fermarsi, nonostante le sue precarie condizioni di salute. Alle autorit\u00e0, alla societ\u00e0 civile, ai giovani, ha ribadito con energia che la Chiesa \u00e8 forte se costruisce ponti, non se alza muri. Arricchito da foto e anche da story map a cui si accede tramite QR code, questo volume intende ripercorrere il \u201cgiro del mondo\u201d che Bergoglio ha realizzato durante il suo pontificato, e attraverso le sue parole \u2013 potenti, incisive e ancora cos\u00ec vive tra noi \u2013 far riecheggiare il coraggioso messaggio di pace che non si \u00e8 mai stancato di predicare.<\/p>\n\n\n\n<p>Interviene Maria Elena Marchini.<\/p>\n\n\n\n<p>Nel corso del festival saranno realizzato diversi servizi televisivi per le reti Rai. Le riprese video sono di Luca Martinelli. Foto di Mauro Giraffi, Rinaldo Serra e Valter Cardieni. Gli incontri saranno trasmessi in diretta streaming sulla pagina Youtube di Racconti nella Rete.<\/p>\n\n\n\n<p>Le copie dei libri saranno messi a disposizione dalla libreria Mondadori di Lucca.<\/p>\n\n\n\n<p>Per il programma dettagliato del festival LuccAutori\u00ae e per altre informazioni sulla nuova edizione del premio letterario Racconti nella Rete\u00ae consultare il sito <a href=\"https:\/\/www.raccontinellarete.it\/\">www.raccontinellarete.it<\/a>. Tel. 0584651874 <a href=\"mailto:info@raccontinellarete.it\">info@raccontinellarete.it<\/a><\/p>\n\n\n\n<figure class=\"wp-block-image size-large\"><img loading=\"lazy\" decoding=\"async\" width=\"726\" height=\"1024\" src=\"https:\/\/www.raccontinellarete.it\/301\/wp-content\/uploads\/2025\/10\/ziantoni-726x1024.jpg\" alt=\"\" class=\"wp-image-57889\" srcset=\"https:\/\/www.raccontinellarete.it\/301\/wp-content\/uploads\/2025\/10\/ziantoni-726x1024.jpg 726w, https:\/\/www.raccontinellarete.it\/301\/wp-content\/uploads\/2025\/10\/ziantoni-177x250.jpg 177w, https:\/\/www.raccontinellarete.it\/301\/wp-content\/uploads\/2025\/10\/ziantoni-768x1083.jpg 768w, https:\/\/www.raccontinellarete.it\/301\/wp-content\/uploads\/2025\/10\/ziantoni-1089x1536.jpg 1089w, https:\/\/www.raccontinellarete.it\/301\/wp-content\/uploads\/2025\/10\/ziantoni-1452x2048.jpg 1452w, https:\/\/www.raccontinellarete.it\/301\/wp-content\/uploads\/2025\/10\/ziantoni.jpg 1500w\" sizes=\"(max-width: 726px) 100vw, 726px\" \/><\/figure>\n\n\n\n<figure class=\"wp-block-image size-large\"><img loading=\"lazy\" decoding=\"async\" width=\"717\" height=\"1024\" src=\"https:\/\/www.raccontinellarete.it\/301\/wp-content\/uploads\/2025\/10\/redaelli-717x1024.jpg\" alt=\"\" class=\"wp-image-57890\" srcset=\"https:\/\/www.raccontinellarete.it\/301\/wp-content\/uploads\/2025\/10\/redaelli-717x1024.jpg 717w, https:\/\/www.raccontinellarete.it\/301\/wp-content\/uploads\/2025\/10\/redaelli-175x250.jpg 175w, https:\/\/www.raccontinellarete.it\/301\/wp-content\/uploads\/2025\/10\/redaelli-768x1097.jpg 768w, https:\/\/www.raccontinellarete.it\/301\/wp-content\/uploads\/2025\/10\/redaelli-1075x1536.jpg 1075w, https:\/\/www.raccontinellarete.it\/301\/wp-content\/uploads\/2025\/10\/redaelli-1433x2048.jpg 1433w, https:\/\/www.raccontinellarete.it\/301\/wp-content\/uploads\/2025\/10\/redaelli-scaled.jpg 1792w\" sizes=\"(max-width: 717px) 100vw, 717px\" \/><\/figure>\n\n\n\n<figure class=\"wp-block-image size-full\"><img loading=\"lazy\" decoding=\"async\" width=\"560\" height=\"800\" src=\"https:\/\/www.raccontinellarete.it\/301\/wp-content\/uploads\/2025\/10\/nardi-Copia.jpg\" alt=\"\" class=\"wp-image-57891\" srcset=\"https:\/\/www.raccontinellarete.it\/301\/wp-content\/uploads\/2025\/10\/nardi-Copia.jpg 560w, https:\/\/www.raccontinellarete.it\/301\/wp-content\/uploads\/2025\/10\/nardi-Copia-175x250.jpg 175w\" sizes=\"(max-width: 560px) 100vw, 560px\" \/><\/figure>\n\n\n\n<p><\/p>\n\n\n\n<p><\/p>\n\n\n\n<p><\/p>\n\n\n\n<p><\/p>\n\n\n\n<p><\/p>\n\n\n\n<p><\/p>\n\n\n\n<p><\/p>\n\n\n\n<p><\/p>\n\n\n\n<p><\/p>\n\n\n\n<p><\/p>\n\n\n\n<p><\/p>\n\n\n\n<p><\/p>\n\n\n\n<p><\/p>\n\n\n\n<p><\/p>\n\n\n\n<p><\/p>\n\n\n\n<p><\/p>\n\n\n\n<p><\/p>\n\n\n\n<p><\/p>\n\n\n\n<p><\/p>\n<div class=\"pvc_clear\"><\/div><p id=\"pvc_stats_57888\" class=\"pvc_stats all  \" data-element-id=\"57888\" style=\"\"><i class=\"pvc-stats-icon medium\" aria-hidden=\"true\"><svg aria-hidden=\"true\" focusable=\"false\" data-prefix=\"far\" data-icon=\"chart-bar\" role=\"img\" xmlns=\"http:\/\/www.w3.org\/2000\/svg\" viewBox=\"0 0 512 512\" class=\"svg-inline--fa fa-chart-bar fa-w-16 fa-2x\"><path fill=\"currentColor\" d=\"M396.8 352h22.4c6.4 0 12.8-6.4 12.8-12.8V108.8c0-6.4-6.4-12.8-12.8-12.8h-22.4c-6.4 0-12.8 6.4-12.8 12.8v230.4c0 6.4 6.4 12.8 12.8 12.8zm-192 0h22.4c6.4 0 12.8-6.4 12.8-12.8V140.8c0-6.4-6.4-12.8-12.8-12.8h-22.4c-6.4 0-12.8 6.4-12.8 12.8v198.4c0 6.4 6.4 12.8 12.8 12.8zm96 0h22.4c6.4 0 12.8-6.4 12.8-12.8V204.8c0-6.4-6.4-12.8-12.8-12.8h-22.4c-6.4 0-12.8 6.4-12.8 12.8v134.4c0 6.4 6.4 12.8 12.8 12.8zM496 400H48V80c0-8.84-7.16-16-16-16H16C7.16 64 0 71.16 0 80v336c0 17.67 14.33 32 32 32h464c8.84 0 16-7.16 16-16v-16c0-8.84-7.16-16-16-16zm-387.2-48h22.4c6.4 0 12.8-6.4 12.8-12.8v-70.4c0-6.4-6.4-12.8-12.8-12.8h-22.4c-6.4 0-12.8 6.4-12.8 12.8v70.4c0 6.4 6.4 12.8 12.8 12.8z\" class=\"\"><\/path><\/svg><\/i> <img loading=\"lazy\" decoding=\"async\" width=\"16\" height=\"16\" alt=\"Loading\" src=\"https:\/\/www.raccontinellarete.it\/301\/wp-content\/plugins\/page-views-count\/ajax-loader-2x.gif\" border=0 \/><\/p><div class=\"pvc_clear\"><\/div>","protected":false},"excerpt":{"rendered":"<p>Sabato&nbsp; 18 ottobre&nbsp; ore 10 sala conferenze Villa Bottini&nbsp; &#8211; diretta streaming sul canale https:\/\/www.youtube.com\/user\/raccontinellarete \u201cOccasioni Tobiniane\u201d&nbsp; in collaborazione con la Fondazione Mario Tobino STEFANO REDAELLI presenta \u201cEsercizi di squilibrio\u201d (Edizioni Citt\u00e0 Nuova). Tredici esercizi per raggiungere uno stato di squilibrio dinamico, ossia una condizione di inquietudine interiore che consenta al praticante\/lettore di questo libro [&hellip;]<\/p>\n<div class=\"pvc_clear\"><\/div>\n<p id=\"pvc_stats_57888\" class=\"pvc_stats all  \" data-element-id=\"57888\" style=\"\"><i class=\"pvc-stats-icon medium\" aria-hidden=\"true\"><svg aria-hidden=\"true\" focusable=\"false\" data-prefix=\"far\" data-icon=\"chart-bar\" role=\"img\" xmlns=\"http:\/\/www.w3.org\/2000\/svg\" viewBox=\"0 0 512 512\" class=\"svg-inline--fa fa-chart-bar fa-w-16 fa-2x\"><path fill=\"currentColor\" d=\"M396.8 352h22.4c6.4 0 12.8-6.4 12.8-12.8V108.8c0-6.4-6.4-12.8-12.8-12.8h-22.4c-6.4 0-12.8 6.4-12.8 12.8v230.4c0 6.4 6.4 12.8 12.8 12.8zm-192 0h22.4c6.4 0 12.8-6.4 12.8-12.8V140.8c0-6.4-6.4-12.8-12.8-12.8h-22.4c-6.4 0-12.8 6.4-12.8 12.8v198.4c0 6.4 6.4 12.8 12.8 12.8zm96 0h22.4c6.4 0 12.8-6.4 12.8-12.8V204.8c0-6.4-6.4-12.8-12.8-12.8h-22.4c-6.4 0-12.8 6.4-12.8 12.8v134.4c0 6.4 6.4 12.8 12.8 12.8zM496 400H48V80c0-8.84-7.16-16-16-16H16C7.16 64 0 71.16 0 80v336c0 17.67 14.33 32 32 32h464c8.84 0 16-7.16 16-16v-16c0-8.84-7.16-16-16-16zm-387.2-48h22.4c6.4 0 12.8-6.4 12.8-12.8v-70.4c0-6.4-6.4-12.8-12.8-12.8h-22.4c-6.4 0-12.8 6.4-12.8 12.8v70.4c0 6.4 6.4 12.8 12.8 12.8z\" class=\"\"><\/path><\/svg><\/i> <img loading=\"lazy\" decoding=\"async\" width=\"16\" height=\"16\" alt=\"Loading\" src=\"https:\/\/www.raccontinellarete.it\/301\/wp-content\/plugins\/page-views-count\/ajax-loader-2x.gif\" border=0 \/><\/p>\n<div class=\"pvc_clear\"><\/div>\n","protected":false},"author":3,"featured_media":57889,"comment_status":"open","ping_status":"closed","sticky":false,"template":"","format":"standard","meta":{"footnotes":""},"categories":[87,5],"tags":[],"class_list":["post-57888","post","type-post","status-publish","format-standard","has-post-thumbnail","hentry","category-comunicato-stampa","category-racconti-nella-rete"],"_links":{"self":[{"href":"https:\/\/www.raccontinellarete.it\/index.php?rest_route=\/wp\/v2\/posts\/57888"}],"collection":[{"href":"https:\/\/www.raccontinellarete.it\/index.php?rest_route=\/wp\/v2\/posts"}],"about":[{"href":"https:\/\/www.raccontinellarete.it\/index.php?rest_route=\/wp\/v2\/types\/post"}],"author":[{"embeddable":true,"href":"https:\/\/www.raccontinellarete.it\/index.php?rest_route=\/wp\/v2\/users\/3"}],"replies":[{"embeddable":true,"href":"https:\/\/www.raccontinellarete.it\/index.php?rest_route=%2Fwp%2Fv2%2Fcomments&post=57888"}],"version-history":[{"count":4,"href":"https:\/\/www.raccontinellarete.it\/index.php?rest_route=\/wp\/v2\/posts\/57888\/revisions"}],"predecessor-version":[{"id":57903,"href":"https:\/\/www.raccontinellarete.it\/index.php?rest_route=\/wp\/v2\/posts\/57888\/revisions\/57903"}],"wp:featuredmedia":[{"embeddable":true,"href":"https:\/\/www.raccontinellarete.it\/index.php?rest_route=\/wp\/v2\/media\/57889"}],"wp:attachment":[{"href":"https:\/\/www.raccontinellarete.it\/index.php?rest_route=%2Fwp%2Fv2%2Fmedia&parent=57888"}],"wp:term":[{"taxonomy":"category","embeddable":true,"href":"https:\/\/www.raccontinellarete.it\/index.php?rest_route=%2Fwp%2Fv2%2Fcategories&post=57888"},{"taxonomy":"post_tag","embeddable":true,"href":"https:\/\/www.raccontinellarete.it\/index.php?rest_route=%2Fwp%2Fv2%2Ftags&post=57888"}],"curies":[{"name":"wp","href":"https:\/\/api.w.org\/{rel}","templated":true}]}}