{"id":57881,"date":"2025-10-13T17:22:27","date_gmt":"2025-10-13T16:22:27","guid":{"rendered":"https:\/\/www.raccontinellarete.it\/?p=57881"},"modified":"2025-10-13T17:22:28","modified_gmt":"2025-10-13T16:22:28","slug":"pascoli-e-pasolini-nel-segno-della-grande-poesia","status":"publish","type":"post","link":"https:\/\/www.raccontinellarete.it\/?p=57881","title":{"rendered":"Pascoli e Pasolini nel segno della grande poesia"},"content":{"rendered":"\n<p><strong>BARGA &#8211; Mercoled\u00ec 15 ottobre&nbsp; alle 10 nella sala consiliare di&nbsp;Palazzo Pancrazi, la Fondazione Giovanni Pascoli e il festival LuccAutori&nbsp;presentano <\/strong><strong>\u201cGiovanni Pascoli narratore dell\u2019avvenire. Poesia, cronaca in versi dell\u2019attualit\u00e0.<\/strong><\/p>\n\n\n\n<p>Incontro nel cinquantesimo della morte di<strong> PIER PAOLO PASOLINI.<\/strong> intervengono <strong>Flavia Leonarduzzi,<\/strong> ex presidente del Centro Studi Pier Paolo Pasolini di Casarsa della Delizia, il cantautore<strong> Edoardo De Angelis<\/strong>, autore del volume \u201cAnche le statue parlano\u201d, <strong>Alessandro Adami<\/strong> presindente Fondazione Giovanni Pacoli,\u00a0<strong>Demetrio Brandi<\/strong> presidente di LuccAutori. \u00a0\u00a0<strong>Nel cinquantenario della morte di Pier Paolo Pasolini, un incontro speciale dedicato al dialogo tra due grandi voci della letteratura italiana.\u00a0\u00a0Sebbene possano sembrare lontani, Giovanni Pascoli e Pier Paolo Pasolini sono in realt\u00e0 profondamente legati: Pascoli fu infatti l\u2019argomento della tesi di laurea di Pasolini, a testimonianza di un filo poetico e umano che attraversa il Novecento.<\/strong><\/p>\n\n\n\n<p>L\u2019incontro vede la partecipazione degli studenti dell&#8217;ISI Barga.&nbsp;&nbsp;L\u2019evento segna il settimo anno consecutivo di collaborazione tra la Fondazione Giovanni Pascoli e LuccAutori, un sodalizio che continua a valorizzare la poesia e la cultura italiana.&nbsp;<\/p>\n\n\n\n<p><strong>Entrambi sono considerati voci poetiche fondamentali, sebbene con stili e temi differenti: Pascoli con il suo simbolismo legato al lutto e al nido, e Pasolini con una poesia legata all&#8217;attualit\u00e0 e alla critica sociale.&nbsp;<\/strong>&nbsp;<\/p>\n\n\n\n<p>Flavia Leonarduzzi ha coordinato l\u2019organizzazione dei maggiori eventi culturali a Pordenone ed \u00e8 stata responsabile dei Musei d\u2019Arte ed Archeologico nonch\u00e8 della Biblioteca Civica della Citt\u00e0. E\u2019 stata Presidente del Centro Studi Pier Paolo Pasolini di Casarsa della Delizia dal 2020 al 2024 e componente e vice presidente del Consiglio di Amministrazione dello stesso Ente dalla sua istituzione giuridica alla scadenza del mandato di vertice. Ha collaborato per la stesura del dossier di candidatura di Pordenone a Capitale della Cultura 2027 e ne coordina la realizzazione del programma per gli anni 2025-2027.<\/p>\n\n\n\n<p>Edoardo De Angelis.&nbsp;Cantautore, paroliere e produttore discografico romano.&nbsp;\u00c8 l&#8217;autore di canzoni come &#8220;Lella&#8221;, un evergreen della musica italiana, e ha pubblicato pi\u00f9 di venti album.&nbsp;Ha anche lavorato alla collana discografica &#8220;Il Cantautore Necessario&#8221; dedicata alla canzone d&#8217;autore italiana.&nbsp;<\/p>\n\n\n\n<p>Il libro di Edoardo De Angelis \u201cAnche le statue parlano\u201d nasce da un\u2019idea piuttosto semplice: i musei non vanno solo visti, ma vanno anche ascoltati. Ogni oggetto conservato in un museo, dal pi\u00f9 semplice al pi\u00f9 complesso, dal pi\u00f9 anonimo al pi\u00f9 conosciuto, dal pi\u00f9 comune al pi\u00f9 prezioso, ha una storia da raccontare. Le opere esposte in un museo ci colpiscono inizialmente per il loro aspetto estetico, ma in realt\u00e0 sono l\u00ec per raccontarci una storia: la loro storia che \u00e8 anche la \u201cnostra\u201d storia.<\/p>\n\n\n\n<figure class=\"wp-block-image size-large\"><img loading=\"lazy\" decoding=\"async\" width=\"717\" height=\"1024\" src=\"https:\/\/www.raccontinellarete.it\/301\/wp-content\/uploads\/2025\/10\/locandina-pascoli-barga-15-ottobre-2025-717x1024.jpeg\" alt=\"\" class=\"wp-image-57882\" srcset=\"https:\/\/www.raccontinellarete.it\/301\/wp-content\/uploads\/2025\/10\/locandina-pascoli-barga-15-ottobre-2025-717x1024.jpeg 717w, https:\/\/www.raccontinellarete.it\/301\/wp-content\/uploads\/2025\/10\/locandina-pascoli-barga-15-ottobre-2025-175x250.jpeg 175w, https:\/\/www.raccontinellarete.it\/301\/wp-content\/uploads\/2025\/10\/locandina-pascoli-barga-15-ottobre-2025-768x1097.jpeg 768w, https:\/\/www.raccontinellarete.it\/301\/wp-content\/uploads\/2025\/10\/locandina-pascoli-barga-15-ottobre-2025-1075x1536.jpeg 1075w, https:\/\/www.raccontinellarete.it\/301\/wp-content\/uploads\/2025\/10\/locandina-pascoli-barga-15-ottobre-2025.jpeg 1120w\" sizes=\"(max-width: 717px) 100vw, 717px\" \/><\/figure>\n<div class=\"pvc_clear\"><\/div><p id=\"pvc_stats_57881\" class=\"pvc_stats all  \" data-element-id=\"57881\" style=\"\"><i class=\"pvc-stats-icon medium\" aria-hidden=\"true\"><svg aria-hidden=\"true\" focusable=\"false\" data-prefix=\"far\" data-icon=\"chart-bar\" role=\"img\" xmlns=\"http:\/\/www.w3.org\/2000\/svg\" viewBox=\"0 0 512 512\" class=\"svg-inline--fa fa-chart-bar fa-w-16 fa-2x\"><path fill=\"currentColor\" d=\"M396.8 352h22.4c6.4 0 12.8-6.4 12.8-12.8V108.8c0-6.4-6.4-12.8-12.8-12.8h-22.4c-6.4 0-12.8 6.4-12.8 12.8v230.4c0 6.4 6.4 12.8 12.8 12.8zm-192 0h22.4c6.4 0 12.8-6.4 12.8-12.8V140.8c0-6.4-6.4-12.8-12.8-12.8h-22.4c-6.4 0-12.8 6.4-12.8 12.8v198.4c0 6.4 6.4 12.8 12.8 12.8zm96 0h22.4c6.4 0 12.8-6.4 12.8-12.8V204.8c0-6.4-6.4-12.8-12.8-12.8h-22.4c-6.4 0-12.8 6.4-12.8 12.8v134.4c0 6.4 6.4 12.8 12.8 12.8zM496 400H48V80c0-8.84-7.16-16-16-16H16C7.16 64 0 71.16 0 80v336c0 17.67 14.33 32 32 32h464c8.84 0 16-7.16 16-16v-16c0-8.84-7.16-16-16-16zm-387.2-48h22.4c6.4 0 12.8-6.4 12.8-12.8v-70.4c0-6.4-6.4-12.8-12.8-12.8h-22.4c-6.4 0-12.8 6.4-12.8 12.8v70.4c0 6.4 6.4 12.8 12.8 12.8z\" class=\"\"><\/path><\/svg><\/i> <img loading=\"lazy\" decoding=\"async\" width=\"16\" height=\"16\" alt=\"Loading\" src=\"https:\/\/www.raccontinellarete.it\/301\/wp-content\/plugins\/page-views-count\/ajax-loader-2x.gif\" border=0 \/><\/p><div class=\"pvc_clear\"><\/div>","protected":false},"excerpt":{"rendered":"<p>BARGA &#8211; Mercoled\u00ec 15 ottobre&nbsp; alle 10 nella sala consiliare di&nbsp;Palazzo Pancrazi, la Fondazione Giovanni Pascoli e il festival LuccAutori&nbsp;presentano \u201cGiovanni Pascoli narratore dell\u2019avvenire. Poesia, cronaca in versi dell\u2019attualit\u00e0. Incontro nel cinquantesimo della morte di PIER PAOLO PASOLINI. intervengono Flavia Leonarduzzi, ex presidente del Centro Studi Pier Paolo Pasolini di Casarsa della Delizia, il cantautore [&hellip;]<\/p>\n<div class=\"pvc_clear\"><\/div>\n<p id=\"pvc_stats_57881\" class=\"pvc_stats all  \" data-element-id=\"57881\" style=\"\"><i class=\"pvc-stats-icon medium\" aria-hidden=\"true\"><svg aria-hidden=\"true\" focusable=\"false\" data-prefix=\"far\" data-icon=\"chart-bar\" role=\"img\" xmlns=\"http:\/\/www.w3.org\/2000\/svg\" viewBox=\"0 0 512 512\" class=\"svg-inline--fa fa-chart-bar fa-w-16 fa-2x\"><path fill=\"currentColor\" d=\"M396.8 352h22.4c6.4 0 12.8-6.4 12.8-12.8V108.8c0-6.4-6.4-12.8-12.8-12.8h-22.4c-6.4 0-12.8 6.4-12.8 12.8v230.4c0 6.4 6.4 12.8 12.8 12.8zm-192 0h22.4c6.4 0 12.8-6.4 12.8-12.8V140.8c0-6.4-6.4-12.8-12.8-12.8h-22.4c-6.4 0-12.8 6.4-12.8 12.8v198.4c0 6.4 6.4 12.8 12.8 12.8zm96 0h22.4c6.4 0 12.8-6.4 12.8-12.8V204.8c0-6.4-6.4-12.8-12.8-12.8h-22.4c-6.4 0-12.8 6.4-12.8 12.8v134.4c0 6.4 6.4 12.8 12.8 12.8zM496 400H48V80c0-8.84-7.16-16-16-16H16C7.16 64 0 71.16 0 80v336c0 17.67 14.33 32 32 32h464c8.84 0 16-7.16 16-16v-16c0-8.84-7.16-16-16-16zm-387.2-48h22.4c6.4 0 12.8-6.4 12.8-12.8v-70.4c0-6.4-6.4-12.8-12.8-12.8h-22.4c-6.4 0-12.8 6.4-12.8 12.8v70.4c0 6.4 6.4 12.8 12.8 12.8z\" class=\"\"><\/path><\/svg><\/i> <img loading=\"lazy\" decoding=\"async\" width=\"16\" height=\"16\" alt=\"Loading\" src=\"https:\/\/www.raccontinellarete.it\/301\/wp-content\/plugins\/page-views-count\/ajax-loader-2x.gif\" border=0 \/><\/p>\n<div class=\"pvc_clear\"><\/div>\n","protected":false},"author":3,"featured_media":57882,"comment_status":"open","ping_status":"closed","sticky":false,"template":"","format":"standard","meta":{"footnotes":""},"categories":[87,5],"tags":[],"class_list":["post-57881","post","type-post","status-publish","format-standard","has-post-thumbnail","hentry","category-comunicato-stampa","category-racconti-nella-rete"],"_links":{"self":[{"href":"https:\/\/www.raccontinellarete.it\/index.php?rest_route=\/wp\/v2\/posts\/57881"}],"collection":[{"href":"https:\/\/www.raccontinellarete.it\/index.php?rest_route=\/wp\/v2\/posts"}],"about":[{"href":"https:\/\/www.raccontinellarete.it\/index.php?rest_route=\/wp\/v2\/types\/post"}],"author":[{"embeddable":true,"href":"https:\/\/www.raccontinellarete.it\/index.php?rest_route=\/wp\/v2\/users\/3"}],"replies":[{"embeddable":true,"href":"https:\/\/www.raccontinellarete.it\/index.php?rest_route=%2Fwp%2Fv2%2Fcomments&post=57881"}],"version-history":[{"count":1,"href":"https:\/\/www.raccontinellarete.it\/index.php?rest_route=\/wp\/v2\/posts\/57881\/revisions"}],"predecessor-version":[{"id":57883,"href":"https:\/\/www.raccontinellarete.it\/index.php?rest_route=\/wp\/v2\/posts\/57881\/revisions\/57883"}],"wp:featuredmedia":[{"embeddable":true,"href":"https:\/\/www.raccontinellarete.it\/index.php?rest_route=\/wp\/v2\/media\/57882"}],"wp:attachment":[{"href":"https:\/\/www.raccontinellarete.it\/index.php?rest_route=%2Fwp%2Fv2%2Fmedia&parent=57881"}],"wp:term":[{"taxonomy":"category","embeddable":true,"href":"https:\/\/www.raccontinellarete.it\/index.php?rest_route=%2Fwp%2Fv2%2Fcategories&post=57881"},{"taxonomy":"post_tag","embeddable":true,"href":"https:\/\/www.raccontinellarete.it\/index.php?rest_route=%2Fwp%2Fv2%2Ftags&post=57881"}],"curies":[{"name":"wp","href":"https:\/\/api.w.org\/{rel}","templated":true}]}}