{"id":5788,"date":"2011-04-11T16:23:42","date_gmt":"2011-04-11T15:23:42","guid":{"rendered":"http:\/\/www.raccontinellarete.it\/?p=5788"},"modified":"2011-04-11T16:23:42","modified_gmt":"2011-04-11T15:23:42","slug":"premio-racconti-nella-rete-2011-the-cereal-killer-di-annalisa-mentana","status":"publish","type":"post","link":"https:\/\/www.raccontinellarete.it\/?p=5788","title":{"rendered":"Premio Racconti nella Rete 2011 &#8220;The Cereal Killer&#8221; di Annalisa Mentana"},"content":{"rendered":"<p><em><\/em><\/p>\n<p><em><\/em><\/p>\n<p>Avete presente le scatole dei cereali per la prima colazione? Quelle scatole completamente tappezzate di consigli e suggerimenti sul \u201cgiusto apporto di calcio e magnesio per affrontare con vitalit\u00e0 tutta la giornata\u201d, perch\u00e9 quei cereali contengono \u201ctanti carboidrati e pochi grassi per aiutare il tuo bambino ad essere pi\u00f9 concentrato a scuola, pi\u00f9 dinamico nei giochi e a crescere forte e sano\u201d?<\/p>\n<p>..come vedete io le conosco bene, quelle scatole&#8230;<\/p>\n<p>Ogni santa mattina mia madre prima di andare a scuola mi preparava un tazzone colmo di quei maledetti cereali senza sapore, mi schiaffava il cucchiaio in mano come fosse una pala e piazzava quella dannata scatola proprio l\u00ec, davanti a me, che gi\u00e0 a stento riuscivo a sedermi a tavola come i grandi e dovevo mettere un cuscino super-imbottito sulla sedia. Quella mega scatolona messa l\u00ec davanti mi ostruiva completamente la visuale della tv mentre trasmettevano i miei cartoni animati preferiti&#8230;e cos\u00ec non mi restava altra scelta che iniziare a deglutire cucchiaiate di latte con i cereali mentre leggevo sillabando quelle promesse di \u201cforza, vitalit\u00e0 e salute\u201d che le scatole di cereali e mia madre mi propinavano ogni sacrosanta mattina della mia infanzia.<\/p>\n<p>Li odiavo, quei cereali. E odiavo mia madre che mi costringeva a mangiarli tutti i giorni ripetendomi di continuo che con quei maledetti croccantini \u2013 cos\u00ec simili a quelli che mangiava il nostro cane \u2013 sarei diventato bello, forte e blablabla&#8230;mentre io avrei tanto preferito una di quelle merendine piene di cioccolato appiccicoso&#8230;<\/p>\n<p>Dite che mi \u00e8 servito a qualcosa mangiare da piccolo tutti quei cereali?? A un cazzo di niente mi \u00e8 servito!!<\/p>\n<p>Forte? Sano? Dinamico? Concentrato a scuola?<\/p>\n<p>La scuola l\u2019ho lasciata non appena ho potuto: mi trascinavo in classe pi\u00f9 svogliato e scazzato che mai..e non riuscivo ad andare d\u2019accordo con gli altri bambini..e del resto loro parlavano sempre di \u2018sti cartoni animati che io non riuscivo mai a vedere&#8230;<\/p>\n<p>In compenso ho un fisico che dire \u201casciutto\u201d \u00e8 dire poco&#8230;sono cos\u00ec secco che pi\u00f9 di una volta \u2013 e lo so per certo \u2013 mi hanno preso per un fottuto tossico o uno con quelle malattie strane che ti consumano tutto fin quando non ti si vedono le ossa&#8230;CAPITE?? <span style=\"text-decoration: underline;\">A ME <\/span>TOSSICO, <span style=\"text-decoration: underline;\">A ME<\/span> MALATO??!!<\/p>\n<p>Io, che con tutti quei cereali sarei dovuto diventare una specie di Bruce Willis \u2013 ma molto pi\u00f9 intelligente \u2013 vengo preso per un maledetto tossico con tanto di benpensanti che scuotono la testa in segno un po\u2019 di disapprovazione, un po\u2019 di piet\u00e0 per quel povero ragazzo che chiss\u00e0 quanto dispiacere per la mamma&#8230;<\/p>\n<p>DISPIACERE ALLA MAMMA?? No, no miei cari..qui c\u2019\u00e8 un evidente errore&#8230;qui si confonde la vittima col carnefice e non va affatto bene!<\/p>\n<p>\u00c8 per questo motivo che stamattina ho deciso finalmente di vendicare anni di illusioni e promesse non mantenute, anni di merendine cioccolatose e cartoni animati ingiustamente negati.<\/p>\n<p>Cos\u00ec, anzich\u00e9 prendere il solito cucchiaione, questa mattina ho deciso di impugnare uno di quei bei coltellacci comprati nelle televendite, me lo sono infilato sotto la giacca e sono andato dove ero sicuro che avrei incontrato la mia vittima: al supermercato.<\/p>\n<p>Eccola l\u00ec indifesa, la mia vittima. Faccio attenzione che nessuno mi stia guardando..e inizio a colpire! UNO!DUE!TRE!QUATTRO COLPI!! Mi accanisco su di lei fin quando non la sbrandello tutta, facendo volare pezzetti in tutto il reparto e imbrattando il pavimento.<\/p>\n<p>Giustizia ora \u00e8 fatta.<\/p>\n<p>Io sono l\u2019assassino dei cereali, il <em><strong>Cereal Killer<\/strong>, <\/em>ed il <em><strong>Cereal Killer<\/strong><\/em> ha ottenuto la sua vendetta, ed \u00e8 felice&#8230;<\/p>\n<p>Boh, ora mi trovo in questa stanzetta tutta bianca, e io pure sono vestito di bianco&#8230;e quei signori buoni mi hanno detto che non devo preoccuparmi di niente perch\u00e9 a me penseranno loro&#8230;<\/p>\n<p><em>&#8230;Chiss\u00e0 a colazione che si mangia qui!?!<\/em><\/p>\n<div class=\"pvc_clear\"><\/div>\n<p id=\"pvc_stats_5788\" class=\"pvc_stats all  \" data-element-id=\"5788\" style=\"\"><i class=\"pvc-stats-icon medium\" aria-hidden=\"true\"><svg aria-hidden=\"true\" focusable=\"false\" data-prefix=\"far\" data-icon=\"chart-bar\" role=\"img\" xmlns=\"http:\/\/www.w3.org\/2000\/svg\" viewBox=\"0 0 512 512\" class=\"svg-inline--fa fa-chart-bar fa-w-16 fa-2x\"><path fill=\"currentColor\" d=\"M396.8 352h22.4c6.4 0 12.8-6.4 12.8-12.8V108.8c0-6.4-6.4-12.8-12.8-12.8h-22.4c-6.4 0-12.8 6.4-12.8 12.8v230.4c0 6.4 6.4 12.8 12.8 12.8zm-192 0h22.4c6.4 0 12.8-6.4 12.8-12.8V140.8c0-6.4-6.4-12.8-12.8-12.8h-22.4c-6.4 0-12.8 6.4-12.8 12.8v198.4c0 6.4 6.4 12.8 12.8 12.8zm96 0h22.4c6.4 0 12.8-6.4 12.8-12.8V204.8c0-6.4-6.4-12.8-12.8-12.8h-22.4c-6.4 0-12.8 6.4-12.8 12.8v134.4c0 6.4 6.4 12.8 12.8 12.8zM496 400H48V80c0-8.84-7.16-16-16-16H16C7.16 64 0 71.16 0 80v336c0 17.67 14.33 32 32 32h464c8.84 0 16-7.16 16-16v-16c0-8.84-7.16-16-16-16zm-387.2-48h22.4c6.4 0 12.8-6.4 12.8-12.8v-70.4c0-6.4-6.4-12.8-12.8-12.8h-22.4c-6.4 0-12.8 6.4-12.8 12.8v70.4c0 6.4 6.4 12.8 12.8 12.8z\" class=\"\"><\/path><\/svg><\/i> <img loading=\"lazy\" decoding=\"async\" width=\"16\" height=\"16\" alt=\"Loading\" src=\"https:\/\/www.raccontinellarete.it\/301\/wp-content\/plugins\/page-views-count\/ajax-loader-2x.gif\" border=0 \/><\/p>\n<div class=\"pvc_clear\"><\/div>\n","protected":false},"excerpt":{"rendered":"<p>Avete presente le scatole dei cereali per la prima colazione? Quelle scatole completamente tappezzate di consigli e suggerimenti sul \u201cgiusto apporto di calcio e magnesio per affrontare con vitalit\u00e0 tutta la giornata\u201d, perch\u00e9 quei cereali contengono \u201ctanti carboidrati e pochi grassi per aiutare il tuo bambino ad essere pi\u00f9 concentrato a scuola, pi\u00f9 dinamico nei [&hellip;]<\/p>\n<div class=\"pvc_clear\"><\/div>\n<p id=\"pvc_stats_5788\" class=\"pvc_stats all  \" data-element-id=\"5788\" style=\"\"><i class=\"pvc-stats-icon medium\" aria-hidden=\"true\"><svg aria-hidden=\"true\" focusable=\"false\" data-prefix=\"far\" data-icon=\"chart-bar\" role=\"img\" xmlns=\"http:\/\/www.w3.org\/2000\/svg\" viewBox=\"0 0 512 512\" class=\"svg-inline--fa fa-chart-bar fa-w-16 fa-2x\"><path fill=\"currentColor\" d=\"M396.8 352h22.4c6.4 0 12.8-6.4 12.8-12.8V108.8c0-6.4-6.4-12.8-12.8-12.8h-22.4c-6.4 0-12.8 6.4-12.8 12.8v230.4c0 6.4 6.4 12.8 12.8 12.8zm-192 0h22.4c6.4 0 12.8-6.4 12.8-12.8V140.8c0-6.4-6.4-12.8-12.8-12.8h-22.4c-6.4 0-12.8 6.4-12.8 12.8v198.4c0 6.4 6.4 12.8 12.8 12.8zm96 0h22.4c6.4 0 12.8-6.4 12.8-12.8V204.8c0-6.4-6.4-12.8-12.8-12.8h-22.4c-6.4 0-12.8 6.4-12.8 12.8v134.4c0 6.4 6.4 12.8 12.8 12.8zM496 400H48V80c0-8.84-7.16-16-16-16H16C7.16 64 0 71.16 0 80v336c0 17.67 14.33 32 32 32h464c8.84 0 16-7.16 16-16v-16c0-8.84-7.16-16-16-16zm-387.2-48h22.4c6.4 0 12.8-6.4 12.8-12.8v-70.4c0-6.4-6.4-12.8-12.8-12.8h-22.4c-6.4 0-12.8 6.4-12.8 12.8v70.4c0 6.4 6.4 12.8 12.8 12.8z\" class=\"\"><\/path><\/svg><\/i> <img loading=\"lazy\" decoding=\"async\" width=\"16\" height=\"16\" alt=\"Loading\" src=\"https:\/\/www.raccontinellarete.it\/301\/wp-content\/plugins\/page-views-count\/ajax-loader-2x.gif\" border=0 \/><\/p>\n<div class=\"pvc_clear\"><\/div>\n","protected":false},"author":1340,"featured_media":0,"comment_status":"open","ping_status":"closed","sticky":false,"template":"","format":"standard","meta":{"footnotes":""},"categories":[14],"tags":[],"class_list":["post-5788","post","type-post","status-publish","format-standard","hentry","category-premio-racconti-nella-rete-2011"],"_links":{"self":[{"href":"https:\/\/www.raccontinellarete.it\/index.php?rest_route=\/wp\/v2\/posts\/5788"}],"collection":[{"href":"https:\/\/www.raccontinellarete.it\/index.php?rest_route=\/wp\/v2\/posts"}],"about":[{"href":"https:\/\/www.raccontinellarete.it\/index.php?rest_route=\/wp\/v2\/types\/post"}],"author":[{"embeddable":true,"href":"https:\/\/www.raccontinellarete.it\/index.php?rest_route=\/wp\/v2\/users\/1340"}],"replies":[{"embeddable":true,"href":"https:\/\/www.raccontinellarete.it\/index.php?rest_route=%2Fwp%2Fv2%2Fcomments&post=5788"}],"version-history":[{"count":3,"href":"https:\/\/www.raccontinellarete.it\/index.php?rest_route=\/wp\/v2\/posts\/5788\/revisions"}],"predecessor-version":[{"id":5794,"href":"https:\/\/www.raccontinellarete.it\/index.php?rest_route=\/wp\/v2\/posts\/5788\/revisions\/5794"}],"wp:attachment":[{"href":"https:\/\/www.raccontinellarete.it\/index.php?rest_route=%2Fwp%2Fv2%2Fmedia&parent=5788"}],"wp:term":[{"taxonomy":"category","embeddable":true,"href":"https:\/\/www.raccontinellarete.it\/index.php?rest_route=%2Fwp%2Fv2%2Fcategories&post=5788"},{"taxonomy":"post_tag","embeddable":true,"href":"https:\/\/www.raccontinellarete.it\/index.php?rest_route=%2Fwp%2Fv2%2Ftags&post=5788"}],"curies":[{"name":"wp","href":"https:\/\/api.w.org\/{rel}","templated":true}]}}