{"id":57826,"date":"2025-07-18T13:07:24","date_gmt":"2025-07-18T12:07:24","guid":{"rendered":"https:\/\/www.raccontinellarete.it\/?p=57826"},"modified":"2025-07-18T13:11:56","modified_gmt":"2025-07-18T12:11:56","slug":"anteprima-luccautori-sabato-19-luglio-su-rai-tre-toscana","status":"publish","type":"post","link":"https:\/\/www.raccontinellarete.it\/?p=57826","title":{"rendered":"Anteprima LuccAutori sabato 19 luglio su Rai Tre Toscana"},"content":{"rendered":"\n<p><strong>Sabato 19 luglio alle 7,30 su Rai Tre Toscana andr\u00e0 in onda  un&nbsp; servizio che mostrer\u00e0 in anteprima alcune novit\u00e0 della 31^ edizione del festival LuccAutori,  che vedr\u00e0 la premiazione dei vincitori del premio letterario Racconti nella Rete.&nbsp;&nbsp;LuccAutori, che si avvale del sostegno del Comune di Lucca, \u00e8 in programma dal 3 al 19 ottobre.<\/strong>&nbsp;&nbsp;<\/p>\n\n\n\n<p>Il presidente Demetrio Brandi mostrer\u00e0 la nuova immagine del premio,&nbsp;considerato il pi\u00f9 importante concorso nazionale per gli autori emergenti,&nbsp;&nbsp;realizzata dall\u2019illustratrice&nbsp;&nbsp;Marilena Nardi. &nbsp;Si parler\u00e0 degli ospiti che saranno presenti all&#8217;evento letterario e tra questi l&#8217;inviato del tg1 Rai&nbsp; Alessandro Cassieri con un libro di estrema attualit\u00e0 dal titolo &#8220;Tra Russia e Ucraina&#8221;.&nbsp;<\/p>\n\n\n\n<p>La pubblicazione dell\u2019antologia dei 25 vincitori del premio Racconti nella Rete 2025 (edita da Castelvecchi) sar\u00e0 accompagnata da premi speciali assegnati ad altrettanti racconti selezionati tra i 25 vincitori.\u00a0Sar\u00e0 assegnato il premio del giornale \u201cBudu\u00e0r\u201d al miglior racconto umoristico.\u00a0Il premio Fondazione \u201cAidr\u201d\u00a0al miglior racconto selezionato tra quelli inviati dagli under 25.\u00a0 Il premio del portale di informazione \u201cHappyin\u201d sar\u00e0 invece riservato al miglior racconto di viaggio. Novit\u00e0 il premio legato al territorio assegnato dalla &#8220;Strada del vino e dell&#8217;olio di Lucca, Montecarlo e Versilia&#8221;.<\/p>\n\n\n\n<p>La manifestazione ricorder\u00e0 lo scrittore Andrea Camilleri&nbsp; e il poeta e regista&nbsp;Pier Paolo Pasolini&nbsp;nel cinquantesimo anniversario della morte.&nbsp; Tra le mostre allestite a Villa Bottini spicca quella ormai classica dei ragazzi del liceo artistico Passaglia che illustreranno i venticinque racconti vincori del premio letterario. Proseguono inoltre gli eventi in collaborazione con Rotary Club Lucca e le Fondazioni Mario Tobino e Giovanni Pascoli.&nbsp;<\/p>\n<div class=\"pvc_clear\"><\/div><p id=\"pvc_stats_57826\" class=\"pvc_stats all  \" data-element-id=\"57826\" style=\"\"><i class=\"pvc-stats-icon medium\" aria-hidden=\"true\"><svg aria-hidden=\"true\" focusable=\"false\" data-prefix=\"far\" data-icon=\"chart-bar\" role=\"img\" xmlns=\"http:\/\/www.w3.org\/2000\/svg\" viewBox=\"0 0 512 512\" class=\"svg-inline--fa fa-chart-bar fa-w-16 fa-2x\"><path fill=\"currentColor\" d=\"M396.8 352h22.4c6.4 0 12.8-6.4 12.8-12.8V108.8c0-6.4-6.4-12.8-12.8-12.8h-22.4c-6.4 0-12.8 6.4-12.8 12.8v230.4c0 6.4 6.4 12.8 12.8 12.8zm-192 0h22.4c6.4 0 12.8-6.4 12.8-12.8V140.8c0-6.4-6.4-12.8-12.8-12.8h-22.4c-6.4 0-12.8 6.4-12.8 12.8v198.4c0 6.4 6.4 12.8 12.8 12.8zm96 0h22.4c6.4 0 12.8-6.4 12.8-12.8V204.8c0-6.4-6.4-12.8-12.8-12.8h-22.4c-6.4 0-12.8 6.4-12.8 12.8v134.4c0 6.4 6.4 12.8 12.8 12.8zM496 400H48V80c0-8.84-7.16-16-16-16H16C7.16 64 0 71.16 0 80v336c0 17.67 14.33 32 32 32h464c8.84 0 16-7.16 16-16v-16c0-8.84-7.16-16-16-16zm-387.2-48h22.4c6.4 0 12.8-6.4 12.8-12.8v-70.4c0-6.4-6.4-12.8-12.8-12.8h-22.4c-6.4 0-12.8 6.4-12.8 12.8v70.4c0 6.4 6.4 12.8 12.8 12.8z\" class=\"\"><\/path><\/svg><\/i> <img loading=\"lazy\" decoding=\"async\" width=\"16\" height=\"16\" alt=\"Loading\" src=\"https:\/\/www.raccontinellarete.it\/301\/wp-content\/plugins\/page-views-count\/ajax-loader-2x.gif\" border=0 \/><\/p><div class=\"pvc_clear\"><\/div>","protected":false},"excerpt":{"rendered":"<p>Sabato 19 luglio alle 7,30 su Rai Tre Toscana andr\u00e0 in onda un&nbsp; servizio che mostrer\u00e0 in anteprima alcune novit\u00e0 della 31^ edizione del festival LuccAutori, che vedr\u00e0 la premiazione dei vincitori del premio letterario Racconti nella Rete.&nbsp;&nbsp;LuccAutori, che si avvale del sostegno del Comune di Lucca, \u00e8 in programma dal 3 al 19 ottobre.&nbsp;&nbsp; [&hellip;]<\/p>\n<div class=\"pvc_clear\"><\/div>\n<p id=\"pvc_stats_57826\" class=\"pvc_stats all  \" data-element-id=\"57826\" style=\"\"><i class=\"pvc-stats-icon medium\" aria-hidden=\"true\"><svg aria-hidden=\"true\" focusable=\"false\" data-prefix=\"far\" data-icon=\"chart-bar\" role=\"img\" xmlns=\"http:\/\/www.w3.org\/2000\/svg\" viewBox=\"0 0 512 512\" class=\"svg-inline--fa fa-chart-bar fa-w-16 fa-2x\"><path fill=\"currentColor\" d=\"M396.8 352h22.4c6.4 0 12.8-6.4 12.8-12.8V108.8c0-6.4-6.4-12.8-12.8-12.8h-22.4c-6.4 0-12.8 6.4-12.8 12.8v230.4c0 6.4 6.4 12.8 12.8 12.8zm-192 0h22.4c6.4 0 12.8-6.4 12.8-12.8V140.8c0-6.4-6.4-12.8-12.8-12.8h-22.4c-6.4 0-12.8 6.4-12.8 12.8v198.4c0 6.4 6.4 12.8 12.8 12.8zm96 0h22.4c6.4 0 12.8-6.4 12.8-12.8V204.8c0-6.4-6.4-12.8-12.8-12.8h-22.4c-6.4 0-12.8 6.4-12.8 12.8v134.4c0 6.4 6.4 12.8 12.8 12.8zM496 400H48V80c0-8.84-7.16-16-16-16H16C7.16 64 0 71.16 0 80v336c0 17.67 14.33 32 32 32h464c8.84 0 16-7.16 16-16v-16c0-8.84-7.16-16-16-16zm-387.2-48h22.4c6.4 0 12.8-6.4 12.8-12.8v-70.4c0-6.4-6.4-12.8-12.8-12.8h-22.4c-6.4 0-12.8 6.4-12.8 12.8v70.4c0 6.4 6.4 12.8 12.8 12.8z\" class=\"\"><\/path><\/svg><\/i> <img loading=\"lazy\" decoding=\"async\" width=\"16\" height=\"16\" alt=\"Loading\" src=\"https:\/\/www.raccontinellarete.it\/301\/wp-content\/plugins\/page-views-count\/ajax-loader-2x.gif\" border=0 \/><\/p>\n<div class=\"pvc_clear\"><\/div>\n","protected":false},"author":3,"featured_media":57827,"comment_status":"open","ping_status":"closed","sticky":false,"template":"","format":"standard","meta":{"footnotes":""},"categories":[87,547,543,5],"tags":[],"class_list":["post-57826","post","type-post","status-publish","format-standard","has-post-thumbnail","hentry","category-comunicato-stampa","category-f-o-r-u-m","category-forum-di-racconti-nella-rete","category-racconti-nella-rete"],"_links":{"self":[{"href":"https:\/\/www.raccontinellarete.it\/index.php?rest_route=\/wp\/v2\/posts\/57826"}],"collection":[{"href":"https:\/\/www.raccontinellarete.it\/index.php?rest_route=\/wp\/v2\/posts"}],"about":[{"href":"https:\/\/www.raccontinellarete.it\/index.php?rest_route=\/wp\/v2\/types\/post"}],"author":[{"embeddable":true,"href":"https:\/\/www.raccontinellarete.it\/index.php?rest_route=\/wp\/v2\/users\/3"}],"replies":[{"embeddable":true,"href":"https:\/\/www.raccontinellarete.it\/index.php?rest_route=%2Fwp%2Fv2%2Fcomments&post=57826"}],"version-history":[{"count":3,"href":"https:\/\/www.raccontinellarete.it\/index.php?rest_route=\/wp\/v2\/posts\/57826\/revisions"}],"predecessor-version":[{"id":57831,"href":"https:\/\/www.raccontinellarete.it\/index.php?rest_route=\/wp\/v2\/posts\/57826\/revisions\/57831"}],"wp:featuredmedia":[{"embeddable":true,"href":"https:\/\/www.raccontinellarete.it\/index.php?rest_route=\/wp\/v2\/media\/57827"}],"wp:attachment":[{"href":"https:\/\/www.raccontinellarete.it\/index.php?rest_route=%2Fwp%2Fv2%2Fmedia&parent=57826"}],"wp:term":[{"taxonomy":"category","embeddable":true,"href":"https:\/\/www.raccontinellarete.it\/index.php?rest_route=%2Fwp%2Fv2%2Fcategories&post=57826"},{"taxonomy":"post_tag","embeddable":true,"href":"https:\/\/www.raccontinellarete.it\/index.php?rest_route=%2Fwp%2Fv2%2Ftags&post=57826"}],"curies":[{"name":"wp","href":"https:\/\/api.w.org\/{rel}","templated":true}]}}