{"id":57783,"date":"2025-06-24T21:12:33","date_gmt":"2025-06-24T20:12:33","guid":{"rendered":"https:\/\/www.raccontinellarete.it\/?p=57783"},"modified":"2025-06-26T22:24:37","modified_gmt":"2025-06-26T21:24:37","slug":"i-25-vincitori-del-24-premio-racconti-nella-rete-2025-lalgoritmo-di-giuseppe-ciarallo-vince-la-sezione-corti","status":"publish","type":"post","link":"https:\/\/www.raccontinellarete.it\/?p=57783","title":{"rendered":"I 25 vincitori del 24\u00b0 Premio Racconti nella Rete 2025"},"content":{"rendered":"\n<p><\/p>\n\n\n\n<p>La giuria tecnica della 24^ edizione del premio letterario \u201cRacconti nella Rete\u201d ha selezionato i venticinque racconti che saranno inseriti nella nuova antologia del Premio edita da Castelvecchi.<\/p>\n\n\n\n<p>\u201cComplimenti ai vincitori\u201d \u2013 dal presidente Demetrio Brandi \u2013 \u201ce un sincero ringraziamento a tutti gli autori che hanno partecipato con entusiasmo a questa ventiquattresima edizione, contribuendo con la qualit\u00e0 delle loro opere a far crescere ulteriormente il nostro concorso.\u201d<\/p>\n\n\n\n<p>I vincitori del premio, che si conferma il pi\u00f9 importante concorso nazionale per gli autori emergenti,&nbsp; saranno premiati a Lucca in occasione della 31^ edizione del festival LuccAutori, in programma dal 3 al 19 ottobre 2025 con eventi organizzati al&nbsp; CRED &#8211; Centro Risorse Educative e Didattiche, Palazzo Bernardini, al cinema Roma di Barga,&nbsp; con gran finale il 18 e 19 ottobre a Villa Bottini.<\/p>\n\n\n\n<p>Nelle giornate di sabato 18 e domenica 19 ottobre, a Villa Bottini, alla presenza degli autori vincitori del premio, sar\u00e0 presentata in anteprima la nuova antologia contenente i racconti selezionati.&nbsp; Il disegno di copertina \u00e8 stato realizzato dalla illustratrice Marilena Nardi. &nbsp;La prefazione \u00e8 del caporedattore del giornale Budu\u00e0r, &nbsp;Marco De Angelis.<\/p>\n\n\n\n<p>Il premio Budu\u00e0r per il miglior racconto umoristico \u00e8 stato assegnato a &nbsp;Marco Polcari per il racconto&nbsp; \u201cNarratore senza pagina\u201d, &nbsp;il premio Fondazione Aidr (Italian Digital Revolution) &nbsp;allo&nbsp; scrittore pi\u00f9 giovane, a Carlotta Mura &nbsp;per&nbsp;&nbsp; \u201cUna gabbia di matti \u201c, &nbsp;il premio Happyin per il migliore racconto di viaggio a Elisa Maini&nbsp; per &nbsp;&nbsp;\u201cLa barchetta e l&#8217;infinito\u201d, il premio Strada del vino e dell\u2019olio di Lucca, Montecarlo Versilia, &nbsp;a Sabrina Spadaro&nbsp;per \u201cRacconti di vite\u201d.<\/p>\n\n\n\n<p>&#8212;&#8212;&#8212;&#8212;&#8212;&#8212;&#8212;&#8212;&#8212;<\/p>\n\n\n\n<p>ELENCO VINCITORI IN ORDINE ALFABETICO\u00a0 &#8211;\u00a0 24\u00b0 RACCONTI NELLA RETE 2025<\/p>\n\n\n\n<p>1.&nbsp;&nbsp;&nbsp;&nbsp;&nbsp;&nbsp;&nbsp;&nbsp;&nbsp;&nbsp;&nbsp; Stefano Acquario&nbsp; \u201cL\u2019amore miope\u201d&nbsp; &#8211; Roma&nbsp;&nbsp;&nbsp;<\/p>\n\n\n\n<p>2.&nbsp;&nbsp;&nbsp;&nbsp;&nbsp;&nbsp;&nbsp;&nbsp;&nbsp;&nbsp;&nbsp; Mariateresa&nbsp; Amatulli&nbsp;&nbsp; \u201cLa chiave\u201d&nbsp; &#8211;&nbsp; Sesto San Giovanni (Mi)&nbsp;&nbsp;<\/p>\n\n\n\n<p>3.&nbsp;&nbsp;&nbsp;&nbsp;&nbsp;&nbsp;&nbsp;&nbsp;&nbsp;&nbsp;&nbsp; Antonio Apostolo&nbsp; \u201cFoje mische \u2013 Erbe selvatiche\u201d&nbsp;&nbsp;&nbsp; &#8211; Lecce&nbsp;<\/p>\n\n\n\n<p>4.&nbsp;&nbsp;&nbsp;&nbsp;&nbsp;&nbsp;&nbsp;&nbsp;&nbsp;&nbsp;&nbsp; Elena Barocci&nbsp; \u201cDis-Percezione\u201d&nbsp;&nbsp; &#8211;&nbsp; Jesi ( Ancona)&nbsp;&nbsp;<\/p>\n\n\n\n<p>5.&nbsp;&nbsp;&nbsp;&nbsp;&nbsp;&nbsp;&nbsp;&nbsp;&nbsp;&nbsp;&nbsp; Barbara Bertani&nbsp; \u201cScorrere\u201d &#8211;&nbsp;&nbsp; Lucca&nbsp;&nbsp;<\/p>\n\n\n\n<p>6.&nbsp;&nbsp;&nbsp;&nbsp;&nbsp;&nbsp;&nbsp;&nbsp;&nbsp;&nbsp;&nbsp; Lisa Bove&nbsp;&nbsp; \u201cGaleotte furono le rose rosse\u201d&nbsp;&nbsp;&nbsp;&nbsp;&nbsp; &#8211;&nbsp;&nbsp; Casoria (Na)<\/p>\n\n\n\n<p>7.&nbsp;&nbsp;&nbsp;&nbsp;&nbsp;&nbsp;&nbsp;&nbsp;&nbsp;&nbsp;&nbsp; Noemi Carraro&nbsp;&nbsp;&nbsp; \u201cTris e i colori\u201d&nbsp;&nbsp; (sezione racconti per bambini)&nbsp; &#8211;&nbsp; Padova<\/p>\n\n\n\n<p>8.&nbsp;&nbsp;&nbsp;&nbsp;&nbsp;&nbsp;&nbsp;&nbsp;&nbsp;&nbsp;&nbsp; Attilio Del Giudice&nbsp; \u201cE\u2019 una finzione narrativa ma i riferimenti non sono tutti casuali\u201d &#8211;&nbsp;&nbsp; Roma&nbsp;<\/p>\n\n\n\n<p>9.&nbsp;&nbsp;&nbsp;&nbsp;&nbsp;&nbsp;&nbsp;&nbsp;&nbsp;&nbsp;&nbsp; Alessandra&nbsp; Di Graziano&nbsp;&nbsp; \u201cLo strano portagioie\u201d&nbsp; &#8211;&nbsp; Palermo&nbsp;<\/p>\n\n\n\n<p>10.&nbsp;&nbsp;&nbsp;&nbsp;&nbsp;&nbsp;&nbsp;&nbsp;&nbsp; Rita Anna Maria Stella Fantini&nbsp;&nbsp; \u201cI piedi di mia madre\u201d&nbsp; &#8211; Roma&nbsp;&nbsp;<\/p>\n\n\n\n<p>11.&nbsp;&nbsp;&nbsp;&nbsp;&nbsp;&nbsp;&nbsp;&nbsp;&nbsp; Kassandra Fedele&nbsp;&nbsp; \u201cTenendoti per mano\u201d&nbsp;&nbsp; &#8211; Tropea&nbsp;&nbsp;<\/p>\n\n\n\n<p>12.&nbsp;&nbsp;&nbsp;&nbsp;&nbsp;&nbsp;&nbsp;&nbsp;&nbsp; Nina Lucchi&nbsp;&nbsp; \u201cL\u2019albero di mia madre\u201d&nbsp; &#8211; Carpi&nbsp;&nbsp;&nbsp;<\/p>\n\n\n\n<p>13.&nbsp;&nbsp;&nbsp;&nbsp;&nbsp;&nbsp;&nbsp;&nbsp;&nbsp; Elisa Maini&nbsp;&nbsp;&nbsp;&nbsp; \u201cLa barchetta e l&#8217;infinito\u201d&nbsp; Parma (Sezione racconti per bambini) (Premio Happy In)&nbsp;<\/p>\n\n\n\n<p>14.&nbsp;&nbsp;&nbsp;&nbsp;&nbsp;&nbsp;&nbsp;&nbsp;&nbsp; Alberto Marrias&nbsp; \u201cIl gatto della mia vicina\u201d&nbsp;&nbsp; (Frascati)&nbsp;<\/p>\n\n\n\n<p>15.&nbsp;&nbsp;&nbsp;&nbsp;&nbsp;&nbsp;&nbsp;&nbsp;&nbsp; Anna Martellotti&nbsp;&nbsp; \u201cVirgola\u201d&nbsp;&nbsp; &#8211; Perugia<\/p>\n\n\n\n<p>16.\u00a0\u00a0\u00a0\u00a0\u00a0\u00a0\u00a0\u00a0\u00a0 Jacques\u00a0 Martinet\u00a0 \u201c Maledetto s\u00e9 \u201d\u00a0\u00a0 &#8211; Roma\u00a0 <\/p>\n\n\n\n<p>17.\u00a0\u00a0\u00a0       Carlotta Mura \u201cUna gabbia di matti \u201c\u00a0 Cascina (Pisa) (Premio Fondazione Aidr)<\/p>\n\n\n\n<p>18.&nbsp;&nbsp;&nbsp;&nbsp;&nbsp;&nbsp;&nbsp;&nbsp;&nbsp; Marco Polcari&nbsp;&nbsp;&nbsp;&nbsp; \u201cNarratore senza pagina\u201d &#8211;&nbsp; Roma&nbsp;&nbsp; (Premio Budu\u00e0r)&nbsp;&nbsp;<\/p>\n\n\n\n<p>19.&nbsp;&nbsp;&nbsp;&nbsp;&nbsp;&nbsp;&nbsp;&nbsp;&nbsp; Manuela Pomicino&nbsp;&nbsp; \u201cAggiustare le ore\u201d&nbsp; &#8211; Firenze&nbsp;<\/p>\n\n\n\n<p>20.&nbsp;&nbsp;&nbsp;&nbsp;&nbsp;&nbsp;&nbsp;&nbsp;&nbsp; Emma Preti&nbsp;&nbsp; \u201c Techno blu\u201d&nbsp;&nbsp;&nbsp; &#8211; Palermo&nbsp;&nbsp;<\/p>\n\n\n\n<p>21.&nbsp;&nbsp;&nbsp;&nbsp;&nbsp;&nbsp;&nbsp;&nbsp;&nbsp; Barbara Rendina&nbsp;&nbsp; \u201c Magnolia\u201d&nbsp; &#8211; Torino&nbsp;<\/p>\n\n\n\n<p>22.&nbsp;&nbsp;&nbsp;&nbsp;&nbsp;&nbsp;&nbsp;&nbsp;&nbsp; Claudio Righenzi&nbsp; \u201c Entrata chiusa\u201d&nbsp;&nbsp;&nbsp; &#8211; Lugano<\/p>\n\n\n\n<p>23.&nbsp;&nbsp;&nbsp;&nbsp;&nbsp;&nbsp;&nbsp;&nbsp;&nbsp; Sabrina Spadaro&nbsp;&nbsp;&nbsp;&nbsp; \u201cRacconti di vite\u201d &#8211; Milano&nbsp;&nbsp; (Premio Strada del vino e dell\u2019olio di Lucca, Montecarlo e Versilia)<\/p>\n\n\n\n<p>24.&nbsp;&nbsp;&nbsp;&nbsp;&nbsp;&nbsp;&nbsp;&nbsp;&nbsp; Massimo Vezzaro&nbsp;&nbsp;&nbsp; \u201cIntransigenze\u201d&nbsp; &#8211;&nbsp;&nbsp;&nbsp; Padova&nbsp;<\/p>\n\n\n\n<p>25.&nbsp;&nbsp;&nbsp;&nbsp;&nbsp;&nbsp;&nbsp;&nbsp;&nbsp; Anna Volpe&nbsp;&nbsp;&nbsp; \u201cLa parmigiana\u201d&nbsp; &#8211;&nbsp; Roma&nbsp;&nbsp;<\/p>\n<div class=\"pvc_clear\"><\/div><p id=\"pvc_stats_57783\" class=\"pvc_stats all  \" data-element-id=\"57783\" style=\"\"><i class=\"pvc-stats-icon medium\" aria-hidden=\"true\"><svg aria-hidden=\"true\" focusable=\"false\" data-prefix=\"far\" data-icon=\"chart-bar\" role=\"img\" xmlns=\"http:\/\/www.w3.org\/2000\/svg\" viewBox=\"0 0 512 512\" class=\"svg-inline--fa fa-chart-bar fa-w-16 fa-2x\"><path fill=\"currentColor\" d=\"M396.8 352h22.4c6.4 0 12.8-6.4 12.8-12.8V108.8c0-6.4-6.4-12.8-12.8-12.8h-22.4c-6.4 0-12.8 6.4-12.8 12.8v230.4c0 6.4 6.4 12.8 12.8 12.8zm-192 0h22.4c6.4 0 12.8-6.4 12.8-12.8V140.8c0-6.4-6.4-12.8-12.8-12.8h-22.4c-6.4 0-12.8 6.4-12.8 12.8v198.4c0 6.4 6.4 12.8 12.8 12.8zm96 0h22.4c6.4 0 12.8-6.4 12.8-12.8V204.8c0-6.4-6.4-12.8-12.8-12.8h-22.4c-6.4 0-12.8 6.4-12.8 12.8v134.4c0 6.4 6.4 12.8 12.8 12.8zM496 400H48V80c0-8.84-7.16-16-16-16H16C7.16 64 0 71.16 0 80v336c0 17.67 14.33 32 32 32h464c8.84 0 16-7.16 16-16v-16c0-8.84-7.16-16-16-16zm-387.2-48h22.4c6.4 0 12.8-6.4 12.8-12.8v-70.4c0-6.4-6.4-12.8-12.8-12.8h-22.4c-6.4 0-12.8 6.4-12.8 12.8v70.4c0 6.4 6.4 12.8 12.8 12.8z\" class=\"\"><\/path><\/svg><\/i> <img loading=\"lazy\" decoding=\"async\" width=\"16\" height=\"16\" alt=\"Loading\" src=\"https:\/\/www.raccontinellarete.it\/301\/wp-content\/plugins\/page-views-count\/ajax-loader-2x.gif\" border=0 \/><\/p><div class=\"pvc_clear\"><\/div>","protected":false},"excerpt":{"rendered":"<p>La giuria tecnica della 24^ edizione del premio letterario \u201cRacconti nella Rete\u201d ha selezionato i venticinque racconti che saranno inseriti nella nuova antologia del Premio edita da Castelvecchi. \u201cComplimenti ai vincitori\u201d \u2013 dal presidente Demetrio Brandi \u2013 \u201ce un sincero ringraziamento a tutti gli autori che hanno partecipato con entusiasmo a questa ventiquattresima edizione, contribuendo [&hellip;]<\/p>\n<div class=\"pvc_clear\"><\/div>\n<p id=\"pvc_stats_57783\" class=\"pvc_stats all  \" data-element-id=\"57783\" style=\"\"><i class=\"pvc-stats-icon medium\" aria-hidden=\"true\"><svg aria-hidden=\"true\" focusable=\"false\" data-prefix=\"far\" data-icon=\"chart-bar\" role=\"img\" xmlns=\"http:\/\/www.w3.org\/2000\/svg\" viewBox=\"0 0 512 512\" class=\"svg-inline--fa fa-chart-bar fa-w-16 fa-2x\"><path fill=\"currentColor\" d=\"M396.8 352h22.4c6.4 0 12.8-6.4 12.8-12.8V108.8c0-6.4-6.4-12.8-12.8-12.8h-22.4c-6.4 0-12.8 6.4-12.8 12.8v230.4c0 6.4 6.4 12.8 12.8 12.8zm-192 0h22.4c6.4 0 12.8-6.4 12.8-12.8V140.8c0-6.4-6.4-12.8-12.8-12.8h-22.4c-6.4 0-12.8 6.4-12.8 12.8v198.4c0 6.4 6.4 12.8 12.8 12.8zm96 0h22.4c6.4 0 12.8-6.4 12.8-12.8V204.8c0-6.4-6.4-12.8-12.8-12.8h-22.4c-6.4 0-12.8 6.4-12.8 12.8v134.4c0 6.4 6.4 12.8 12.8 12.8zM496 400H48V80c0-8.84-7.16-16-16-16H16C7.16 64 0 71.16 0 80v336c0 17.67 14.33 32 32 32h464c8.84 0 16-7.16 16-16v-16c0-8.84-7.16-16-16-16zm-387.2-48h22.4c6.4 0 12.8-6.4 12.8-12.8v-70.4c0-6.4-6.4-12.8-12.8-12.8h-22.4c-6.4 0-12.8 6.4-12.8 12.8v70.4c0 6.4 6.4 12.8 12.8 12.8z\" class=\"\"><\/path><\/svg><\/i> <img loading=\"lazy\" decoding=\"async\" width=\"16\" height=\"16\" alt=\"Loading\" src=\"https:\/\/www.raccontinellarete.it\/301\/wp-content\/plugins\/page-views-count\/ajax-loader-2x.gif\" border=0 \/><\/p>\n<div class=\"pvc_clear\"><\/div>\n","protected":false},"author":3,"featured_media":56484,"comment_status":"closed","ping_status":"closed","sticky":false,"template":"","format":"standard","meta":{"footnotes":""},"categories":[87,547,543,5],"tags":[],"class_list":["post-57783","post","type-post","status-publish","format-standard","has-post-thumbnail","hentry","category-comunicato-stampa","category-f-o-r-u-m","category-forum-di-racconti-nella-rete","category-racconti-nella-rete"],"_links":{"self":[{"href":"https:\/\/www.raccontinellarete.it\/index.php?rest_route=\/wp\/v2\/posts\/57783"}],"collection":[{"href":"https:\/\/www.raccontinellarete.it\/index.php?rest_route=\/wp\/v2\/posts"}],"about":[{"href":"https:\/\/www.raccontinellarete.it\/index.php?rest_route=\/wp\/v2\/types\/post"}],"author":[{"embeddable":true,"href":"https:\/\/www.raccontinellarete.it\/index.php?rest_route=\/wp\/v2\/users\/3"}],"replies":[{"embeddable":true,"href":"https:\/\/www.raccontinellarete.it\/index.php?rest_route=%2Fwp%2Fv2%2Fcomments&post=57783"}],"version-history":[{"count":12,"href":"https:\/\/www.raccontinellarete.it\/index.php?rest_route=\/wp\/v2\/posts\/57783\/revisions"}],"predecessor-version":[{"id":57802,"href":"https:\/\/www.raccontinellarete.it\/index.php?rest_route=\/wp\/v2\/posts\/57783\/revisions\/57802"}],"wp:featuredmedia":[{"embeddable":true,"href":"https:\/\/www.raccontinellarete.it\/index.php?rest_route=\/wp\/v2\/media\/56484"}],"wp:attachment":[{"href":"https:\/\/www.raccontinellarete.it\/index.php?rest_route=%2Fwp%2Fv2%2Fmedia&parent=57783"}],"wp:term":[{"taxonomy":"category","embeddable":true,"href":"https:\/\/www.raccontinellarete.it\/index.php?rest_route=%2Fwp%2Fv2%2Fcategories&post=57783"},{"taxonomy":"post_tag","embeddable":true,"href":"https:\/\/www.raccontinellarete.it\/index.php?rest_route=%2Fwp%2Fv2%2Ftags&post=57783"}],"curies":[{"name":"wp","href":"https:\/\/api.w.org\/{rel}","templated":true}]}}