{"id":57614,"date":"2025-05-31T21:40:35","date_gmt":"2025-05-31T20:40:35","guid":{"rendered":"https:\/\/www.raccontinellarete.it\/?p=57614"},"modified":"2025-05-31T21:40:36","modified_gmt":"2025-05-31T20:40:36","slug":"premio-racconti-nella-rete-2025-la-bambina-e-il-leccino-della-vita-di-gilda-picchio-sezione-racconti-per-bambini","status":"publish","type":"post","link":"https:\/\/www.raccontinellarete.it\/?p=57614","title":{"rendered":"Premio Racconti nella Rete 2025 &#8220;La bambina e il Leccino della vita&#8221; di Gilda Picchio (sezione racconti per bambini)"},"content":{"rendered":"\n<div class=\"wp-block-group\"><div class=\"wp-block-group__inner-container is-layout-constrained wp-block-group-is-layout-constrained\">\n<p>In una piovosa notte di marzo, una bambina si rigirava nel suo lettino nel tentativo di prendere sonno. Com&#8217;era la vita prima di nascere, tra le stelle? Riusciva a ricordare qualcosa di quel mondo? Come aveva fatto ad arrivare sulla Terra, nel pancione della sua mamma?                                                                          Il delicato suono della pioggia sembrava evocare memorie lontane, e allo stesso tempo familiari; allora la bambina stringeva forte le palpebre dei suoi occhioni blu e, lasciandosi dolcemente cullare dal quel ritmo rassicurante, sembrava essere sul punto di trovare un&#8217;immagine proveniente dal passato. Qualcosa di morbido la avvolgeva quasi per proteggerla e, anche se non riusciva a capire bene di cosa si trattasse, percepiva un tocco soffice sulla pelle.                                                                                                            Ma la bambina era stanca e tentare di recuperare quel ricordo le richiedeva molte energie: decise quindi di tornare alle sue certezze e al suo boschetto, frutto di tutto quello che il pap\u00e0 le aveva insegnato nel corso del tempo. Gli alberi in pochi anni erano cresciuti in modo sorprendente tanto da essere alti quanto lei, e anche di pi\u00f9. Nel profondo buio della notte, le piante pi\u00f9 grandi stavano sicuramente proteggendo le pi\u00f9 piccole perch\u00e9, seppur distanti le une dalle altre, potevano stringersi in un tenero abbraccio tramite le loro radici. E gli alberi pi\u00f9 saggi stavano di certo stringendo taciti accordi con dei graziosi uccellini, affinch\u00e9 disperdessero i loro semi in nuovi luoghi lontani.                                                                          \u00abLe piantine sono felici quando piove\u00bb, pens\u00f2 all&#8217;istante la bambina, trovando un&#8217;incantevole somiglianza tra il lieve suono della pioggia e quello altrettanto soave delle onde del mare.                                       Inizi\u00f2 quindi a fantasticare, con la naturalezza tipica dei bambini della sua tenera et\u00e0, e si ritrov\u00f2 nella profondit\u00e0 delle acque marine nelle vesti di una sognante sirena dai lunghi capelli. D&#8217;improvviso, da quella insolita prospettiva, vide galleggiare in superficie delle sfere voluminose e resistenti accarezzate dall&#8217;incessabile susseguirsi delle onde, in viaggio verso distanti spiagge sperdute.                                \u00abSono le noci di cocco\u00bb riflett\u00e9 la bambina, \u00abe possono sopravvivere in acqua. Il mare con tutta la sua forza le vuole portare lontano\u00bb. Suo pap\u00e0 le aveva difatti narrato le propriet\u00e0 di questo frutto e di come riusciva a diffondersi altrove grazie all&#8217;acqua del mare, trasportato in luoghi diversi da quelli in cui era nato. Ma poi la bambina si ricord\u00f2 anche del lato oscuro dell&#8217;oceano: fu in quel momento che si ritrov\u00f2 dinnanzi ad un enorme drago marino e allora, senza riuscire a trovare la forza di muoversi, grid\u00f2 con agitazione \u00abpap\u00e0, pap\u00e0, voglio teee, un mostro!\u00bb.                                                                                              E come per incanto, il pap\u00e0 accorse con prontezza offrendole la sicurezza di cui aveva bisogno.                    In un&#8217;altra occasione la bambina avrebbe richiesto che le venisse raccontata una storia; questa volta prevalse il naturale impulso di lasciarsi confortare da qualcosa di conosciuto, in grado di consentire un repentino ritorno ad uno stato di serenit\u00e0, forse una melodia continua e regolare.                           Recuperando cos\u00ec un fugace pensiero si decise a chiedere con scioltezza, fiduciosa nella risposta che avrebbe ricevuto: \u00abRipetiamo insieme la poesia che io e la mamma abbiamo pensato per te, per la tua festa?\u00bb<\/p>\n<\/div><\/div>\n\n\n\n<p><em>\u00ab&#8230;Con te giochiamo a nascondino, per scoprire il mondo da vicino.<\/em>                                                                  <em>Con te creiamo boschi, per scoprire futuri tesori nascosti.<\/em>                                                                             <em>Con te seminiamo piantine, per scoprire il potere delle nostre manine.<\/em>                                                               <em>Con te impariamo a viaggiare, per scoprire come ricevere e dare.<\/em>                                                                     <em>Con te andiamo in montagna e al mare, per scoprire la natura da amare.<\/em>                                                   <em>Con te la notte ci svegliamo, per scoprire che sole non siamo&#8230;\u00bb.<\/em><\/p>\n\n\n\n<p>Con l&#8217;avanzare dei versi il tono delle voci diveniva sempre pi\u00f9 flebile e al sussurro delle ultime parole segu\u00ec un profondo silenzio: finalmente arriv\u00f2 il sonno tanto atteso, con tutta la sua calma apparente.<\/p>\n\n\n\n<p><em>\u00ab&#8230;Caro pap\u00e0 super speciale tu ci insegni quanto \u00e8 bello volare,<\/em>                                                                 <em>perch\u00e9 dal tuo amore sicuro noi partiamo cos\u00ec ci insegni a diventare chi vogliamo!\u00bb.<\/em><\/p>\n\n\n\n<p>Il pomeriggio del giorno precedente la bambina e suo pap\u00e0 avevano raggiunto a piedi un luogo sacro, non distante dalla loro casa. Appena arrivati, un cartello appeso ad un palo di legno recitava cos\u00ec: <em>\u201cBenvenute e benvenuti nel parco condiviso. Stiamo piantando e prendendoci cura degli alberi. Loro in cambio ci donano ossigeno, contrastano l&#8217;emergenza climatica, proiettano ombra, creano umidit\u00e0 e generano un microclima che abbassa la temperatura. Gli alberi abbelliscono il quartiere e aumentano il nostro benessere psicofisico. Rispettiamoli, amiamoli, curiamoli&#8230;\u201d.<\/em>                                                                 La bambina amava il boschetto creato dal suo pap\u00e0, nel quartiere del paese in cui abitavano, e ora anche altre persone avevano iniziato a prendersene cura e a piantare nuovi alberi.                                             Quando la bambina chiese il significato della parola \u201ccondiviso\u201d, termine ascoltato innumerevoli volte ma ancora non del tutto chiaro, suo pap\u00e0 indic\u00f2 un signore in lontananza intento ad osservare un acero campestre.                                                                                                                                                     \u00abVedi quel signore? Ha deciso di portare qui il suo albero, ed ora \u00e8 anche l&#8217;albero di tutti. Quando vengo a controllare come stanno le piantine so che posso prendermi cura del suo acero, e lui come me pu\u00f2 prendersi cura di tutto il boschetto\u00bb.                                                                                                                 La bambina in apparenza mostrava un&#8217;aria distratta ma l&#8217;intenso scintillio del suo sguardo lasciava intravedere l&#8217;emergere di un&#8217;intuizione, messa a tacere prontamente da una semplice domanda: \u00abControlliamo i semini dell&#8217;olmo?\u00bb. Un sorriso velato comparve inaspettatamente sul suo volto: inizi\u00f2 infatti ad immaginare il giorno in cui il pap\u00e0 sarebbe andato nella sua scuola e avrebbe dato vita a quelle future piantine, insieme ai suoi compagni e alle maestre.                                                                               Il pap\u00e0 la prese per mano, la condusse davanti ad un albero e disse con fermezza: \u00abVoglio prima spiegarti il motivo per cui questo parco si chiama Boschetto Eva. Tutto \u00e8 iniziato da questo albero, il Leccino. Io e la mamma lo abbiamo piantato per onorare la tua nascita. Le sue radici custodiscono la tua placenta\u00bb.               Allora Eva, colta dal desiderio di scoprire qualcosa di nuovo, chiese: \u00abPap\u00e0, ma la placenta era con me anche prima di nascere, quando ero sulle stelle?\u00bb.                                                                                            La notte stessa Eva si rigirava nel suo lettino nel tentativo di prendere sonno.                                        Ascoltando il delicato ritmo della pioggia, cercava di ricordare com&#8217;era la vita prima di nascere, tra le stelle, cullata dalla placenta.<\/p>\n\n\n\n<p>La mattina del giorno seguente, dopo una lunga notte ricca di sogni e ricordi, Eva scese correndo dal lettino, ricerc\u00f2 le calde braccia di suo pap\u00e0 e raccont\u00f2 con eccitazione: \u00abPap\u00e0&#8230; stanotte ero tra le nuvole e con me c&#8217;era anche la mia sorellina. Allora le ho detto&#8230;\u00bb.                                                                            A questo punto Eva prese del tempo per sollevare entrambe le braccia ben diritte verso l&#8217;alto e per alzare la gamba destra all&#8217;indietro, con il busto proteso in avanti mimando le gesta di un supereroe, per poi aggiungere: \u00abLe ho detto \u201cVado prima io, va bene?\u201d. Lei ha risposto di s\u00ec, sono diventata trasparente e una stella cadente \u00e8 venuta a prendermi, per portarmi gi\u00f9 nella pancia della mamma. E cos\u00ec ho visto la placenta che mi ha stretta forte forte per farmi tornare visibile e per proteggermi; sai&#8230;assomigliava tanto al mio Leccino!\u00bb.                                                                                                                                                Dopo una breve pausa, interminabile agli occhi del pap\u00e0, Eva aggiunse con aria riflessiva: \u00abPap\u00e0, ho sognato anche la bisnonna che mi sorrideva e ho capito tutto: la sua placenta l&#8217;ha fatta diventare trasparente come ero io e cos\u00ec \u00e8 tornata dove eravamo noi prima di nascere, tra le stelle\u00bb.<\/p>\n\n\n\n<p>Alcuni mesi prima Eva aveva perso la sua bisnonna materna, quasi centenaria, e nonostante l&#8217;inevitabile distacco, aveva potuto percepire il dolore provato dalla mamma e dal nonno per quanto avvenuto.               Era la prima volta che la bambina si confrontava con la morte e una moltitudine di domande iniziarono ad assalire la sua mente, senza darle tregua. La mamma e il pap\u00e0 davano spazio ai dubbi e alle riflessioni che emergevano con forza; ma nonostante le rassicurazioni ricevute, alla fine la paura per qualcosa di incomprensibile prendeva il sopravvento e Eva, al termine di ogni discorso, riusciva solamente a gridare con il viso coperto dalle lacrime: \u00abMa io non voglio morire!\u00bb.                                                                    Nel tentativo di comprendere quella dimensione incerta, un vortice di pensieri prendeva il sopravvento: \u00abAlla nonna piace essere vecchietta? Ma se nonna muore sparisce? E se sparisce, sparisce da sola? E poi diventa piccola? Anche i bambini spariscono?\u00bb.<\/p>\n\n\n\n<p>In una fresca mattina di marzo, dopo una lunga notte tormentata in cui forse aveva ripercorso il remoto passato, Eva aveva finalmente dato un senso al mistero della vita.                                                                 Ed era riuscita a farlo in autonomia ricorrendo al potere della sua vivida immaginazione: aveva solamente bisogno di tempo per creare un ponte tra ci\u00f2 che era prima e ci\u00f2 che sar\u00e0 dopo.                                    Ora Eva, grazie al suo Leccino, poteva davvero credere alla storia che aveva narrato perch\u00e9 aveva scoperto tutto da sola, senza imposizioni altrui. Difatti in un&#8217;occasione aveva affermato con decisione, rivolgendosi alla mamma, \u00abio ascolto la testa mia non la testa tua!\u00bb.                                                                               La sua storia raccontava che c&#8217;\u00e8 un punto di partenza e un punto di ritorno. Tra le stelle.<\/p>\n<div class=\"pvc_clear\"><\/div><p id=\"pvc_stats_57614\" class=\"pvc_stats all  \" data-element-id=\"57614\" style=\"\"><i class=\"pvc-stats-icon medium\" aria-hidden=\"true\"><svg aria-hidden=\"true\" focusable=\"false\" data-prefix=\"far\" data-icon=\"chart-bar\" role=\"img\" xmlns=\"http:\/\/www.w3.org\/2000\/svg\" viewBox=\"0 0 512 512\" class=\"svg-inline--fa fa-chart-bar fa-w-16 fa-2x\"><path fill=\"currentColor\" d=\"M396.8 352h22.4c6.4 0 12.8-6.4 12.8-12.8V108.8c0-6.4-6.4-12.8-12.8-12.8h-22.4c-6.4 0-12.8 6.4-12.8 12.8v230.4c0 6.4 6.4 12.8 12.8 12.8zm-192 0h22.4c6.4 0 12.8-6.4 12.8-12.8V140.8c0-6.4-6.4-12.8-12.8-12.8h-22.4c-6.4 0-12.8 6.4-12.8 12.8v198.4c0 6.4 6.4 12.8 12.8 12.8zm96 0h22.4c6.4 0 12.8-6.4 12.8-12.8V204.8c0-6.4-6.4-12.8-12.8-12.8h-22.4c-6.4 0-12.8 6.4-12.8 12.8v134.4c0 6.4 6.4 12.8 12.8 12.8zM496 400H48V80c0-8.84-7.16-16-16-16H16C7.16 64 0 71.16 0 80v336c0 17.67 14.33 32 32 32h464c8.84 0 16-7.16 16-16v-16c0-8.84-7.16-16-16-16zm-387.2-48h22.4c6.4 0 12.8-6.4 12.8-12.8v-70.4c0-6.4-6.4-12.8-12.8-12.8h-22.4c-6.4 0-12.8 6.4-12.8 12.8v70.4c0 6.4 6.4 12.8 12.8 12.8z\" class=\"\"><\/path><\/svg><\/i> <img loading=\"lazy\" decoding=\"async\" width=\"16\" height=\"16\" alt=\"Loading\" src=\"https:\/\/www.raccontinellarete.it\/301\/wp-content\/plugins\/page-views-count\/ajax-loader-2x.gif\" border=0 \/><\/p><div class=\"pvc_clear\"><\/div>","protected":false},"excerpt":{"rendered":"<p>In una piovosa notte di marzo, una bambina si rigirava nel suo lettino nel tentativo di prendere sonno. Com&#8217;era la vita prima di nascere, tra le stelle? Riusciva a ricordare qualcosa di quel mondo? Come aveva fatto ad arrivare sulla Terra, nel pancione della sua mamma? Il delicato suono della pioggia sembrava evocare memorie lontane, [&hellip;]<\/p>\n<div class=\"pvc_clear\"><\/div>\n<p id=\"pvc_stats_57614\" class=\"pvc_stats all  \" data-element-id=\"57614\" style=\"\"><i class=\"pvc-stats-icon medium\" aria-hidden=\"true\"><svg aria-hidden=\"true\" focusable=\"false\" data-prefix=\"far\" data-icon=\"chart-bar\" role=\"img\" xmlns=\"http:\/\/www.w3.org\/2000\/svg\" viewBox=\"0 0 512 512\" class=\"svg-inline--fa fa-chart-bar fa-w-16 fa-2x\"><path fill=\"currentColor\" d=\"M396.8 352h22.4c6.4 0 12.8-6.4 12.8-12.8V108.8c0-6.4-6.4-12.8-12.8-12.8h-22.4c-6.4 0-12.8 6.4-12.8 12.8v230.4c0 6.4 6.4 12.8 12.8 12.8zm-192 0h22.4c6.4 0 12.8-6.4 12.8-12.8V140.8c0-6.4-6.4-12.8-12.8-12.8h-22.4c-6.4 0-12.8 6.4-12.8 12.8v198.4c0 6.4 6.4 12.8 12.8 12.8zm96 0h22.4c6.4 0 12.8-6.4 12.8-12.8V204.8c0-6.4-6.4-12.8-12.8-12.8h-22.4c-6.4 0-12.8 6.4-12.8 12.8v134.4c0 6.4 6.4 12.8 12.8 12.8zM496 400H48V80c0-8.84-7.16-16-16-16H16C7.16 64 0 71.16 0 80v336c0 17.67 14.33 32 32 32h464c8.84 0 16-7.16 16-16v-16c0-8.84-7.16-16-16-16zm-387.2-48h22.4c6.4 0 12.8-6.4 12.8-12.8v-70.4c0-6.4-6.4-12.8-12.8-12.8h-22.4c-6.4 0-12.8 6.4-12.8 12.8v70.4c0 6.4 6.4 12.8 12.8 12.8z\" class=\"\"><\/path><\/svg><\/i> <img loading=\"lazy\" decoding=\"async\" width=\"16\" height=\"16\" alt=\"Loading\" src=\"https:\/\/www.raccontinellarete.it\/301\/wp-content\/plugins\/page-views-count\/ajax-loader-2x.gif\" border=0 \/><\/p>\n<div class=\"pvc_clear\"><\/div>\n","protected":false},"author":36495,"featured_media":0,"comment_status":"open","ping_status":"closed","sticky":false,"template":"","format":"standard","meta":{"footnotes":""},"categories":[703],"tags":[],"class_list":["post-57614","post","type-post","status-publish","format-standard","hentry","category-premio-racconti-nella-rete-2025"],"_links":{"self":[{"href":"https:\/\/www.raccontinellarete.it\/index.php?rest_route=\/wp\/v2\/posts\/57614"}],"collection":[{"href":"https:\/\/www.raccontinellarete.it\/index.php?rest_route=\/wp\/v2\/posts"}],"about":[{"href":"https:\/\/www.raccontinellarete.it\/index.php?rest_route=\/wp\/v2\/types\/post"}],"author":[{"embeddable":true,"href":"https:\/\/www.raccontinellarete.it\/index.php?rest_route=\/wp\/v2\/users\/36495"}],"replies":[{"embeddable":true,"href":"https:\/\/www.raccontinellarete.it\/index.php?rest_route=%2Fwp%2Fv2%2Fcomments&post=57614"}],"version-history":[{"count":3,"href":"https:\/\/www.raccontinellarete.it\/index.php?rest_route=\/wp\/v2\/posts\/57614\/revisions"}],"predecessor-version":[{"id":57708,"href":"https:\/\/www.raccontinellarete.it\/index.php?rest_route=\/wp\/v2\/posts\/57614\/revisions\/57708"}],"wp:attachment":[{"href":"https:\/\/www.raccontinellarete.it\/index.php?rest_route=%2Fwp%2Fv2%2Fmedia&parent=57614"}],"wp:term":[{"taxonomy":"category","embeddable":true,"href":"https:\/\/www.raccontinellarete.it\/index.php?rest_route=%2Fwp%2Fv2%2Fcategories&post=57614"},{"taxonomy":"post_tag","embeddable":true,"href":"https:\/\/www.raccontinellarete.it\/index.php?rest_route=%2Fwp%2Fv2%2Ftags&post=57614"}],"curies":[{"name":"wp","href":"https:\/\/api.w.org\/{rel}","templated":true}]}}