{"id":57542,"date":"2025-05-31T18:45:39","date_gmt":"2025-05-31T17:45:39","guid":{"rendered":"https:\/\/www.raccontinellarete.it\/?p=57542"},"modified":"2025-06-02T14:09:02","modified_gmt":"2025-06-02T13:09:02","slug":"premio-racconti-nella-rete-2025-inizia-a-leggere-di-marco-pepi","status":"publish","type":"post","link":"https:\/\/www.raccontinellarete.it\/?p=57542","title":{"rendered":"Premio Racconti nella Rete 2025 &#8220;Inizia a Leggere&#8221; di Marco Pepi"},"content":{"rendered":"\n<p>Non mi piaceva la scuola, quest\u2019\u00e8 il punto. Era duro andarci tutte le mattine. Sveglia presto, freddo e non mi piaceva la matematica. Italiano e storia le trovavo molto pi\u00f9 interessanti, c\u2019era qualcosa di affascinante in tutti quei racconti. Poi, proprio come in una di quelle storie di fantasia che mi costringevano a leggere, alle superiori trovai una professoressa di Lettere che avrebbe cambiato molto pi\u00f9 di un semplice racconto.<\/p>\n\n\n\n<p>Era cos\u00ec gentile, educata, stimolante, ecco direi: materna. Mi sembr\u00f2, con mia grande sorpresa, che non fosse mia nemica. Noi invece, purtroppo,in classe facevamo un po\u2019 di baldoria, eravamo ragazzi, di quelli con la confusione in testa e i sogni nel cuore.<\/p>\n\n\n\n<p>Il primo anno ero da bocciare e mi preparavo a quell&#8217;inevitabile verdetto, quando la vita mi stup\u00ec forse per la prima volta. Promosso. Questa fu la dolcissima parola che lessi sul cartellone affisso fuori dal mio glorioso Istituto d&#8217;arte. Si, promosso, avevo proprio letto bene.<\/p>\n\n\n\n<p>Clamorosa la promozione, ma solita la vacanza estiva maremmana dai nonni. Vacanza agostana dal sapore di caff\u00e8 d&#8217;orzo e rumore di Fiat Uno di mio padre. L&#8217;estate era lunghissima come lo sono quelle dell&#8217;infanzia. Assolati giorni in spiaggia, pizza rossa, racchettoni, biglie e Bagno Mario al molo 32. Interminabili colazioni mentre il Babbo sfoglia i giornali e io fantasticavo di motorini, calciatori, roberto Baggio e amori estivi. La rabbia giovanile nasceva e cresceva nel Me adolescenziale, ma ancora non la sapevo ascoltare.<\/p>\n\n\n\n<p>I momenti di svago, nella casa dei nonni, erano ridotti ai tornei di carte e alla visione domenicale delle gare di formula uno in tv; tutti rigorosamente seduti sul divano a ridere del nonno che si appisolava. Altra grande attrazione estiva era il mercatino del paese, nientemeno.<\/p>\n\n\n\n<p>Come compiti per le vacanze, gli unici che avevo preso in considerazione (vedi il ribelle di cui sopra) erano quelli di lettere. La mia prof preferita si era limitata a darci soltanto una lista di 10 libri, dalla quale scegliere uno e leggerlo, sistemandosi cos\u00ec di diritto nel mio olimpo personale.<\/p>\n\n\n\n<p>Fato, coincidenze, chiamatelo come volete, ma nel soporifero, estivo, notturno, mercatino di quel paesino del grossetano, trovai una bancarella di libri usati, che vendeva proprio dei titoli della lista. Ovviamente la mia scelta cadde su quello pi\u00f9 corto: &#8220;Uno studio in rosso.&#8221; di A.C. Doyle.<\/p>\n\n\n\n<p>Tornato a casa lo misi sul comodino in mogano della mia cameretta, salotto, stanza da cucire dei nonni e l\u00ec rimase per un po&#8217;. La mia coscienza era comunque serena.<\/p>\n\n\n\n<p>Quando stravolto dall\u2019ennesimo pomeriggio sonnacchioso, provai a leggere quel libro, non credevo certo che mi sarei ritrovato a parlarne a chiss\u00e0 chi, tramite un racconto scritto chiss\u00e0 come.<\/p>\n\n\n\n<p>Inizi\u00f2 quel giorno, su quel letto dei nonni odor di antico, il mio meraviglioso viaggio nei libri. Senza accorgermene, mi ritrovai in un piccolo appartamento al 221b di Baker Street, nella Londra vittoriana, avvolta dalla sua nebbia fitta e impenetrabile, conobbi il pi\u00f9 grande investigatore di tutti i tempi e il suo fidato, impacciato amico. Con loro risolsi il primo di molti misteri; e non li lasciai mai pi\u00f9.<\/p>\n\n\n\n<p>Ancora pi\u00f9 importante fu il legame che mi un\u00ec alla mia professoressa per i restanti quattro anni. Mi insegn\u00f2 il metodo di studio, mi trasmise la passione per la Storia e la Letteratura facendomene capire il valore e l\u2019importanza. Mi insegn\u00f2 a fare i collegamenti giusti per argomentare e sostenere le mie idee, sia che si parlasse di scuola, sia che si parlasse di vita. Scopr\u00ec di leggere bene ad alta voce e di avere la passione della scrittura, io, che ero bocciato in terza media. Mi spinse a scoprire anche libri che ritenevo difficili e per me impossibili; quando le esprimevo a tal proposito i miei dubbi e le mie paure mi rispondeva sempre alla solita maniera: \u201cInizia a leggere.\u201d Mi trasmise fiducia e sicurezza credendo in me e cos\u00ec, per la prima volta, scoprii quant\u2019era bella quella sensazione. Per la prima volta, credevo in me.<\/p>\n\n\n\n<p>Il mio percorso di studi, si concluse con le scuole superiori, senza grossi intoppi o fatiche; poi mi accolse il mondo del lavoro.<\/p>\n\n\n\n<p>Molti anni dopo, come purtroppo vuole la natura delle cose, avrei perso prima mio nonno e poi mi padre. Pochi anni fa, grazie ad una donna meravigliosa, sono diventato padre ed ho iniziato, io, ad addormentarmi mentre guardo la formula uno in tv.<\/p>\n\n\n\n<p>A mio figlio leggo ogni volta che me lo chiede e cerco di trasmettergli questa passione e di spiegargli l\u2019importanza di questa incredibile possibilit\u00e0 che abbiamo.<\/p>\n\n\n\n<p>Non ho mai smesso di leggere libri, miei preziosi amici, e grazie a loro ho vissuto mille vite, mille avventure; ho imparato tante cose di me e anche a conoscere meglio gli altri. A volte leggendo torno anche in quella casa dove tutto \u00e8 iniziato e rivedo mio nonno, il mio Babbo e me stesso.<\/p>\n\n\n\n<p>Mi vedo in quella casa, annoiato, piccolo convinto di esser grande, pieno di dubbi e insicurezze e allora, vorrei solo potermi avvicinare, per sussurrarmi all\u2019orecchio: \u201cTranquillo. Inizia a leggere !\u201d.<\/p>\n<div class=\"pvc_clear\"><\/div><p id=\"pvc_stats_57542\" class=\"pvc_stats all  \" data-element-id=\"57542\" style=\"\"><i class=\"pvc-stats-icon medium\" aria-hidden=\"true\"><svg aria-hidden=\"true\" focusable=\"false\" data-prefix=\"far\" data-icon=\"chart-bar\" role=\"img\" xmlns=\"http:\/\/www.w3.org\/2000\/svg\" viewBox=\"0 0 512 512\" class=\"svg-inline--fa fa-chart-bar fa-w-16 fa-2x\"><path fill=\"currentColor\" d=\"M396.8 352h22.4c6.4 0 12.8-6.4 12.8-12.8V108.8c0-6.4-6.4-12.8-12.8-12.8h-22.4c-6.4 0-12.8 6.4-12.8 12.8v230.4c0 6.4 6.4 12.8 12.8 12.8zm-192 0h22.4c6.4 0 12.8-6.4 12.8-12.8V140.8c0-6.4-6.4-12.8-12.8-12.8h-22.4c-6.4 0-12.8 6.4-12.8 12.8v198.4c0 6.4 6.4 12.8 12.8 12.8zm96 0h22.4c6.4 0 12.8-6.4 12.8-12.8V204.8c0-6.4-6.4-12.8-12.8-12.8h-22.4c-6.4 0-12.8 6.4-12.8 12.8v134.4c0 6.4 6.4 12.8 12.8 12.8zM496 400H48V80c0-8.84-7.16-16-16-16H16C7.16 64 0 71.16 0 80v336c0 17.67 14.33 32 32 32h464c8.84 0 16-7.16 16-16v-16c0-8.84-7.16-16-16-16zm-387.2-48h22.4c6.4 0 12.8-6.4 12.8-12.8v-70.4c0-6.4-6.4-12.8-12.8-12.8h-22.4c-6.4 0-12.8 6.4-12.8 12.8v70.4c0 6.4 6.4 12.8 12.8 12.8z\" class=\"\"><\/path><\/svg><\/i> <img loading=\"lazy\" decoding=\"async\" width=\"16\" height=\"16\" alt=\"Loading\" src=\"https:\/\/www.raccontinellarete.it\/301\/wp-content\/plugins\/page-views-count\/ajax-loader-2x.gif\" border=0 \/><\/p><div class=\"pvc_clear\"><\/div>","protected":false},"excerpt":{"rendered":"<p>Non mi piaceva la scuola, quest\u2019\u00e8 il punto. Era duro andarci tutte le mattine. Sveglia presto, freddo e non mi piaceva la matematica. Italiano e storia le trovavo molto pi\u00f9 interessanti, c\u2019era qualcosa di affascinante in tutti quei racconti. Poi, proprio come in una di quelle storie di fantasia che mi costringevano a leggere, alle [&hellip;]<\/p>\n<div class=\"pvc_clear\"><\/div>\n<p id=\"pvc_stats_57542\" class=\"pvc_stats all  \" data-element-id=\"57542\" style=\"\"><i class=\"pvc-stats-icon medium\" aria-hidden=\"true\"><svg aria-hidden=\"true\" focusable=\"false\" data-prefix=\"far\" data-icon=\"chart-bar\" role=\"img\" xmlns=\"http:\/\/www.w3.org\/2000\/svg\" viewBox=\"0 0 512 512\" class=\"svg-inline--fa fa-chart-bar fa-w-16 fa-2x\"><path fill=\"currentColor\" d=\"M396.8 352h22.4c6.4 0 12.8-6.4 12.8-12.8V108.8c0-6.4-6.4-12.8-12.8-12.8h-22.4c-6.4 0-12.8 6.4-12.8 12.8v230.4c0 6.4 6.4 12.8 12.8 12.8zm-192 0h22.4c6.4 0 12.8-6.4 12.8-12.8V140.8c0-6.4-6.4-12.8-12.8-12.8h-22.4c-6.4 0-12.8 6.4-12.8 12.8v198.4c0 6.4 6.4 12.8 12.8 12.8zm96 0h22.4c6.4 0 12.8-6.4 12.8-12.8V204.8c0-6.4-6.4-12.8-12.8-12.8h-22.4c-6.4 0-12.8 6.4-12.8 12.8v134.4c0 6.4 6.4 12.8 12.8 12.8zM496 400H48V80c0-8.84-7.16-16-16-16H16C7.16 64 0 71.16 0 80v336c0 17.67 14.33 32 32 32h464c8.84 0 16-7.16 16-16v-16c0-8.84-7.16-16-16-16zm-387.2-48h22.4c6.4 0 12.8-6.4 12.8-12.8v-70.4c0-6.4-6.4-12.8-12.8-12.8h-22.4c-6.4 0-12.8 6.4-12.8 12.8v70.4c0 6.4 6.4 12.8 12.8 12.8z\" class=\"\"><\/path><\/svg><\/i> <img loading=\"lazy\" decoding=\"async\" width=\"16\" height=\"16\" alt=\"Loading\" src=\"https:\/\/www.raccontinellarete.it\/301\/wp-content\/plugins\/page-views-count\/ajax-loader-2x.gif\" border=0 \/><\/p>\n<div class=\"pvc_clear\"><\/div>\n","protected":false},"author":36467,"featured_media":0,"comment_status":"open","ping_status":"closed","sticky":false,"template":"","format":"standard","meta":{"footnotes":""},"categories":[703],"tags":[],"class_list":["post-57542","post","type-post","status-publish","format-standard","hentry","category-premio-racconti-nella-rete-2025"],"_links":{"self":[{"href":"https:\/\/www.raccontinellarete.it\/index.php?rest_route=\/wp\/v2\/posts\/57542"}],"collection":[{"href":"https:\/\/www.raccontinellarete.it\/index.php?rest_route=\/wp\/v2\/posts"}],"about":[{"href":"https:\/\/www.raccontinellarete.it\/index.php?rest_route=\/wp\/v2\/types\/post"}],"author":[{"embeddable":true,"href":"https:\/\/www.raccontinellarete.it\/index.php?rest_route=\/wp\/v2\/users\/36467"}],"replies":[{"embeddable":true,"href":"https:\/\/www.raccontinellarete.it\/index.php?rest_route=%2Fwp%2Fv2%2Fcomments&post=57542"}],"version-history":[{"count":3,"href":"https:\/\/www.raccontinellarete.it\/index.php?rest_route=\/wp\/v2\/posts\/57542\/revisions"}],"predecessor-version":[{"id":57758,"href":"https:\/\/www.raccontinellarete.it\/index.php?rest_route=\/wp\/v2\/posts\/57542\/revisions\/57758"}],"wp:attachment":[{"href":"https:\/\/www.raccontinellarete.it\/index.php?rest_route=%2Fwp%2Fv2%2Fmedia&parent=57542"}],"wp:term":[{"taxonomy":"category","embeddable":true,"href":"https:\/\/www.raccontinellarete.it\/index.php?rest_route=%2Fwp%2Fv2%2Fcategories&post=57542"},{"taxonomy":"post_tag","embeddable":true,"href":"https:\/\/www.raccontinellarete.it\/index.php?rest_route=%2Fwp%2Fv2%2Ftags&post=57542"}],"curies":[{"name":"wp","href":"https:\/\/api.w.org\/{rel}","templated":true}]}}