{"id":57452,"date":"2025-05-31T17:53:30","date_gmt":"2025-05-31T16:53:30","guid":{"rendered":"https:\/\/www.raccontinellarete.it\/?p=57452"},"modified":"2025-05-31T17:53:31","modified_gmt":"2025-05-31T16:53:31","slug":"premio-racconti-nella-rete-2025-arturo-attraversa-il-1977-di-luigi-michetti","status":"publish","type":"post","link":"https:\/\/www.raccontinellarete.it\/?p=57452","title":{"rendered":"Premio Racconti nella Rete 2025 &#8220;Arturo attraversa il 1977&#8221; di Luigi Michetti"},"content":{"rendered":"\n<p>A settembre, lo stesso anno, il \u201977, accadde la stessa cosa. Vidi piangere mio padre ed io ancora ebbi paura. Ma lui e mia madre, quella volta, per\u00f2, mi portarono con loro. Sempre acqua, ma di lago. Non mi lasciarono a casa di amici come quando era affogato Massimo dentro un mulinello di fiume a filo terreno, quello stesso dove Massimo di tanto in tanto buttava un occhio alle sue pecore, quelle del padre che erano tante. Era il 12 giugno avevo 11 anni e mezzo, uno in meno di Massimo. Era almeno un anno che non lo vedevo pi\u00f9, dalla quinta elementare, forse lui non aveva pi\u00f9 continuato con la scuola. Sapevo solo che aiutava il padre.&nbsp;Quella volta era di mattina, da subito tutti sapevamo che era stato deposto nella chiesa cimiteriale, prima del funerale.&nbsp;Tante cose non mi vennero dette dai miei genitori.&nbsp;So solo che da allora non ho pi\u00f9 visto Massimo.<\/p>\n\n\n\n<p>Arrivammo che imbruniva, il corpo di Filippo era avvolto da un telo bianco. Sistemarono dei riflettori in attesa dell\u2019arrivo del magistrato e del medico legale.&nbsp;Filippo avr\u00e0 avuto 17 anni, sapeva disegnare veramente bene.&nbsp;I suoi genitori erano molto amici dei miei e spesso andavamo a trovarli la sera, lui non c\u2019era mai, era pi\u00f9 grande della sorella e dei due fratelli, usciva, poteva uscire, aveva il permesso di restare in giro per il paese fino a tardi.&nbsp;Io spesso giocavo a lotta greco-romana con suo fratello Marco, di due anni pi\u00f9 piccolo di me, sul divano, un corpo a corpo che durava le ore, solo per il gusto di sentirsi vivi.&nbsp;<\/p>\n\n\n\n<p>Quel pomeriggio la notizia arriv\u00f2 sul tardi, partimmo subito per il lago ma arrivati sul posto era gi\u00e0 pieno di persone che si muovevano avanti e indietro senza una logica apparente, come api impazzite, lungo la scarpata del lago, ma qualcuno restava fermo, quasi impietrito. Il posto si trovava poco prima del paese.&nbsp;La luce dei fari riflettori colp\u00ec i miei occhi. Da una parte illuminavano uno spazio di quasi cento metri, facendo intravedere la sagoma del corpo di filippo sotto un telo bianco. Il giudice ancora non era arrivato, le persone cercavano di capire cosa fosse successo.&nbsp;Era consuetudine che questi quattro ragazzi di un paese vicino Collalto, tutti senza patente di guida, d\u2019estate pi\u00f9 di qualche volta andassero al lago per fare il bagno con un uomo sulla quarantina, amico dei loro genitori.&nbsp;Quella volta erano in cinque. Lui si tuffa, sparisce per un po&#8217; e quando torna \u00e8 solo il corpo di Filippo, senza tutto il resto.&nbsp;<\/p>\n\n\n\n<p>Cerco il senso di quella storia, di quella vita, mentre ballo, in questo spazio anonimo e rumoroso, dopo 48 anni, quando pochi mesi prima che Filippo se ne andasse, su un tavolo operatorio acciaioso e freddo alle 14 del 18 gennaio 1977, io ero morto. Il senso, il significato dell&#8217;aver sfiorato la morte pi\u00f9 volte come quella volta con Marco, lui guidava sul piazzale del cantiere di famiglia e io seduto fuori del finestrino guardando, e urlando, nel verso opposto della direzione che teneva Marco, quando mi abbassai per rientrare e sedermi, vidi un piombo affusolato tenuto da un cavo d\u2019acciaio che mi pass\u00f2 davanti mentre rientravo nella macchina.&nbsp;\u00c8 stato un attimo, una frazione di secondo, un istante, che se solo avessi esitato a ritrarmi, il tempo mi avrebbe abbracciato e coperto con il suo mantello fatto di oblio.&nbsp;Come faccio a dire quale \u00e8 il senso di tutto questo?&nbsp;&nbsp;Ma che ci sto a fare ancora in giro quando l&#8217;esistenza di Filippo avrebbe potuto essere molto pi\u00f9 interessante della mia con i suoi disegni perfetti?<\/p>\n\n\n\n<p>Quel giorno Filippo era stato il primo a tuffarsi e la giornata per i cinque si fermo l\u00ec. Mi \u00e8 rimasto il forte odore di morte dei giorni successivi, quando il corpo di Filippo era finalmente stato adagiato sul suo letto, poi dentro la barra. Quell\u2019odore pungente di una giornata assolata non l\u2019ho pi\u00f9 dimenticato.&nbsp;Ho sempre affrontato tutto e di petto, magari anche male, ma quando si trattava di sparire, certo non me lo facevo dire due volte. Ho voltato le spalle a tutto e tutti, sono andato via, ma i ricordi di Filippo e Massimo non mi hanno abbandonato mai.&nbsp;<\/p>\n\n\n\n<p>Ora sono qui, in questa festa di carnevale, dopo 48 anni con il vuoto e l&#8217;angoscia profonda tra un ballo e l&#8217;altro con mia moglie, vestito da pagliaccio, a chiedermi il senso della vita, se ne ha? E anche stasera vado via prima, come per non imporre troppo la mia presenza.<\/p>\n\n\n\n<p>Eppure quell&#8217;anno ero morto anch&#8217;io alle 14 del 18 gennaio 1977, il mio cuore si ferm\u00f2 per alcuni minuti. Guido Chidichimo Il cardiochirurgo che mi aveva operato sapeva che sarebbe potuta finire in quel modo, perch\u00e9 l\u2019esito era nel difetto cardiaco che mi portavo fin dalla mia nascita. Tent\u00f2 il possibile e in fine trov\u00f2 la soluzione in un pacemaker temporaneo esterno, collegato con un elettrocatetere alla punta del cuore, che usciva dal mio petto sotto lo sterno. Era di colore azzurro, quel pacemaker, grande come una radiolina di allora, potevo metterlo in una delle due tasche della vestaglia quando tornai a stare in piedi e poter camminare. Allora non mi fermavo pi\u00f9, dal mio letto nel reparto di elettrofisiologia del quinto piano, per quasi un mese tornavo spesso nelle stanze dove ero gi\u00e0 stato ricoverato, al quarto e al terzo piano, recuperavo amicizie, nascevano amori. Chidichimo, credo di non averlo pi\u00f9 visto, ma ora lo ricordo bene, il chirurgo, soprattutto perch\u00e9 con quella sua pelata e le orecchie un po\u2019 a punta somigliava a Fantomas, tranne per il colorito blu cobalto, la differenza stava nella fama planetaria dei due: Fantomas, personaggio dei fumetti diventato poi cinematografico, era un criminale pieno di risorse e colpi di scena, Chidichimo anche lui di fama mondiale, ma semplicemente salvava vite. Forse a me serviva dargli una dimensione fantastica, perch\u00e9 in fondo la mia esistenza dipendeva da lui, e allora era meglio non prenderci troppo sul serio. Tornato al paese, da met\u00e0 dicembre ai primi di gennaio, continuai a chiamarlo Fantomas, per\u00f2 smisi di usare quel soprannome dopo l\u2019operazione. Un giorno del 2015 incontrai un chirurgo, pi\u00f9 giovane di Chidichimo, che lo aveva conosciuto quando si occupava di chirurgia generale, era affermato e gi\u00e0 famoso. Questo medico gli diceva: \u00ablascia perdere la cardiochirurgia. Il tuo posto qui al San Giacomo \u00e8 esattamente quello che occupi con grande prestigio\u00bb. Nonostante Chidichimo fosse un\u2019eccellenza nella chirurgia generale, alla soglia dei suoi cinquanta anni cominci\u00f2 a recarsi a Houston, sul finire degli anni \u201950 ed i primi \u201960, al Texas Heart Institute, ritrovo internazionale della cardiochirurgia. And\u00f2 l\u00ec pi\u00f9 volte, avvicinandosi sempre di pi\u00f9 alla nuova specializzazione. Un posto frequentatissimo dagli aspiranti cardiochirurghi di tutto il mondo, e quando i partecipanti superavano il numero massimo consentito, il Kid, cos\u00ec scherzosamente soprannominato dai suoi colleghi, seguiva l\u2019intervento sdraiato sul soffitto di vetro della sala operatoria.<\/p>\n<div class=\"pvc_clear\"><\/div><p id=\"pvc_stats_57452\" class=\"pvc_stats all  \" data-element-id=\"57452\" style=\"\"><i class=\"pvc-stats-icon medium\" aria-hidden=\"true\"><svg aria-hidden=\"true\" focusable=\"false\" data-prefix=\"far\" data-icon=\"chart-bar\" role=\"img\" xmlns=\"http:\/\/www.w3.org\/2000\/svg\" viewBox=\"0 0 512 512\" class=\"svg-inline--fa fa-chart-bar fa-w-16 fa-2x\"><path fill=\"currentColor\" d=\"M396.8 352h22.4c6.4 0 12.8-6.4 12.8-12.8V108.8c0-6.4-6.4-12.8-12.8-12.8h-22.4c-6.4 0-12.8 6.4-12.8 12.8v230.4c0 6.4 6.4 12.8 12.8 12.8zm-192 0h22.4c6.4 0 12.8-6.4 12.8-12.8V140.8c0-6.4-6.4-12.8-12.8-12.8h-22.4c-6.4 0-12.8 6.4-12.8 12.8v198.4c0 6.4 6.4 12.8 12.8 12.8zm96 0h22.4c6.4 0 12.8-6.4 12.8-12.8V204.8c0-6.4-6.4-12.8-12.8-12.8h-22.4c-6.4 0-12.8 6.4-12.8 12.8v134.4c0 6.4 6.4 12.8 12.8 12.8zM496 400H48V80c0-8.84-7.16-16-16-16H16C7.16 64 0 71.16 0 80v336c0 17.67 14.33 32 32 32h464c8.84 0 16-7.16 16-16v-16c0-8.84-7.16-16-16-16zm-387.2-48h22.4c6.4 0 12.8-6.4 12.8-12.8v-70.4c0-6.4-6.4-12.8-12.8-12.8h-22.4c-6.4 0-12.8 6.4-12.8 12.8v70.4c0 6.4 6.4 12.8 12.8 12.8z\" class=\"\"><\/path><\/svg><\/i> <img loading=\"lazy\" decoding=\"async\" width=\"16\" height=\"16\" alt=\"Loading\" src=\"https:\/\/www.raccontinellarete.it\/301\/wp-content\/plugins\/page-views-count\/ajax-loader-2x.gif\" border=0 \/><\/p><div class=\"pvc_clear\"><\/div>","protected":false},"excerpt":{"rendered":"<p>A settembre, lo stesso anno, il \u201977, accadde la stessa cosa. Vidi piangere mio padre ed io ancora ebbi paura. Ma lui e mia madre, quella volta, per\u00f2, mi portarono con loro. Sempre acqua, ma di lago. Non mi lasciarono a casa di amici come quando era affogato Massimo dentro un mulinello di fiume a [&hellip;]<\/p>\n<div class=\"pvc_clear\"><\/div>\n<p id=\"pvc_stats_57452\" class=\"pvc_stats all  \" data-element-id=\"57452\" style=\"\"><i class=\"pvc-stats-icon medium\" aria-hidden=\"true\"><svg aria-hidden=\"true\" focusable=\"false\" data-prefix=\"far\" data-icon=\"chart-bar\" role=\"img\" xmlns=\"http:\/\/www.w3.org\/2000\/svg\" viewBox=\"0 0 512 512\" class=\"svg-inline--fa fa-chart-bar fa-w-16 fa-2x\"><path fill=\"currentColor\" d=\"M396.8 352h22.4c6.4 0 12.8-6.4 12.8-12.8V108.8c0-6.4-6.4-12.8-12.8-12.8h-22.4c-6.4 0-12.8 6.4-12.8 12.8v230.4c0 6.4 6.4 12.8 12.8 12.8zm-192 0h22.4c6.4 0 12.8-6.4 12.8-12.8V140.8c0-6.4-6.4-12.8-12.8-12.8h-22.4c-6.4 0-12.8 6.4-12.8 12.8v198.4c0 6.4 6.4 12.8 12.8 12.8zm96 0h22.4c6.4 0 12.8-6.4 12.8-12.8V204.8c0-6.4-6.4-12.8-12.8-12.8h-22.4c-6.4 0-12.8 6.4-12.8 12.8v134.4c0 6.4 6.4 12.8 12.8 12.8zM496 400H48V80c0-8.84-7.16-16-16-16H16C7.16 64 0 71.16 0 80v336c0 17.67 14.33 32 32 32h464c8.84 0 16-7.16 16-16v-16c0-8.84-7.16-16-16-16zm-387.2-48h22.4c6.4 0 12.8-6.4 12.8-12.8v-70.4c0-6.4-6.4-12.8-12.8-12.8h-22.4c-6.4 0-12.8 6.4-12.8 12.8v70.4c0 6.4 6.4 12.8 12.8 12.8z\" class=\"\"><\/path><\/svg><\/i> <img loading=\"lazy\" decoding=\"async\" width=\"16\" height=\"16\" alt=\"Loading\" src=\"https:\/\/www.raccontinellarete.it\/301\/wp-content\/plugins\/page-views-count\/ajax-loader-2x.gif\" border=0 \/><\/p>\n<div class=\"pvc_clear\"><\/div>\n","protected":false},"author":22320,"featured_media":0,"comment_status":"open","ping_status":"closed","sticky":false,"template":"","format":"standard","meta":{"footnotes":""},"categories":[703],"tags":[712,755,474,765,116,91,767,759,764,763,766,757,752,27,758,512,762,756,760],"class_list":["post-57452","post","type-post","status-publish","format-standard","hentry","category-premio-racconti-nella-rete-2025","tag-memoria-2","tag-11-anni","tag-adolescenza","tag-affogato","tag-ballo","tag-cuore","tag-houston","tag-morte-giovane","tag-morte-per-annegamento","tag-odore-di-morte","tag-operazione-al-cuore","tag-pacemaker","tag-pinato","tag-ricordi","tag-sala-da-ballo","tag-senso-della-vita","tag-sfidare-la-morte","tag-sfiorare-la-morte","tag-tuffi-nel-lago"],"_links":{"self":[{"href":"https:\/\/www.raccontinellarete.it\/index.php?rest_route=\/wp\/v2\/posts\/57452"}],"collection":[{"href":"https:\/\/www.raccontinellarete.it\/index.php?rest_route=\/wp\/v2\/posts"}],"about":[{"href":"https:\/\/www.raccontinellarete.it\/index.php?rest_route=\/wp\/v2\/types\/post"}],"author":[{"embeddable":true,"href":"https:\/\/www.raccontinellarete.it\/index.php?rest_route=\/wp\/v2\/users\/22320"}],"replies":[{"embeddable":true,"href":"https:\/\/www.raccontinellarete.it\/index.php?rest_route=%2Fwp%2Fv2%2Fcomments&post=57452"}],"version-history":[{"count":3,"href":"https:\/\/www.raccontinellarete.it\/index.php?rest_route=\/wp\/v2\/posts\/57452\/revisions"}],"predecessor-version":[{"id":57652,"href":"https:\/\/www.raccontinellarete.it\/index.php?rest_route=\/wp\/v2\/posts\/57452\/revisions\/57652"}],"wp:attachment":[{"href":"https:\/\/www.raccontinellarete.it\/index.php?rest_route=%2Fwp%2Fv2%2Fmedia&parent=57452"}],"wp:term":[{"taxonomy":"category","embeddable":true,"href":"https:\/\/www.raccontinellarete.it\/index.php?rest_route=%2Fwp%2Fv2%2Fcategories&post=57452"},{"taxonomy":"post_tag","embeddable":true,"href":"https:\/\/www.raccontinellarete.it\/index.php?rest_route=%2Fwp%2Fv2%2Ftags&post=57452"}],"curies":[{"name":"wp","href":"https:\/\/api.w.org\/{rel}","templated":true}]}}