{"id":57344,"date":"2025-05-29T11:37:52","date_gmt":"2025-05-29T10:37:52","guid":{"rendered":"https:\/\/www.raccontinellarete.it\/?p=57344"},"modified":"2025-05-29T11:37:53","modified_gmt":"2025-05-29T10:37:53","slug":"premio-racconti-nella-rete-2025-lodore-del-cedro-di-vanessa-fazzolari","status":"publish","type":"post","link":"https:\/\/www.raccontinellarete.it\/?p=57344","title":{"rendered":"Premio Racconti nella Rete 2025 &#8220;L&#8217;odore del cedro&#8221; di Vanessa Fazzolari"},"content":{"rendered":"\n<h1 class=\"wp-block-heading\"><\/h1>\n\n\n\n<p>Ben presto cominciai ad amare e ben presto\u2026<br>Lo capii in un giorno qualsiasi, in cui il sole sembrava volermi dire qualcosa e io, per una volta, decisi di ascoltarlo. Non aveva voce, ma parlava attraverso i rami degli aranci e i passi dei passanti. Camminavo come sempre, lo zaino appeso a una spalla e la testa piena di \u201cpoi vedr\u00f2\u201d. Era l\u2019ultima primavera prima della fine dell\u2019universit\u00e0.<\/p>\n\n\n\n<p>Lo incontrai cos\u00ec, senza preavviso. Non era bello, non come si dice delle persone nei film. Aveva i capelli arruffati, un maglione troppo largo, e una voce impastata di sonno. Ma quando mi chiese se avessi mai annusato un frutto di cedro, qualcosa si incrin\u00f2 dentro.<br>\u00abHa l\u2019odore della terra dopo la pioggia\u00bb, disse, porgendomi una buccia.<br>\u00abIo sento il limone\u00bb, risposi.<br>\u00abIl limone \u00e8 solo un fratello minore\u00bb, replic\u00f2.<br>Sorridemmo entrambi. E fu quello il momento esatto: iniziai ad amare.<\/p>\n\n\n\n<p>Non fu un amore che chiese permesso. Entr\u00f2 come entrano le maree, cancellando le orme precedenti. Mi trovai a cercare il suo viso tra la folla, a sentire la sua voce nei silenzi, a temere ogni distanza. Mi raccontava storie strane: di alberi che ricordano i nomi, di cani che sognano i loro padroni, di lettere mai spedite. E ogni racconto era una carezza al mio cuore inquieto.<\/p>\n\n\n\n<p>Ma ben presto&#8230;<br>Ben presto capii che non era destinato a restare. Certe persone sono come il vento di marzo: arrivano per confonderti i capelli, per farti chiudere gli occhi e desiderare qualcosa che non sai spiegare. Poi se ne vanno, e tu rimani l\u00ec, con la brezza addosso e una mancanza che ha il profumo del cedro.<\/p>\n\n\n\n<p>Un giorno non venne pi\u00f9. Niente messaggi, nessuna scusa. Solo assenza.<br>Non lo odiavo. Non riuscivo.<br>Mi lasci\u00f2 un libro di poesie greche con una foglia secca tra le pagine. Sopra c\u2019era scritto, con la sua calligrafia inclinata:<br>&#8220;Anche l\u2019attesa pu\u00f2 essere amore, se sai abitarla.\u201d<\/p>\n\n\n\n<p>Lo lessi cento volte. Poi imparai a camminare di nuovo, senza aspettare di vederlo a ogni angolo. Ma ogni volta che passo vicino a un albero di agrumi, cerco il profumo pi\u00f9 acre. Cerco lui.<br>Perch\u00e9 s\u00ec, ben presto cominciai ad amare.<br>E ben presto, imparai a ricordarlo.<\/p>\n\n\n\n<p><\/p>\n<div class=\"pvc_clear\"><\/div><p id=\"pvc_stats_57344\" class=\"pvc_stats all  \" data-element-id=\"57344\" style=\"\"><i class=\"pvc-stats-icon medium\" aria-hidden=\"true\"><svg aria-hidden=\"true\" focusable=\"false\" data-prefix=\"far\" data-icon=\"chart-bar\" role=\"img\" xmlns=\"http:\/\/www.w3.org\/2000\/svg\" viewBox=\"0 0 512 512\" class=\"svg-inline--fa fa-chart-bar fa-w-16 fa-2x\"><path fill=\"currentColor\" d=\"M396.8 352h22.4c6.4 0 12.8-6.4 12.8-12.8V108.8c0-6.4-6.4-12.8-12.8-12.8h-22.4c-6.4 0-12.8 6.4-12.8 12.8v230.4c0 6.4 6.4 12.8 12.8 12.8zm-192 0h22.4c6.4 0 12.8-6.4 12.8-12.8V140.8c0-6.4-6.4-12.8-12.8-12.8h-22.4c-6.4 0-12.8 6.4-12.8 12.8v198.4c0 6.4 6.4 12.8 12.8 12.8zm96 0h22.4c6.4 0 12.8-6.4 12.8-12.8V204.8c0-6.4-6.4-12.8-12.8-12.8h-22.4c-6.4 0-12.8 6.4-12.8 12.8v134.4c0 6.4 6.4 12.8 12.8 12.8zM496 400H48V80c0-8.84-7.16-16-16-16H16C7.16 64 0 71.16 0 80v336c0 17.67 14.33 32 32 32h464c8.84 0 16-7.16 16-16v-16c0-8.84-7.16-16-16-16zm-387.2-48h22.4c6.4 0 12.8-6.4 12.8-12.8v-70.4c0-6.4-6.4-12.8-12.8-12.8h-22.4c-6.4 0-12.8 6.4-12.8 12.8v70.4c0 6.4 6.4 12.8 12.8 12.8z\" class=\"\"><\/path><\/svg><\/i> <img loading=\"lazy\" decoding=\"async\" width=\"16\" height=\"16\" alt=\"Loading\" src=\"https:\/\/www.raccontinellarete.it\/301\/wp-content\/plugins\/page-views-count\/ajax-loader-2x.gif\" border=0 \/><\/p><div class=\"pvc_clear\"><\/div>","protected":false},"excerpt":{"rendered":"<p>Ben presto cominciai ad amare e ben presto\u2026Lo capii in un giorno qualsiasi, in cui il sole sembrava volermi dire qualcosa e io, per una volta, decisi di ascoltarlo. Non aveva voce, ma parlava attraverso i rami degli aranci e i passi dei passanti. Camminavo come sempre, lo zaino appeso a una spalla e la [&hellip;]<\/p>\n<div class=\"pvc_clear\"><\/div>\n<p id=\"pvc_stats_57344\" class=\"pvc_stats all  \" data-element-id=\"57344\" style=\"\"><i class=\"pvc-stats-icon medium\" aria-hidden=\"true\"><svg aria-hidden=\"true\" focusable=\"false\" data-prefix=\"far\" data-icon=\"chart-bar\" role=\"img\" xmlns=\"http:\/\/www.w3.org\/2000\/svg\" viewBox=\"0 0 512 512\" class=\"svg-inline--fa fa-chart-bar fa-w-16 fa-2x\"><path fill=\"currentColor\" d=\"M396.8 352h22.4c6.4 0 12.8-6.4 12.8-12.8V108.8c0-6.4-6.4-12.8-12.8-12.8h-22.4c-6.4 0-12.8 6.4-12.8 12.8v230.4c0 6.4 6.4 12.8 12.8 12.8zm-192 0h22.4c6.4 0 12.8-6.4 12.8-12.8V140.8c0-6.4-6.4-12.8-12.8-12.8h-22.4c-6.4 0-12.8 6.4-12.8 12.8v198.4c0 6.4 6.4 12.8 12.8 12.8zm96 0h22.4c6.4 0 12.8-6.4 12.8-12.8V204.8c0-6.4-6.4-12.8-12.8-12.8h-22.4c-6.4 0-12.8 6.4-12.8 12.8v134.4c0 6.4 6.4 12.8 12.8 12.8zM496 400H48V80c0-8.84-7.16-16-16-16H16C7.16 64 0 71.16 0 80v336c0 17.67 14.33 32 32 32h464c8.84 0 16-7.16 16-16v-16c0-8.84-7.16-16-16-16zm-387.2-48h22.4c6.4 0 12.8-6.4 12.8-12.8v-70.4c0-6.4-6.4-12.8-12.8-12.8h-22.4c-6.4 0-12.8 6.4-12.8 12.8v70.4c0 6.4 6.4 12.8 12.8 12.8z\" class=\"\"><\/path><\/svg><\/i> <img loading=\"lazy\" decoding=\"async\" width=\"16\" height=\"16\" alt=\"Loading\" src=\"https:\/\/www.raccontinellarete.it\/301\/wp-content\/plugins\/page-views-count\/ajax-loader-2x.gif\" border=0 \/><\/p>\n<div class=\"pvc_clear\"><\/div>\n","protected":false},"author":36462,"featured_media":0,"comment_status":"open","ping_status":"closed","sticky":false,"template":"","format":"standard","meta":{"footnotes":""},"categories":[703],"tags":[],"class_list":["post-57344","post","type-post","status-publish","format-standard","hentry","category-premio-racconti-nella-rete-2025"],"_links":{"self":[{"href":"https:\/\/www.raccontinellarete.it\/index.php?rest_route=\/wp\/v2\/posts\/57344"}],"collection":[{"href":"https:\/\/www.raccontinellarete.it\/index.php?rest_route=\/wp\/v2\/posts"}],"about":[{"href":"https:\/\/www.raccontinellarete.it\/index.php?rest_route=\/wp\/v2\/types\/post"}],"author":[{"embeddable":true,"href":"https:\/\/www.raccontinellarete.it\/index.php?rest_route=\/wp\/v2\/users\/36462"}],"replies":[{"embeddable":true,"href":"https:\/\/www.raccontinellarete.it\/index.php?rest_route=%2Fwp%2Fv2%2Fcomments&post=57344"}],"version-history":[{"count":1,"href":"https:\/\/www.raccontinellarete.it\/index.php?rest_route=\/wp\/v2\/posts\/57344\/revisions"}],"predecessor-version":[{"id":57347,"href":"https:\/\/www.raccontinellarete.it\/index.php?rest_route=\/wp\/v2\/posts\/57344\/revisions\/57347"}],"wp:attachment":[{"href":"https:\/\/www.raccontinellarete.it\/index.php?rest_route=%2Fwp%2Fv2%2Fmedia&parent=57344"}],"wp:term":[{"taxonomy":"category","embeddable":true,"href":"https:\/\/www.raccontinellarete.it\/index.php?rest_route=%2Fwp%2Fv2%2Fcategories&post=57344"},{"taxonomy":"post_tag","embeddable":true,"href":"https:\/\/www.raccontinellarete.it\/index.php?rest_route=%2Fwp%2Fv2%2Ftags&post=57344"}],"curies":[{"name":"wp","href":"https:\/\/api.w.org\/{rel}","templated":true}]}}