{"id":57272,"date":"2025-05-29T19:51:52","date_gmt":"2025-05-29T18:51:52","guid":{"rendered":"https:\/\/www.raccontinellarete.it\/?p=57272"},"modified":"2025-05-29T19:51:53","modified_gmt":"2025-05-29T18:51:53","slug":"premio-racconti-nella-rete-2025-cronache-di-un-osservatore-scuola-superiore-di-francesco-pio-calabrese","status":"publish","type":"post","link":"https:\/\/www.raccontinellarete.it\/?p=57272","title":{"rendered":"Premio Racconti nella Rete 2025 &#8220;Cronache di un osservatore: Scuola Superiore&#8221; di Francesco Pio Calabrese"},"content":{"rendered":"\n<p>Da dove cominciare, vi chiederete? Dal principio, dall\u2019asilo? Troppo sfocato\u2026 Dalle elementari? Nessuna correlazione\u2026 Dalle medie? Forse, ma nah\u2026 cominciamo dal principio della scuola superiore, il primo anno\u2026 hahaha il lockdown, tutti chiusi in casa a seguire in DAD\u2026 pare passato cos\u00ec tanto tempo\u2026 eppure lo ricordo come se fosse ieri\u2026 tutti confusi, incerti, spaesati\u2026 ma uniti, uguali, messi sullo stesso piano\u2026 (ohib\u00f2, chi l\u2019avrebbe mai detto che avresti provato nostalgia per un periodo dove fare le stesse cose che fai ogni giorno era considerato addirittura salutare\u2026 ma non divaghiamo, il discorso \u00e8 gi\u00e0 lungo di suo). Bene, possiamo dire insomma che siamo partiti tutti dalla stessa base di lancio\u2026<\/p>\n\n\n\n<p>C\u2019\u00e8 da chiedersi tuttavia\u2026&nbsp;<strong>QUAL \u00c8 STATO QUEL DANNATO CAVALLO DI TROIA CHE MI HA CONVINTO A FARE LA SCELTA PEGGIORE DELLA MIA VITA?!<\/strong>&nbsp;ehm, riformulo\u2026<\/p>\n\n\n\n<p>Cosa mi ha convinto a scegliere quest\u2019istituto, e quest\u2019indirizzo scolastico? La causa di almeno la met\u00e0 dei miei problemi? Essermi affidato a chi credevo degli amici\u2026<\/p>\n\n\n\n<p>Che mi hanno voltato le spalle non appena hanno visto come le cose giravano qui, n\u00e9 in senso orario n\u00e9 antiorario, ma secondo una sua \u201clogica\u201d. Ora potrei mettermi a rimuginare sui \u201c\u201cbei tempi che furono\u201d cominciando a parlare di quelle volte che noi studenti ci siamo messi a scegliere immagini di profilo di cani\u2026 (Tra l\u2019altro, ve la ricordate quella professoressa di matematica, che ci raccontava spesso dei mille cani che ha avuto? Haha\u2026)<\/p>\n\n\n\n<p>O ancora delle volte in cui ci siamo messi dei panni in faccia per sembrare dei fantasmi? (\u2026)<\/p>\n\n\n\n<p>Possiamo davvero dire di essere realmente cambiati da allora\u2026? Di esserci \u201cevoluti\u201d? (\u2026)<\/p>\n\n\n\n<p>Personalmente? No.<\/p>\n\n\n\n<p>A parte cambiamenti legati all\u2019indissolubile ed universale cambiamento del tempo\u2026 sono sempre lo stesso\u2026 schivo e con un senso dell\u2019umorismo \u201cpersonale\u201d anche se\u2026<\/p>\n\n\n\n<p>Devo ammettere che sono diventato molto pi\u00f9 apatico e disilluso, se non a tratti pessimista, ma basta parlare di me\u2026 che egocentrico che sono\u2026<\/p>\n\n\n\n<p>Vi ricordate come dopo la DAD tornammo tutti a scuola cos\u00ec, de botto?<\/p>\n\n\n\n<p>Mi ricordo ancora bene quel paio di volte in cui ci misero nelle aule coi banchi a rotelle\u2026<\/p>\n\n\n\n<p>Penso che siano finiti nella discarica, a fare compagnia a tutti i sogni e le aspettative che avevamo su quest\u2019indirizzo: \u201cRelazioni internazionali e Marketing\u201d\u2026<\/p>\n\n\n\n<p>Illusorio e attraente come uno specchietto per le allodole\u2026<\/p>\n\n\n\n<p>E noi tutti ci siamo cascati, come pesci piombati in una rete composta e intrisa di partita doppia, Keynes und Deutsche sprachen. Alla fine di tutto, mi chiedo: con quale risultato siamo usciti da questa rete?<\/p>\n\n\n\n<p>Liberi? Stanchi? Senza voglia di vivere?<\/p>\n\n\n\n<p>Magari dovrei davvero darci un taglio al credere che ognuno abbia una mentalit\u00e0 simile alla mia, poich\u00e9 semplicemente, non \u00e8 vero.<\/p>\n\n\n\n<p>E l\u2019ho capito a mie spese, soffrendo, in solitudine.<\/p>\n\n\n\n<p>Tuttavia vorrei scolpire un testamento:&nbsp;<strong>questo racconto non \u00e8 una struggente e mielosa cantata dei bei tempi finiti.<\/strong><\/p>\n\n\n\n<p><em>\u201cI mIgLiOrIiI aNni dElLa NoStRa ViTaAaAah ?\u201d<\/em><\/p>\n\n\n\n<p><strong>No.<\/strong><\/p>\n\n\n\n<p>Sono profondamente stanco di indossare maschere sorridenti, scherzose e ottimiste, penso sia giunto il tempo che parli col cuore in mano\u2026<\/p>\n\n\n\n<p>Allacciate pure le cinture se ne avete, (non vi preoccupate, niente multe o punti levati dalla vostra nuova patente\u2026).<\/p>\n\n\n\n<p>Sono una persona molto schiva, sono di carattere mite, ci metto tempo ad aprirmi agli altri, ma non impiego nulla nell\u2019accendermi nero di collera, a offendermi (solo se deliberatamente) ed entrare in conflitto.<\/p>\n\n\n\n<p>Sono fiero delle mie idee, dei miei sforzi e dei miei risultati, e mi sento profondamente deluso quando non sono riconosciuti.<\/p>\n\n\n\n<p>Preferisco che gli altri mi coinvolgano, piuttosto che instaurare rapporti di mio.<\/p>\n\n\n\n<p>Preferisco aspettare, pazientare, attendere di ricevere le attenzioni e il coinvolgimento, gli inviti altrui.<\/p>\n\n\n\n<p>All\u2019attivit\u00e0 sociale opto pi\u00f9 favorevolmente allo stare in disparte, pensare, osservare.<\/p>\n\n\n\n<p>Anche per questo mi sento di scrivere questa che per voi risulter\u00e0 una forma di tortura formato testo, dato che ricordo ancora ogni cosa con lucidit\u00e0 (prima che il tempo, che tende a far \u201cfermentare\u201d i ricordi, unilateralmente, in positivo o in negativo, invecchiando come del buon vino\u2026 o diventando sempre pi\u00f9 acidi, come il latte\u2026).<\/p>\n\n\n\n<p>Ovviamente dare una descrizione del genere risulterebbe di parte od imparziale, anche per questo desidero lasciare questo testo, come pietra miliare a testimonianza di ci\u00f2 che \u00e8 stato, nelle sue milioni di sfaccettature, un percorso chiave della mia, e ovviamente anche vostra, miei commilitoni di classe, vita.<\/p>\n\n\n\n<p>Prima ho creato la metafora della rete coi pesci all\u2019interno, non \u00e8 una coincidenza, dato che pi\u00f9 che un gruppo unito sembravamo pi\u00f9 delle trib\u00f9 suddivise in gruppi, in mente loro uniche e senza eguali ma in realt\u00e0 tutte quante identiche.<\/p>\n\n\n\n<p>Pi\u00f9 che essere uniti, compatti come un argine contro uno tsunami, ci siamo spesso presi a morsi. Raramente siamo andati d\u2019accordo, a malapena a tratti sembravamo una classe, figuriamoci degli amici\u2026<\/p>\n\n\n\n<p>Abbiamo avuto le nostre incomprensioni, i nostri litigi, io credo personalmente di vantare il record di aver bisticciato almeno una volta con ognuno di voi\u2026 che campione che sono, eh?<\/p>\n\n\n\n<p>Ai temerari che sono giunti a questo punto, che si staranno chiedendo quando questo fallito cesser\u00e0 il suo lamento, domandandosi persino questioni quali&nbsp;<\/p>\n\n\n\n<p><em>\u201cma chist a ten na vit aropp a scol?\u201d<\/em><\/p>\n\n\n\n<p>Ora vi riveler\u00f2 una verit\u00e0, di cui potreste essere sorpresi o meno:&nbsp;<strong>No.<\/strong><\/p>\n\n\n\n<p>\u00c8 vero, non ho niente altro, magari vi sorprender\u00f2 dicendovi che non sono qualche sorta di automa che si sveglia, studia, va a scuola, esce da scuola e cos\u00ec all\u2019infinito\u2026 ma no, c\u2019\u00e8 qualcun altro oltre quella persona.<\/p>\n\n\n\n<p>Una persona tormentata da dubbi, da vergogne e da mille imbarazzi, bloccata dal vivere a pieno la propria vita da un labirinto mentale di paure, magari solo immaginarie, che preferisce soffrire in disparte all\u2019ammettere di non stare bene e di apparire debole.<\/p>\n\n\n\n<p>Una persona che per questi motivi \u00e8 stata incapace di costruire relazioni umane durevoli, che si \u00e8 sempre sentita incompresa, a tratti anche disprezzata.<\/p>\n\n\n\n<p>Questa mentalit\u00e0 porta la mia autostima ad essere quasi inesistente.<\/p>\n\n\n\n<p>Tutto il sarcasmo che uso, le battute pungenti che faccio, i commentini disprezzanti che creo\u2026 sono tutti per mascherarmi come sicuro di me.<\/p>\n\n\n\n<p>E sono tanto ma tanto bravo a farlo, che dire, col tempo le abilit\u00e0 si affinano\u2026 al punto tale da illudere chiunque di ci\u00f2\u2026 ma non me\u2026<\/p>\n\n\n\n<p>Io sono sempre stato lucido, forse troppo, non mi sono mai divertito alle feste perch\u00e9 non sono bravo a ballare, non mi piace fare attivit\u00e0 fisica perch\u00e9 sono un inetto, non ho nessuno che mi conforti e che si diverta con me.<\/p>\n\n\n\n<p>L\u2019unica mia fonte di gioia, la benzina, che per quanto io mi sia sentito a terra \u00e8 sempre stata capace di mandarmi avanti, erano i voti e lo studiare.<\/p>\n\n\n\n<p>Vi chiederete (o forse no, in fondo \u00e8 pi\u00f9 interessante un martello pneumatico negli zebedei di te\u2026) come mai d\u00f2 sempre tutto me stesso anche quando si tratta di fare cose banali\u2026<\/p>\n\n\n\n<p>Non lo faccio per il voto, non lo faccio per il mio futuro, non lo faccio perch\u00e9 tale materia mi piace\u2026<\/p>\n\n\n\n<p><strong>Lo faccio perch\u00e9 \u00e8 l\u2019unica conferma che io valga qualcosa.<\/strong><\/p>\n\n\n\n<p>Che esisto, oltre al vuoto che sento perennemente dentro di me, che mi impedisce di intraprendere nuove esperienze e di cambiare\u2026<\/p>\n\n\n\n<p>Io sono stato sempre fin troppo ancorato al passato, attaccato ai ricordi, legato alle persone\u2026<\/p>\n\n\n\n<p><strong>Ma eventualmente\u2026 i ricordi svaniscono, le persone cambiano ed il passato si fa sempre pi\u00f9 lontano.<\/strong><\/p>\n\n\n\n<p>E io\u2026 io sono sempre rimasto come immobile, incapace di far nulla, se non assistere.<\/p>\n\n\n\n<p>Se non assistere alle ingiustizie, mie e degli altri.<\/p>\n\n\n\n<p>Il mestiere dell\u2019osservatore \u00e8 il peggiore al mondo, ehehe, ben peggio di quello del professore o del lavoratore del Mc\u2026<\/p>\n\n\n\n<p><strong>L\u2019unico \u201csalario\u201d che ricevi \u00e8 composto da delusioni e solitudine.<\/strong><\/p>\n\n\n\n<p>Il dolore di vedere ognuno andare avanti e godersi la propria vita, quando ti senti come bloccato.<\/p>\n\n\n\n<p>L\u00ec cominci a chiederti se effettivamente ci sia qualcosa che non vada con te\u2026<\/p>\n\n\n\n<p><strong>\u00c8-\u00e8 il mio carattere\u2026? Quella volta in cui io\u2014?<\/strong>&nbsp;DOVEVO&nbsp;DARE DI PI\u00d9, FARE DI PI\u00d9\u2026 \u00c8 SOLO COLPA MIA SE SOFFRO COS\u00cc TANTO.<\/p>\n\n\n\n<p>(\u2026)<\/p>\n\n\n\n<p>Stare cos\u00ec \u00e8 doloroso, il tipo di dolore che desidererei nessuno patisca (per quanto sadico e rancoroso io possa essere)\u2026<\/p>\n\n\n\n<p>Ma ho sempre avuto un\u2019ancora di supporto, una base di comprensione che nonostante tutto mi spingesse a\u2014<\/p>\n\n\n\n<p><strong>NO<\/strong>.<\/p>\n\n\n\n<p>Nulla di tutto ci\u00f2.<\/p>\n\n\n\n<p>Nessun abbraccio, nessun conforto, solo occasionalmente gli sguardi di chi vorrebbe aiutare ma non sa cosa fare.<\/p>\n\n\n\n<p>L\u2019unico mio appiglio alla vita, nei miei momenti pi\u00f9 oscuri non \u00e8 stato un sogno, un motivo per cui vivere.<\/p>\n\n\n\n<p><strong>\u00c8 stata la paura di ci\u00f2 che viene \u201cdopo\u201d.<\/strong><\/p>\n\n\n\n<p>Vivere per questa ragione\u2026 non \u00e8 nemmeno vivere\u2026 \u00e8 esistere\u2026<\/p>\n\n\n\n<p>Ancora a galla, magari a tratti desiderando di annegare, in questo oceano di sofferenze, speranze non realizzate e delusioni\u2026&nbsp;<\/p>\n\n\n\n<p>Ok\u2026 ho modo di vedere che questo sta lentamente diventando una lagna esistenziale degna di un cinquantenne divorziato che ha perso recentemente il lavoro.<\/p>\n\n\n\n<p>Nonostante io sia bravo, e dico <strong>MOLTO<\/strong> bravo a crearne, questo testo non dovrebbe essere uno di essi.<\/p>\n\n\n\n<p>Mi auguro queste mie farneticazioni arrivino dritto al cuore dell\u2019eccelso, inarrivabile, acculturato gentiluomo o dama che sta assistendo con ammirabile persistenza a questa sottospecie di telenovelas in forma di racconto.<\/p>\n\n\n\n<p><br>Bene bene\u2026 sembra proprio siamo giunti alla conclusione (per la vostra gioia, e per ulteriore dispiacere mio, eh tanto\u2026 <strong>uno in pi\u00f9,<\/strong> <strong>uno in meno\u2026<\/strong>),<\/p>\n\n\n\n<p>questo \u00e8 il gran momento delle ultime riflessioni sconsolate!<\/p>\n\n\n\n<p>Un\u2019occasione che andrebbe coronata con un misto di champagne\u2026 e lacrime\u2026 bleah\u2026<\/p>\n\n\n\n<p><br>Cosa ci troviamo come antipasto? Tramezzini salmone e rimpianti\u2026?<\/p>\n\n\n\n<p>Stendiamo un velo pietoso per il mio catering, tanto deprimente quanto il mio decalogo\u2026 beh uhh ah s\u00ec! Le riflessioni finali! Ecco:<\/p>\n\n\n\n<p><br>Ti venisse data la possibilit\u00e0 di rivivere questi cinque anni, cosa cambieresti?<\/p>\n\n\n\n<p><strong>PREFERIREI DI GRAN LUNGA LA SEDIA ELETTRICA.<\/strong><\/p>\n\n\n\n<p>(scherzo\u2026 forse\u2026 di certo porrei grandi cambiamenti bla bla bla &#8211; menzogne varie -, probabilmente finirei con il rifare gli stessi sbagli, consapevolmente\u2026)<\/p>\n\n\n\n<p><br>Prossima!<\/p>\n\n\n\n<p>Un momento indimenticabile, che coverai con nostalgia e affetto?<\/p>\n\n\n\n<p>(Ok\u2026 questa \u00e8 complicata\u2026)<\/p>\n\n\n\n<p>Probabilmente tutte le tombole organizzate nel periodo natalizio\u2026<\/p>\n\n\n\n<p>Finanziate dall\u2019istituto di credito che prende il mio nome\u2026<\/p>\n\n\n\n<p>(il cui conto \u00e8 pi\u00f9 rosso del sangue\u2026).<\/p>\n\n\n\n<p><br>Opinione sui docenti?<\/p>\n\n\n\n<p>Eh\u2026 se stanno leggendo ora desidero ringraziarli per essere stati i conduttori di questo treno che \u00e8\u2026<\/p>\n\n\n\n<p>che nonostante a volte sembrava sul punto di deragliare o scontrarsi contro un muro\u2026<\/p>\n\n\n\n<p>\u00e8 arrivato a destinazione, caso straordinario in Italia, persino in orario\u2026<\/p>\n\n\n\n<p><br>Sebbene alcuni passeggeri abbiano abbandonato il treno ancora in corsa,<\/p>\n\n\n\n<p>di sicuro non sar\u00e0 stato un atterraggio piacevole\u2026<\/p>\n\n\n\n<p><strong>MA IN FONDO\u2026<\/strong><\/p>\n\n\n\n<p><strong>CHI SE NE FOTTE.<\/strong><\/p>\n\n\n\n<p>Hanno pensato a loro stessi, al loro futuro, alla loro felicit\u00e0, non meritano le mie considerazioni, il mio affetto,<\/p>\n\n\n\n<p>che hanno gettato via dal finestrino di questa dannata locomotiva come un fazzoletto sporco\u2026<\/p>\n\n\n\n<p><br>Bene, ho divagato di nuovo?<\/p>\n\n\n\n<p>Sto facendo una sorta di competizione per far perdere la pazienza al lettore?<\/p>\n\n\n\n<p>Se s\u00ec sono certo di starla vincendo, dannazione, rimettiti in sesto caro mio\u2026<\/p>\n\n\n\n<p>meno male che non ho scritto tutto questo\u2026<\/p>\n\n\n\n<p>un\u2019altra figuraccia evitata\u2026 -fiuuuuu-.<\/p>\n\n\n\n<p><br>Pare proprio siamo giunti agli addii, la conclusione pi\u00f9 dolorosa per eccellenza,<\/p>\n\n\n\n<p>e vi chiederete<\/p>\n\n\n\n<p>(GES\u00d9 ANCORA CON QUESTO \u201cCHIEDERETE\u201d, QUEST\u2019IMBECILLE?!)<\/p>\n\n\n\n<p>come far\u00e0 Mr. Depressione qui a rendere il momento pi\u00f9 drammatico,<\/p>\n\n\n\n<p>il climax della piagnucolevolezza, ancora pi\u00f9 desolante?<\/p>\n\n\n\n<p><br>Infatti! Sopresona! Non lo far\u00f2!<\/p>\n\n\n\n<p>Ogni mia falange se avesse volont\u00e0 propria si sarebbe amputata da sola,<\/p>\n\n\n\n<p>da quanto le ho sovraccaricate con questo\u2026 come posso definirlo\u2026?<\/p>\n\n\n\n<p><br>Monologo?<\/p>\n\n\n\n<p>S\u00ec, va bene: monologo.<\/p>\n\n\n\n<p><br>Quindi concluder\u00f2 con un messaggio coerente, con la mia opinione di voi,<\/p>\n\n\n\n<p>il bene che voglio a tutti quanti voi!<\/p>\n\n\n\n<p>La considerazione che avete avuto nei vostri confronti!<\/p>\n\n\n\n<p>Ed il successo che vi auguro nella vita!<\/p>\n\n\n\n<p><br><strong>Andate tutti all\u2019inferno.<\/strong><\/p>\n\n\n\n<p>Magari con l\u2019ascensore per\u00f2,<\/p>\n\n\n\n<p>non dovesse esserci un Virgilio pronto a dirigervi, dotatevi di GPS.<\/p>\n\n\n\n<p><br>Auf wiedersehen, lieber K\u00e4fer\u2026<\/p>\n\n\n\n<p class=\"has-text-align-left\"><br><\/p>\n\n\n\n<p><\/p>\n<div class=\"pvc_clear\"><\/div><p id=\"pvc_stats_57272\" class=\"pvc_stats all  \" data-element-id=\"57272\" style=\"\"><i class=\"pvc-stats-icon medium\" aria-hidden=\"true\"><svg aria-hidden=\"true\" focusable=\"false\" data-prefix=\"far\" data-icon=\"chart-bar\" role=\"img\" xmlns=\"http:\/\/www.w3.org\/2000\/svg\" viewBox=\"0 0 512 512\" class=\"svg-inline--fa fa-chart-bar fa-w-16 fa-2x\"><path fill=\"currentColor\" d=\"M396.8 352h22.4c6.4 0 12.8-6.4 12.8-12.8V108.8c0-6.4-6.4-12.8-12.8-12.8h-22.4c-6.4 0-12.8 6.4-12.8 12.8v230.4c0 6.4 6.4 12.8 12.8 12.8zm-192 0h22.4c6.4 0 12.8-6.4 12.8-12.8V140.8c0-6.4-6.4-12.8-12.8-12.8h-22.4c-6.4 0-12.8 6.4-12.8 12.8v198.4c0 6.4 6.4 12.8 12.8 12.8zm96 0h22.4c6.4 0 12.8-6.4 12.8-12.8V204.8c0-6.4-6.4-12.8-12.8-12.8h-22.4c-6.4 0-12.8 6.4-12.8 12.8v134.4c0 6.4 6.4 12.8 12.8 12.8zM496 400H48V80c0-8.84-7.16-16-16-16H16C7.16 64 0 71.16 0 80v336c0 17.67 14.33 32 32 32h464c8.84 0 16-7.16 16-16v-16c0-8.84-7.16-16-16-16zm-387.2-48h22.4c6.4 0 12.8-6.4 12.8-12.8v-70.4c0-6.4-6.4-12.8-12.8-12.8h-22.4c-6.4 0-12.8 6.4-12.8 12.8v70.4c0 6.4 6.4 12.8 12.8 12.8z\" class=\"\"><\/path><\/svg><\/i> <img loading=\"lazy\" decoding=\"async\" width=\"16\" height=\"16\" alt=\"Loading\" src=\"https:\/\/www.raccontinellarete.it\/301\/wp-content\/plugins\/page-views-count\/ajax-loader-2x.gif\" border=0 \/><\/p><div class=\"pvc_clear\"><\/div>","protected":false},"excerpt":{"rendered":"<p>Da dove cominciare, vi chiederete? Dal principio, dall\u2019asilo? Troppo sfocato\u2026 Dalle elementari? Nessuna correlazione\u2026 Dalle medie? Forse, ma nah\u2026 cominciamo dal principio della scuola superiore, il primo anno\u2026 hahaha il lockdown, tutti chiusi in casa a seguire in DAD\u2026 pare passato cos\u00ec tanto tempo\u2026 eppure lo ricordo come se fosse ieri\u2026 tutti confusi, incerti, spaesati\u2026 [&hellip;]<\/p>\n<div class=\"pvc_clear\"><\/div>\n<p id=\"pvc_stats_57272\" class=\"pvc_stats all  \" data-element-id=\"57272\" style=\"\"><i class=\"pvc-stats-icon medium\" aria-hidden=\"true\"><svg aria-hidden=\"true\" focusable=\"false\" data-prefix=\"far\" data-icon=\"chart-bar\" role=\"img\" xmlns=\"http:\/\/www.w3.org\/2000\/svg\" viewBox=\"0 0 512 512\" class=\"svg-inline--fa fa-chart-bar fa-w-16 fa-2x\"><path fill=\"currentColor\" d=\"M396.8 352h22.4c6.4 0 12.8-6.4 12.8-12.8V108.8c0-6.4-6.4-12.8-12.8-12.8h-22.4c-6.4 0-12.8 6.4-12.8 12.8v230.4c0 6.4 6.4 12.8 12.8 12.8zm-192 0h22.4c6.4 0 12.8-6.4 12.8-12.8V140.8c0-6.4-6.4-12.8-12.8-12.8h-22.4c-6.4 0-12.8 6.4-12.8 12.8v198.4c0 6.4 6.4 12.8 12.8 12.8zm96 0h22.4c6.4 0 12.8-6.4 12.8-12.8V204.8c0-6.4-6.4-12.8-12.8-12.8h-22.4c-6.4 0-12.8 6.4-12.8 12.8v134.4c0 6.4 6.4 12.8 12.8 12.8zM496 400H48V80c0-8.84-7.16-16-16-16H16C7.16 64 0 71.16 0 80v336c0 17.67 14.33 32 32 32h464c8.84 0 16-7.16 16-16v-16c0-8.84-7.16-16-16-16zm-387.2-48h22.4c6.4 0 12.8-6.4 12.8-12.8v-70.4c0-6.4-6.4-12.8-12.8-12.8h-22.4c-6.4 0-12.8 6.4-12.8 12.8v70.4c0 6.4 6.4 12.8 12.8 12.8z\" class=\"\"><\/path><\/svg><\/i> <img loading=\"lazy\" decoding=\"async\" width=\"16\" height=\"16\" alt=\"Loading\" src=\"https:\/\/www.raccontinellarete.it\/301\/wp-content\/plugins\/page-views-count\/ajax-loader-2x.gif\" border=0 \/><\/p>\n<div class=\"pvc_clear\"><\/div>\n","protected":false},"author":36446,"featured_media":0,"comment_status":"open","ping_status":"closed","sticky":false,"template":"","format":"standard","meta":{"footnotes":""},"categories":[703],"tags":[743,742,740,741,295,138],"class_list":["post-57272","post","type-post","status-publish","format-standard","hentry","category-premio-racconti-nella-rete-2025","tag-black-humour","tag-monologo","tag-osservazione","tag-sarcasmo","tag-scuola","tag-solitudine"],"_links":{"self":[{"href":"https:\/\/www.raccontinellarete.it\/index.php?rest_route=\/wp\/v2\/posts\/57272"}],"collection":[{"href":"https:\/\/www.raccontinellarete.it\/index.php?rest_route=\/wp\/v2\/posts"}],"about":[{"href":"https:\/\/www.raccontinellarete.it\/index.php?rest_route=\/wp\/v2\/types\/post"}],"author":[{"embeddable":true,"href":"https:\/\/www.raccontinellarete.it\/index.php?rest_route=\/wp\/v2\/users\/36446"}],"replies":[{"embeddable":true,"href":"https:\/\/www.raccontinellarete.it\/index.php?rest_route=%2Fwp%2Fv2%2Fcomments&post=57272"}],"version-history":[{"count":3,"href":"https:\/\/www.raccontinellarete.it\/index.php?rest_route=\/wp\/v2\/posts\/57272\/revisions"}],"predecessor-version":[{"id":57400,"href":"https:\/\/www.raccontinellarete.it\/index.php?rest_route=\/wp\/v2\/posts\/57272\/revisions\/57400"}],"wp:attachment":[{"href":"https:\/\/www.raccontinellarete.it\/index.php?rest_route=%2Fwp%2Fv2%2Fmedia&parent=57272"}],"wp:term":[{"taxonomy":"category","embeddable":true,"href":"https:\/\/www.raccontinellarete.it\/index.php?rest_route=%2Fwp%2Fv2%2Fcategories&post=57272"},{"taxonomy":"post_tag","embeddable":true,"href":"https:\/\/www.raccontinellarete.it\/index.php?rest_route=%2Fwp%2Fv2%2Ftags&post=57272"}],"curies":[{"name":"wp","href":"https:\/\/api.w.org\/{rel}","templated":true}]}}