{"id":57249,"date":"2025-05-29T12:26:41","date_gmt":"2025-05-29T11:26:41","guid":{"rendered":"https:\/\/www.raccontinellarete.it\/?p=57249"},"modified":"2025-05-29T12:27:10","modified_gmt":"2025-05-29T11:27:10","slug":"il-mulino-rosso-di-mondrian-di-giovanna-nilo","status":"publish","type":"post","link":"https:\/\/www.raccontinellarete.it\/?p=57249","title":{"rendered":"Premio Racconti nella Rete 2025 &#8220;Il mulino rosso di Mondrian&#8221; di Giovanna Nilo"},"content":{"rendered":"\n<p>L\u2019arte non \u00e8 mai stata la mia passione, ma qualche giorno fa la mia collega Loredana mi convince a visitare una mostra di Mondrian in un locale della stazione di Milano. Di questo artista so solo che i suoi colori vivaci decorano alcune tazze da caff\u00e8 e da t\u00e8 che possiedo: rosso, blu, giallo\u2026 mi hanno sempre colpita.<br>Di buonora ci dirigiamo in stazione, prendiamo il treno per Milano. Non so cosa mi aspetta. Arrivate a destinazione, ci avviamo verso la mostra e, davanti a noi, una fila interminabile attira la mia attenzione. &lt;&lt;Dobbiamo aspettare?&gt;&gt; chiedo a Loredana, sperando in una risposta diversa. Con disinvoltura, lei mi sorride e mi dice: &lt;&lt;Certo, mia cara! Cosa credi, di saltare la coda? Sapevo che sarebbe stato cos\u00ec, ecco perch\u00e9 ti ho chiesto di partire presto&gt;&gt;. A malincuore, sospiro e rispondo: &lt;&lt;Ok, oggi mi hai fregata&gt;&gt;.<br>&lt;&lt;Spero almeno che valga la pena aspettare e che qualche quadro mi colpisca davvero&gt;&gt;.<\/p>\n\n\n\n<p>Il tempo passa lentamente e dopo due ore finalmente entriamo. Davanti ai nostri occhi, un\u2019esplosione di colori: tantissimi quadri, ma uno in particolare attira la mia attenzione. In molte opere il colore rosso domina: L\u2019Albero Rosso, Il Mulino Rosso di Domburg, paesaggi in cui il rosso gioca un ruolo predominante. Quel colore ha sempre avuto un significato speciale per me: rappresenta la vita e la passione, ma anche il pericolo. E cos\u00ec, senza volerlo, un ricordo lontano riaffiora nella mia mente.<\/p>\n\n\n\n<p>E\u2019 un\u2019estate di tanti anni fa. Mi trovo al mare con mio figlio, fa caldo, e lui vuole un gelato. Ci incamminiamo verso il lido, compriamo il gelato e Andrea si siede a un tavolo per mangiarlo. Gli dico di non muoversi, che torno subito. Poi, all\u2019improvviso, delle grida squarciano l\u2019aria. Dietro il lido, in un angolo, vedo una folla accalcata. Mi avvicino e vedo una donna a terra, un foglio le copre il volto, il corpo riverso su una montagnola di sabbia. Il sole brucia alto nel cielo, il caldo \u00e8 opprimente, e il rumore delle onde si mescola ai mormorii della folla.<br>La scena mi colpisce profondamente: \u00e8 come un quadro, come Il Mulino Rosso di Mondrian. La gente attorno bisbiglia che quella donna \u00e8 la moglie del mugnaio, uccisa per una storia di tradimento. Dicono che il mulino \u00e8 il luogo segreto dove incontrava il suo amante, fino a quando il marito, scoperta la verit\u00e0, ha messo fine alla sua vita. Il vento solleva la sabbia attorno al corpo, mentre i presenti osservano con espressioni sconvolte. Nessuno osa avvicinarsi troppo, come se il tragico destino della donna possa in qualche modo toccarli.<br>A distanza di anni, guardando quel quadro, collego l\u2019immagine al ricordo di quel delitto. Capisco che, come nei dipinti di Mondrian, anche nella vita il rosso non \u00e8 mai solo un colore. \u00c8 un simbolo, una storia, un\u2019emozione che pu\u00f2 evocare passione, amore, ma anche pericolo e tragedia. E in quel momento, tra i colori brillanti della mostra, sento un brivido lungo la schiena, come se il passato mi abbia sfiorata ancora una volta.<\/p>\n<div class=\"pvc_clear\"><\/div><p id=\"pvc_stats_57249\" class=\"pvc_stats all  \" data-element-id=\"57249\" style=\"\"><i class=\"pvc-stats-icon medium\" aria-hidden=\"true\"><svg aria-hidden=\"true\" focusable=\"false\" data-prefix=\"far\" data-icon=\"chart-bar\" role=\"img\" xmlns=\"http:\/\/www.w3.org\/2000\/svg\" viewBox=\"0 0 512 512\" class=\"svg-inline--fa fa-chart-bar fa-w-16 fa-2x\"><path fill=\"currentColor\" d=\"M396.8 352h22.4c6.4 0 12.8-6.4 12.8-12.8V108.8c0-6.4-6.4-12.8-12.8-12.8h-22.4c-6.4 0-12.8 6.4-12.8 12.8v230.4c0 6.4 6.4 12.8 12.8 12.8zm-192 0h22.4c6.4 0 12.8-6.4 12.8-12.8V140.8c0-6.4-6.4-12.8-12.8-12.8h-22.4c-6.4 0-12.8 6.4-12.8 12.8v198.4c0 6.4 6.4 12.8 12.8 12.8zm96 0h22.4c6.4 0 12.8-6.4 12.8-12.8V204.8c0-6.4-6.4-12.8-12.8-12.8h-22.4c-6.4 0-12.8 6.4-12.8 12.8v134.4c0 6.4 6.4 12.8 12.8 12.8zM496 400H48V80c0-8.84-7.16-16-16-16H16C7.16 64 0 71.16 0 80v336c0 17.67 14.33 32 32 32h464c8.84 0 16-7.16 16-16v-16c0-8.84-7.16-16-16-16zm-387.2-48h22.4c6.4 0 12.8-6.4 12.8-12.8v-70.4c0-6.4-6.4-12.8-12.8-12.8h-22.4c-6.4 0-12.8 6.4-12.8 12.8v70.4c0 6.4 6.4 12.8 12.8 12.8z\" class=\"\"><\/path><\/svg><\/i> <img loading=\"lazy\" decoding=\"async\" width=\"16\" height=\"16\" alt=\"Loading\" src=\"https:\/\/www.raccontinellarete.it\/301\/wp-content\/plugins\/page-views-count\/ajax-loader-2x.gif\" border=0 \/><\/p><div class=\"pvc_clear\"><\/div>","protected":false},"excerpt":{"rendered":"<p>L\u2019arte non \u00e8 mai stata la mia passione, ma qualche giorno fa la mia collega Loredana mi convince a visitare una mostra di Mondrian in un locale della stazione di Milano. Di questo artista so solo che i suoi colori vivaci decorano alcune tazze da caff\u00e8 e da t\u00e8 che possiedo: rosso, blu, giallo\u2026 mi [&hellip;]<\/p>\n<div class=\"pvc_clear\"><\/div>\n<p id=\"pvc_stats_57249\" class=\"pvc_stats all  \" data-element-id=\"57249\" style=\"\"><i class=\"pvc-stats-icon medium\" aria-hidden=\"true\"><svg aria-hidden=\"true\" focusable=\"false\" data-prefix=\"far\" data-icon=\"chart-bar\" role=\"img\" xmlns=\"http:\/\/www.w3.org\/2000\/svg\" viewBox=\"0 0 512 512\" class=\"svg-inline--fa fa-chart-bar fa-w-16 fa-2x\"><path fill=\"currentColor\" d=\"M396.8 352h22.4c6.4 0 12.8-6.4 12.8-12.8V108.8c0-6.4-6.4-12.8-12.8-12.8h-22.4c-6.4 0-12.8 6.4-12.8 12.8v230.4c0 6.4 6.4 12.8 12.8 12.8zm-192 0h22.4c6.4 0 12.8-6.4 12.8-12.8V140.8c0-6.4-6.4-12.8-12.8-12.8h-22.4c-6.4 0-12.8 6.4-12.8 12.8v198.4c0 6.4 6.4 12.8 12.8 12.8zm96 0h22.4c6.4 0 12.8-6.4 12.8-12.8V204.8c0-6.4-6.4-12.8-12.8-12.8h-22.4c-6.4 0-12.8 6.4-12.8 12.8v134.4c0 6.4 6.4 12.8 12.8 12.8zM496 400H48V80c0-8.84-7.16-16-16-16H16C7.16 64 0 71.16 0 80v336c0 17.67 14.33 32 32 32h464c8.84 0 16-7.16 16-16v-16c0-8.84-7.16-16-16-16zm-387.2-48h22.4c6.4 0 12.8-6.4 12.8-12.8v-70.4c0-6.4-6.4-12.8-12.8-12.8h-22.4c-6.4 0-12.8 6.4-12.8 12.8v70.4c0 6.4 6.4 12.8 12.8 12.8z\" class=\"\"><\/path><\/svg><\/i> <img loading=\"lazy\" decoding=\"async\" width=\"16\" height=\"16\" alt=\"Loading\" src=\"https:\/\/www.raccontinellarete.it\/301\/wp-content\/plugins\/page-views-count\/ajax-loader-2x.gif\" border=0 \/><\/p>\n<div class=\"pvc_clear\"><\/div>\n","protected":false},"author":36441,"featured_media":0,"comment_status":"open","ping_status":"closed","sticky":false,"template":"","format":"standard","meta":{"footnotes":""},"categories":[703],"tags":[],"class_list":["post-57249","post","type-post","status-publish","format-standard","hentry","category-premio-racconti-nella-rete-2025"],"_links":{"self":[{"href":"https:\/\/www.raccontinellarete.it\/index.php?rest_route=\/wp\/v2\/posts\/57249"}],"collection":[{"href":"https:\/\/www.raccontinellarete.it\/index.php?rest_route=\/wp\/v2\/posts"}],"about":[{"href":"https:\/\/www.raccontinellarete.it\/index.php?rest_route=\/wp\/v2\/types\/post"}],"author":[{"embeddable":true,"href":"https:\/\/www.raccontinellarete.it\/index.php?rest_route=\/wp\/v2\/users\/36441"}],"replies":[{"embeddable":true,"href":"https:\/\/www.raccontinellarete.it\/index.php?rest_route=%2Fwp%2Fv2%2Fcomments&post=57249"}],"version-history":[{"count":3,"href":"https:\/\/www.raccontinellarete.it\/index.php?rest_route=\/wp\/v2\/posts\/57249\/revisions"}],"predecessor-version":[{"id":57363,"href":"https:\/\/www.raccontinellarete.it\/index.php?rest_route=\/wp\/v2\/posts\/57249\/revisions\/57363"}],"wp:attachment":[{"href":"https:\/\/www.raccontinellarete.it\/index.php?rest_route=%2Fwp%2Fv2%2Fmedia&parent=57249"}],"wp:term":[{"taxonomy":"category","embeddable":true,"href":"https:\/\/www.raccontinellarete.it\/index.php?rest_route=%2Fwp%2Fv2%2Fcategories&post=57249"},{"taxonomy":"post_tag","embeddable":true,"href":"https:\/\/www.raccontinellarete.it\/index.php?rest_route=%2Fwp%2Fv2%2Ftags&post=57249"}],"curies":[{"name":"wp","href":"https:\/\/api.w.org\/{rel}","templated":true}]}}