{"id":57242,"date":"2025-05-29T12:08:40","date_gmt":"2025-05-29T11:08:40","guid":{"rendered":"https:\/\/www.raccontinellarete.it\/?p=57242"},"modified":"2025-05-29T12:08:42","modified_gmt":"2025-05-29T11:08:42","slug":"premio-racconti-nella-rete-2025-novantesimo-anniversario-della-liberazione-di-paolo-ceccarelli","status":"publish","type":"post","link":"https:\/\/www.raccontinellarete.it\/?p=57242","title":{"rendered":"Premio Racconti nella Rete 2025 &#8220;Novantesimo anniversario della Liberazione&#8221; di Paolo Ceccarelli"},"content":{"rendered":"\n<h2 class=\"wp-block-heading\"><\/h2>\n\n\n\n<p><\/p>\n\n\n\n<p>Il novantesimo anniversario della Liberazione si avvicinava ed era chiaro che le celebrazioni si sarebbero fatte solo perch\u00e9 si doveva, visto che era cifra tonda, gi\u00e0 dall\u2019anno prossimo, ormai era quasi ufficiale, sarebbe stata abolita la festivit\u00e0 lavorativa e scolastica e solo per il centenario, forse, si sarebbe organizzato qualcosa di serio.<\/p>\n\n\n\n<p>Del resto la senatrice rompiballe era schiattata da un po\u2019 e nessuno se la ricordava e con lei se ne erano andati ed erano stati dimenticati tutti gli ultimi reduci e superstiti vari; a nessuno importava pi\u00f9 di guerre, morti, eroi, eroismi, esempi, eredit\u00e0 e lasciti morali, prevalevano noia e fastidio: i ministri fecero sapere che sarebbero rimasti a Roma e anche i parlamentari locali si scusarono con l\u2019organizzazione ma erano impegnati altrove.<\/p>\n\n\n\n<p>Il Prefetto colse l\u2019aria e visto che si trattava di tempo perso, incaric\u00f2 il suo Vice, subito imitato da tutte le altre autorit\u00e0: l\u2019ennesima piccola vessazione che il Vice a due mesi dalla pensione mand\u00f2 gi\u00f9, come aveva mandato gi\u00f9 tutte le altre, fingendo di non capire il disprezzo che sottintendeva e rassegnandosi al discorso in pubblico, cosa che odiava fare per via della leggera balbuzie e della quasi certa cattiva figura.<\/p>\n\n\n\n<p>La mattina della cerimonia oltre tutto pioveva, non tanto forte da annullare tutto ma abbastanza per dare fastidio. Due mesi alla pensione, pens\u00f2 il Vice, finiamo in fretta.<\/p>\n\n\n\n<p>Alzabandiera accompagnato da inno cantato con mano sul cuore, vigili urbani in uniforme da cerimonia non impeccabile che posano la corona e quindi il Vice nella noia generale ricord\u00f2 come il 16 ottobre 1943 era iniziata, grazie all\u2019alleato germanico, la definitiva liberazione dell\u2019Italia dal giudaismo. Per non sbagliare, anche a due mesi dalla pensione potevano fargli un procedimento, segu\u00ec in maniera ordinata la circolare ministeriale che era arrivata la settimana prima e riuscendo a non balbettare, dopo aver rammentato il peso che il giudaismo aveva sempre rappresentato per l\u2019Italia e i danni che aveva causato allo spirito italiano, condann\u00f2 lo sterile pietismo di certi storici moderni, auspic\u00f2 il futuro superamento delle ormai vetuste divisioni ideologiche che tanti lutti avevano portato al paese grazie alla nefasta azione di agenti giudaici, bolscevichi e liberali e concluse con un ricordo dei martiri che avevano versato il loro sangue nella rivoluzione, nelle guerre e nella resistenza al nemico straniero. Ci fu un accenno di applauso, di nuovo l\u2019inno e torn\u00f2 in ufficio a firmare mandati di pagamento, a piedi visto che, altro piccolo sfregio, avevano richiamato la macchina di servizio.<\/p>\n<div class=\"pvc_clear\"><\/div><p id=\"pvc_stats_57242\" class=\"pvc_stats all  \" data-element-id=\"57242\" style=\"\"><i class=\"pvc-stats-icon medium\" aria-hidden=\"true\"><svg aria-hidden=\"true\" focusable=\"false\" data-prefix=\"far\" data-icon=\"chart-bar\" role=\"img\" xmlns=\"http:\/\/www.w3.org\/2000\/svg\" viewBox=\"0 0 512 512\" class=\"svg-inline--fa fa-chart-bar fa-w-16 fa-2x\"><path fill=\"currentColor\" d=\"M396.8 352h22.4c6.4 0 12.8-6.4 12.8-12.8V108.8c0-6.4-6.4-12.8-12.8-12.8h-22.4c-6.4 0-12.8 6.4-12.8 12.8v230.4c0 6.4 6.4 12.8 12.8 12.8zm-192 0h22.4c6.4 0 12.8-6.4 12.8-12.8V140.8c0-6.4-6.4-12.8-12.8-12.8h-22.4c-6.4 0-12.8 6.4-12.8 12.8v198.4c0 6.4 6.4 12.8 12.8 12.8zm96 0h22.4c6.4 0 12.8-6.4 12.8-12.8V204.8c0-6.4-6.4-12.8-12.8-12.8h-22.4c-6.4 0-12.8 6.4-12.8 12.8v134.4c0 6.4 6.4 12.8 12.8 12.8zM496 400H48V80c0-8.84-7.16-16-16-16H16C7.16 64 0 71.16 0 80v336c0 17.67 14.33 32 32 32h464c8.84 0 16-7.16 16-16v-16c0-8.84-7.16-16-16-16zm-387.2-48h22.4c6.4 0 12.8-6.4 12.8-12.8v-70.4c0-6.4-6.4-12.8-12.8-12.8h-22.4c-6.4 0-12.8 6.4-12.8 12.8v70.4c0 6.4 6.4 12.8 12.8 12.8z\" class=\"\"><\/path><\/svg><\/i> <img loading=\"lazy\" decoding=\"async\" width=\"16\" height=\"16\" alt=\"Loading\" src=\"https:\/\/www.raccontinellarete.it\/301\/wp-content\/plugins\/page-views-count\/ajax-loader-2x.gif\" border=0 \/><\/p><div class=\"pvc_clear\"><\/div>","protected":false},"excerpt":{"rendered":"<p>Il novantesimo anniversario della Liberazione si avvicinava ed era chiaro che le celebrazioni si sarebbero fatte solo perch\u00e9 si doveva, visto che era cifra tonda, gi\u00e0 dall\u2019anno prossimo, ormai era quasi ufficiale, sarebbe stata abolita la festivit\u00e0 lavorativa e scolastica e solo per il centenario, forse, si sarebbe organizzato qualcosa di serio. Del resto la [&hellip;]<\/p>\n<div class=\"pvc_clear\"><\/div>\n<p id=\"pvc_stats_57242\" class=\"pvc_stats all  \" data-element-id=\"57242\" style=\"\"><i class=\"pvc-stats-icon medium\" aria-hidden=\"true\"><svg aria-hidden=\"true\" focusable=\"false\" data-prefix=\"far\" data-icon=\"chart-bar\" role=\"img\" xmlns=\"http:\/\/www.w3.org\/2000\/svg\" viewBox=\"0 0 512 512\" class=\"svg-inline--fa fa-chart-bar fa-w-16 fa-2x\"><path fill=\"currentColor\" d=\"M396.8 352h22.4c6.4 0 12.8-6.4 12.8-12.8V108.8c0-6.4-6.4-12.8-12.8-12.8h-22.4c-6.4 0-12.8 6.4-12.8 12.8v230.4c0 6.4 6.4 12.8 12.8 12.8zm-192 0h22.4c6.4 0 12.8-6.4 12.8-12.8V140.8c0-6.4-6.4-12.8-12.8-12.8h-22.4c-6.4 0-12.8 6.4-12.8 12.8v198.4c0 6.4 6.4 12.8 12.8 12.8zm96 0h22.4c6.4 0 12.8-6.4 12.8-12.8V204.8c0-6.4-6.4-12.8-12.8-12.8h-22.4c-6.4 0-12.8 6.4-12.8 12.8v134.4c0 6.4 6.4 12.8 12.8 12.8zM496 400H48V80c0-8.84-7.16-16-16-16H16C7.16 64 0 71.16 0 80v336c0 17.67 14.33 32 32 32h464c8.84 0 16-7.16 16-16v-16c0-8.84-7.16-16-16-16zm-387.2-48h22.4c6.4 0 12.8-6.4 12.8-12.8v-70.4c0-6.4-6.4-12.8-12.8-12.8h-22.4c-6.4 0-12.8 6.4-12.8 12.8v70.4c0 6.4 6.4 12.8 12.8 12.8z\" class=\"\"><\/path><\/svg><\/i> <img loading=\"lazy\" decoding=\"async\" width=\"16\" height=\"16\" alt=\"Loading\" src=\"https:\/\/www.raccontinellarete.it\/301\/wp-content\/plugins\/page-views-count\/ajax-loader-2x.gif\" border=0 \/><\/p>\n<div class=\"pvc_clear\"><\/div>\n","protected":false},"author":36445,"featured_media":0,"comment_status":"open","ping_status":"closed","sticky":false,"template":"","format":"standard","meta":{"footnotes":""},"categories":[703],"tags":[],"class_list":["post-57242","post","type-post","status-publish","format-standard","hentry","category-premio-racconti-nella-rete-2025"],"_links":{"self":[{"href":"https:\/\/www.raccontinellarete.it\/index.php?rest_route=\/wp\/v2\/posts\/57242"}],"collection":[{"href":"https:\/\/www.raccontinellarete.it\/index.php?rest_route=\/wp\/v2\/posts"}],"about":[{"href":"https:\/\/www.raccontinellarete.it\/index.php?rest_route=\/wp\/v2\/types\/post"}],"author":[{"embeddable":true,"href":"https:\/\/www.raccontinellarete.it\/index.php?rest_route=\/wp\/v2\/users\/36445"}],"replies":[{"embeddable":true,"href":"https:\/\/www.raccontinellarete.it\/index.php?rest_route=%2Fwp%2Fv2%2Fcomments&post=57242"}],"version-history":[{"count":2,"href":"https:\/\/www.raccontinellarete.it\/index.php?rest_route=\/wp\/v2\/posts\/57242\/revisions"}],"predecessor-version":[{"id":57356,"href":"https:\/\/www.raccontinellarete.it\/index.php?rest_route=\/wp\/v2\/posts\/57242\/revisions\/57356"}],"wp:attachment":[{"href":"https:\/\/www.raccontinellarete.it\/index.php?rest_route=%2Fwp%2Fv2%2Fmedia&parent=57242"}],"wp:term":[{"taxonomy":"category","embeddable":true,"href":"https:\/\/www.raccontinellarete.it\/index.php?rest_route=%2Fwp%2Fv2%2Fcategories&post=57242"},{"taxonomy":"post_tag","embeddable":true,"href":"https:\/\/www.raccontinellarete.it\/index.php?rest_route=%2Fwp%2Fv2%2Ftags&post=57242"}],"curies":[{"name":"wp","href":"https:\/\/api.w.org\/{rel}","templated":true}]}}