{"id":57198,"date":"2025-05-28T23:01:43","date_gmt":"2025-05-28T22:01:43","guid":{"rendered":"https:\/\/www.raccontinellarete.it\/?p=57198"},"modified":"2025-05-28T23:01:47","modified_gmt":"2025-05-28T22:01:47","slug":"premio-racconti-nella-rete-2025-dis-percezione-di-elena-barocci","status":"publish","type":"post","link":"https:\/\/www.raccontinellarete.it\/?p=57198","title":{"rendered":"Premio Racconti nella Rete 2025 &#8220;Dis-Percezione&#8221; di Elena Barocci"},"content":{"rendered":"\n<p>Specchio non mente. O forse s\u00ec?<\/p>\n\n\n\n<p>Specchio \u00e8 mio amico, ma non \u00e8 un tipo troppo affabile. \u00c8 il compagno onnipresente delle mie giornate, da sempre, e spesso non fa il bravo.<\/p>\n\n\n\n<p>A volte non voglio guardarlo, cerco di ignorarlo come posso. Abbasso lo sguardo quando gli passo davanti, mi concentro, stringo i denti e la mia fronte si riempie di rughe. Altre volte mi avvicino timidamente per pochi secondi, giusto il tempo necessario affinch\u00e9 io possa controllare di aver abbinato decentemente i vestiti prima di uscire. Poi mi allontano velocemente e cerco di cancellare l\u2019immagine appena intravista dalla mia testa.<\/p>\n\n\n\n<p>Poi, capita che Specchio mi streghi, mi catturi. Mi intrappola, impiego ore intere nel tentativo di ricomporre, da capo, quell\u2019intricato puzzle che scorgo oltre il vetro.<\/p>\n\n\n\n<p>Di mattina, mentre mi sto cambiando per andare in Universit\u00e0, inizia il nostro rito tossico e perverso.<\/p>\n\n\n\n<p>Chi \u00e8 quella l\u00ec? Non la riconosco, io.<\/p>\n\n\n\n<p>Ha gli occhi sbarrati \u2013 ha paura? \u2013 e i capelli sporchi, spettinati, raccolti in uno chignon alto, decisamente poco ordinato. Il naso \u00e8 dritto, proporzionato, ma se lo si guarda per pi\u00f9 di ventinove secondi di fila diventa enorme, si ingigantisce a dismisura. La bocca \u00e8 bella, se rimane chiusa. Ha due labbra carnose di un bel tono rosato che si addice perfettamente all\u2019incarnato, ma i denti sono grandi e un po\u2019 storti, e il sorriso troppo largo, mi sembra inquietante, ha una piega innaturale.<\/p>\n\n\n\n<p>Sfoggio mille versioni differenti di sorrisi, lasciando a Lui decidere la migliore, la pi\u00f9 accettabile. Ma Specchio scuote il capo e dice che sarebbe meglio se non ci provassi affatto, sono pi\u00f9 carina quando non sorrido \u2013 chiudi quella boccaccia!<\/p>\n\n\n\n<p>Poi c\u2019\u00e8 il corpo. Corpo che mi appare come un Picasso mal fatto, mal distribuito. Pezzi sparsi e incoerenti che fluttuano nel riflesso e mutano continuamente. Si restringono e si allargano, non riescono a prendere una ferma decisione. Le gambe mi danno filo da torcere pi\u00f9 di tutto il resto. Le cosce in particolare, e il sedere. C\u2019\u00e8 sempre qualcosa non mi convince. Allora ci riprovo, strizzo gli occhi e mi concentro nuovamente. \u00c8 cambiato qualcosa, \u00e8 vero, ma ora ho notato del tessuto in pi\u00f9, che prima non c\u2019era. Lo stringo tra pollice e indice, se solo avessi con me una gomma da cancellare&#8230;<\/p>\n\n\n\n<p>Questi incontri ravvicinati con Specchio non hanno fatto altro che causarmi problemi. Se devo comprare un paio di pantaloni nuovi vado nel panico pi\u00f9 totale. Cerco di divincolarmi maldestramente tra camerini, taglie \u2013 che ovviamente non azzecco mai \u2013 e cugini crudeli di Specchio, che mi additano e urlano gli insulti pi\u00f9 deplorevoli. Nel caos generale, mi sorge un dubbio atroce: ma io, quanto Spazio occupo nel mondo? Quanto ne dovrei occupare? Quanto me ne servirebbe davvero per starci bella comoda dentro?<\/p>\n\n\n\n<p>In questo triste e frivolo Pianeta delle apparenze, Specchio \u00e8 la mia Narnia nera: vorrei tuffarmi e sparirvi dentro, tornare nel mio uovo. Lui scruta attentamente ogni piega del mio volto, ogni insignificante dettaglio delle mie forme, mi mette totalmente a nudo. Finch\u00e9 non sento il petto pesante, e la nebbia in testa, tanto che sono costretta a sedermi per riprendere fiato.<\/p>\n\n\n\n<p>Ma c\u2019\u00e8 anche un altro osservatore inatteso, silenzioso e insistente, che da un po\u2019 di tempo si \u00e8 accomodato tra le prime file della giuria.<\/p>\n\n\n\n<p>Spesso, capita infatti che un\u2019anziana signora mi stia osservando dal suo balcone, posto esattamente di fronte al mio, mi fissa assiduamente. All\u2019inizio le sorridevo e la salutavo con la mano, ma lei non ha mai ricambiato, non compare mai espressione alcuna sul suo viso, inciso da mille pieghe raggrinzite. Allora, un giorno, mentre continuava imperterrita a seguire coi suoi piccoli occhi curiosi ogni mio movimento attraverso il vetro del finestrone, ho ben deciso di spalancare quest\u2019ultimo e restare per un bel po\u2019 in piedi l\u00ec davanti.<\/p>\n\n\n\n<p><em>In mutande.<\/em><\/p>\n\n\n\n<p>Forse l\u2019ho sconvolta, ha inarcato le sopracciglia, visibilmente contrariata, ed \u00e8 rientrata in casa subito. Ha finalmente visto tutto ci\u00f2 che c\u2019era da vedere, ora non oser\u00e0 mai pi\u00f9 interrompere le mie interminabili sedute con Specchio.<\/p>\n\n\n\n<p>Tanto, il vero occhio resta sempre qui, appeso al muro. E io, ancora una volta, smetto di respirare per guardarmi meglio.<\/p>\n<div class=\"pvc_clear\"><\/div><p id=\"pvc_stats_57198\" class=\"pvc_stats all  \" data-element-id=\"57198\" style=\"\"><i class=\"pvc-stats-icon medium\" aria-hidden=\"true\"><svg aria-hidden=\"true\" focusable=\"false\" data-prefix=\"far\" data-icon=\"chart-bar\" role=\"img\" xmlns=\"http:\/\/www.w3.org\/2000\/svg\" viewBox=\"0 0 512 512\" class=\"svg-inline--fa fa-chart-bar fa-w-16 fa-2x\"><path fill=\"currentColor\" d=\"M396.8 352h22.4c6.4 0 12.8-6.4 12.8-12.8V108.8c0-6.4-6.4-12.8-12.8-12.8h-22.4c-6.4 0-12.8 6.4-12.8 12.8v230.4c0 6.4 6.4 12.8 12.8 12.8zm-192 0h22.4c6.4 0 12.8-6.4 12.8-12.8V140.8c0-6.4-6.4-12.8-12.8-12.8h-22.4c-6.4 0-12.8 6.4-12.8 12.8v198.4c0 6.4 6.4 12.8 12.8 12.8zm96 0h22.4c6.4 0 12.8-6.4 12.8-12.8V204.8c0-6.4-6.4-12.8-12.8-12.8h-22.4c-6.4 0-12.8 6.4-12.8 12.8v134.4c0 6.4 6.4 12.8 12.8 12.8zM496 400H48V80c0-8.84-7.16-16-16-16H16C7.16 64 0 71.16 0 80v336c0 17.67 14.33 32 32 32h464c8.84 0 16-7.16 16-16v-16c0-8.84-7.16-16-16-16zm-387.2-48h22.4c6.4 0 12.8-6.4 12.8-12.8v-70.4c0-6.4-6.4-12.8-12.8-12.8h-22.4c-6.4 0-12.8 6.4-12.8 12.8v70.4c0 6.4 6.4 12.8 12.8 12.8z\" class=\"\"><\/path><\/svg><\/i> <img loading=\"lazy\" decoding=\"async\" width=\"16\" height=\"16\" alt=\"Loading\" src=\"https:\/\/www.raccontinellarete.it\/301\/wp-content\/plugins\/page-views-count\/ajax-loader-2x.gif\" border=0 \/><\/p><div class=\"pvc_clear\"><\/div>","protected":false},"excerpt":{"rendered":"<p>Specchio non mente. O forse s\u00ec? Specchio \u00e8 mio amico, ma non \u00e8 un tipo troppo affabile. \u00c8 il compagno onnipresente delle mie giornate, da sempre, e spesso non fa il bravo. A volte non voglio guardarlo, cerco di ignorarlo come posso. Abbasso lo sguardo quando gli passo davanti, mi concentro, stringo i denti e [&hellip;]<\/p>\n<div class=\"pvc_clear\"><\/div>\n<p id=\"pvc_stats_57198\" class=\"pvc_stats all  \" data-element-id=\"57198\" style=\"\"><i class=\"pvc-stats-icon medium\" aria-hidden=\"true\"><svg aria-hidden=\"true\" focusable=\"false\" data-prefix=\"far\" data-icon=\"chart-bar\" role=\"img\" xmlns=\"http:\/\/www.w3.org\/2000\/svg\" viewBox=\"0 0 512 512\" class=\"svg-inline--fa fa-chart-bar fa-w-16 fa-2x\"><path fill=\"currentColor\" d=\"M396.8 352h22.4c6.4 0 12.8-6.4 12.8-12.8V108.8c0-6.4-6.4-12.8-12.8-12.8h-22.4c-6.4 0-12.8 6.4-12.8 12.8v230.4c0 6.4 6.4 12.8 12.8 12.8zm-192 0h22.4c6.4 0 12.8-6.4 12.8-12.8V140.8c0-6.4-6.4-12.8-12.8-12.8h-22.4c-6.4 0-12.8 6.4-12.8 12.8v198.4c0 6.4 6.4 12.8 12.8 12.8zm96 0h22.4c6.4 0 12.8-6.4 12.8-12.8V204.8c0-6.4-6.4-12.8-12.8-12.8h-22.4c-6.4 0-12.8 6.4-12.8 12.8v134.4c0 6.4 6.4 12.8 12.8 12.8zM496 400H48V80c0-8.84-7.16-16-16-16H16C7.16 64 0 71.16 0 80v336c0 17.67 14.33 32 32 32h464c8.84 0 16-7.16 16-16v-16c0-8.84-7.16-16-16-16zm-387.2-48h22.4c6.4 0 12.8-6.4 12.8-12.8v-70.4c0-6.4-6.4-12.8-12.8-12.8h-22.4c-6.4 0-12.8 6.4-12.8 12.8v70.4c0 6.4 6.4 12.8 12.8 12.8z\" class=\"\"><\/path><\/svg><\/i> <img loading=\"lazy\" decoding=\"async\" width=\"16\" height=\"16\" alt=\"Loading\" src=\"https:\/\/www.raccontinellarete.it\/301\/wp-content\/plugins\/page-views-count\/ajax-loader-2x.gif\" border=0 \/><\/p>\n<div class=\"pvc_clear\"><\/div>\n","protected":false},"author":36434,"featured_media":0,"comment_status":"open","ping_status":"closed","sticky":false,"template":"","format":"standard","meta":{"footnotes":""},"categories":[703],"tags":[350,355,232,47],"class_list":["post-57198","post","type-post","status-publish","format-standard","hentry","category-premio-racconti-nella-rete-2025","tag-luccautori","tag-raccontinellarete","tag-racconti-nella-rete","tag-racconto-breve"],"_links":{"self":[{"href":"https:\/\/www.raccontinellarete.it\/index.php?rest_route=\/wp\/v2\/posts\/57198"}],"collection":[{"href":"https:\/\/www.raccontinellarete.it\/index.php?rest_route=\/wp\/v2\/posts"}],"about":[{"href":"https:\/\/www.raccontinellarete.it\/index.php?rest_route=\/wp\/v2\/types\/post"}],"author":[{"embeddable":true,"href":"https:\/\/www.raccontinellarete.it\/index.php?rest_route=\/wp\/v2\/users\/36434"}],"replies":[{"embeddable":true,"href":"https:\/\/www.raccontinellarete.it\/index.php?rest_route=%2Fwp%2Fv2%2Fcomments&post=57198"}],"version-history":[{"count":3,"href":"https:\/\/www.raccontinellarete.it\/index.php?rest_route=\/wp\/v2\/posts\/57198\/revisions"}],"predecessor-version":[{"id":57324,"href":"https:\/\/www.raccontinellarete.it\/index.php?rest_route=\/wp\/v2\/posts\/57198\/revisions\/57324"}],"wp:attachment":[{"href":"https:\/\/www.raccontinellarete.it\/index.php?rest_route=%2Fwp%2Fv2%2Fmedia&parent=57198"}],"wp:term":[{"taxonomy":"category","embeddable":true,"href":"https:\/\/www.raccontinellarete.it\/index.php?rest_route=%2Fwp%2Fv2%2Fcategories&post=57198"},{"taxonomy":"post_tag","embeddable":true,"href":"https:\/\/www.raccontinellarete.it\/index.php?rest_route=%2Fwp%2Fv2%2Ftags&post=57198"}],"curies":[{"name":"wp","href":"https:\/\/api.w.org\/{rel}","templated":true}]}}