{"id":56763,"date":"2025-05-20T16:10:40","date_gmt":"2025-05-20T15:10:40","guid":{"rendered":"https:\/\/www.raccontinellarete.it\/?p=56763"},"modified":"2025-05-20T16:19:39","modified_gmt":"2025-05-20T15:19:39","slug":"premio-racconti-per-corti-2025-luomo-di-roma-di-maddalena-frangioni","status":"publish","type":"post","link":"https:\/\/www.raccontinellarete.it\/?p=56763","title":{"rendered":"Premio Racconti per Corti 2025 &#8220;L&#8217;uomo di Roma&#8221; di Maddalena Frangioni"},"content":{"rendered":"\n<p>                            <br><\/p>\n\n\n\n<p>Alle ventidue in punto di una fredda sera di novembre l\u2019uomo di Roma arriv\u00f2 nel piccolo paese dell\u2019appennino pistoiese sudato, seccato, arrabbiato dopo aver fatto un lungo giro tra tornanti e dirupi, attraverso torrenti dalle acque agitate. Era in ritardo. Salito di fretta sul palco mostr\u00f2, sotto la luce dei lampioni, la sua faccia larga, dal mento squadrato, il piglio arrogante. Bevve un po\u2019 d\u2019acqua per schiarirsi la gola e cominci\u00f2 il suo discorso. \u201cConcittadini, \u00e8 da tempo che nel nostro Paese accadono le cose pi\u00f9 strane. Esseri venuti da tanto lontano, con volti scuri e minacciosi attentano alle nostre case e alla nostra vita. In guardia! Io sono qui a difendervi tutti. Se mi voterete non vi pentirete\u201d.<\/p>\n\n\n\n<p>L\u2019uomo di Roma si ferm\u00f2, in attesa di sentire dalla platea un applauso, una risposta, insomma un cenno di consenso. Non arrivando agli orecchi n\u00e9 un fischio, n\u00e9 un battito di mani, n\u00e9 un\u2019ingiuria, o un complimento, impallid\u00ec. Una forte agitazione lo prese. Siccome il buio impediva la vista di ci\u00f2 che gli stava davanti, un dubbio atroce gli attravers\u00f2 la testa. Possibile che il pubblico fosse tanto compito e rispettoso. Continu\u00f2, l\u2019eco delle sue forti parole rimbalz\u00f2 nell\u2019immobile notte. Niente, dalla piazza non arriv\u00f2 nulla Allora l\u2019uomo, scese dal palco per andare a vedere cosa c\u2019era l\u00e0 sotto. Voleva scongiurare la strana sensazione che sotto il palco non ci fosse nessuno. No, sarebbe stato troppo! Il buio era davvero totale, si distingueva appena la sagoma del campanile.<\/p>\n\n\n\n<p>L\u2019uomo di Roma lasci\u00f2 il palco e avanz\u00f2 dapprima con cautela stando bene attento a dove mettere i piedi, poi, pi\u00f9 spedito, tent\u00f2 di fare il giro della piazza. A un tratto in quel buio indistinto sent\u00ec una mano poggiarsi sulla sua spalla. Si volt\u00f2 di scatto, tent\u00f2 di vedere. Perch\u00e9 quella mano e quel volto sembravano essere tanto invisibili? In un italiano stentato, la mano cerc\u00f2 di calmarlo. Inutile, l\u2019uomo non riusciva a calmarsi. Aveva ragione, l\u00e0, nella piazza, non c\u2019erano i paesani, quelli col viso e le mani bianche, ma solo volti neri e teste ricciute. L\u2019uomo ebbe paura, temeva per la sua gola e pensava alla famiglia lontana, esposta all\u2019insicurezza. Di scatto fece un salto, risal\u00ec velocemente sul palco e presa la borsa e il cappotto raggiunse l\u2019autista. Voleva far presto e fuggire.<\/p>\n\n\n\n<p>L\u2019autista, nell\u2019aprire la portiera e farlo salire, disse laconicamente che era da tanto tempo che il paese era stato abbandonato dai giovani in cerca di lavoro in un altro Paese. Peccato che a Roma non glielo avessero detto. In paese, da tempo, erano arrivati i migranti, tanti migranti neri a lavorare nei campi abbandonati. Quei giovani scuri senza pi\u00f9 una patria e una terra, si erano mescolati ai vecchi e alle donne. Ora sapeva, aveva toccato con mano la verit\u00e0. Il paese non aveva bisogno di lui. Preoccupato e ammutolito, fece cenno all\u2019autista di partire. L\u2019auto, a velocit\u00e0 sostenuta, scomparve nella notte pi\u00f9 tetra. Nessuno seppe pi\u00f9 nulla di lui.<\/p>\n<div class=\"pvc_clear\"><\/div><p id=\"pvc_stats_56763\" class=\"pvc_stats all  \" data-element-id=\"56763\" style=\"\"><i class=\"pvc-stats-icon medium\" aria-hidden=\"true\"><svg aria-hidden=\"true\" focusable=\"false\" data-prefix=\"far\" data-icon=\"chart-bar\" role=\"img\" xmlns=\"http:\/\/www.w3.org\/2000\/svg\" viewBox=\"0 0 512 512\" class=\"svg-inline--fa fa-chart-bar fa-w-16 fa-2x\"><path fill=\"currentColor\" d=\"M396.8 352h22.4c6.4 0 12.8-6.4 12.8-12.8V108.8c0-6.4-6.4-12.8-12.8-12.8h-22.4c-6.4 0-12.8 6.4-12.8 12.8v230.4c0 6.4 6.4 12.8 12.8 12.8zm-192 0h22.4c6.4 0 12.8-6.4 12.8-12.8V140.8c0-6.4-6.4-12.8-12.8-12.8h-22.4c-6.4 0-12.8 6.4-12.8 12.8v198.4c0 6.4 6.4 12.8 12.8 12.8zm96 0h22.4c6.4 0 12.8-6.4 12.8-12.8V204.8c0-6.4-6.4-12.8-12.8-12.8h-22.4c-6.4 0-12.8 6.4-12.8 12.8v134.4c0 6.4 6.4 12.8 12.8 12.8zM496 400H48V80c0-8.84-7.16-16-16-16H16C7.16 64 0 71.16 0 80v336c0 17.67 14.33 32 32 32h464c8.84 0 16-7.16 16-16v-16c0-8.84-7.16-16-16-16zm-387.2-48h22.4c6.4 0 12.8-6.4 12.8-12.8v-70.4c0-6.4-6.4-12.8-12.8-12.8h-22.4c-6.4 0-12.8 6.4-12.8 12.8v70.4c0 6.4 6.4 12.8 12.8 12.8z\" class=\"\"><\/path><\/svg><\/i> <img loading=\"lazy\" decoding=\"async\" width=\"16\" height=\"16\" alt=\"Loading\" src=\"https:\/\/www.raccontinellarete.it\/301\/wp-content\/plugins\/page-views-count\/ajax-loader-2x.gif\" border=0 \/><\/p><div class=\"pvc_clear\"><\/div>","protected":false},"excerpt":{"rendered":"<p>Alle ventidue in punto di una fredda sera di novembre l\u2019uomo di Roma arriv\u00f2 nel piccolo paese dell\u2019appennino pistoiese sudato, seccato, arrabbiato dopo aver fatto un lungo giro tra tornanti e dirupi, attraverso torrenti dalle acque agitate. Era in ritardo. Salito di fretta sul palco mostr\u00f2, sotto la luce dei lampioni, la sua faccia larga, [&hellip;]<\/p>\n<div class=\"pvc_clear\"><\/div>\n<p id=\"pvc_stats_56763\" class=\"pvc_stats all  \" data-element-id=\"56763\" style=\"\"><i class=\"pvc-stats-icon medium\" aria-hidden=\"true\"><svg aria-hidden=\"true\" focusable=\"false\" data-prefix=\"far\" data-icon=\"chart-bar\" role=\"img\" xmlns=\"http:\/\/www.w3.org\/2000\/svg\" viewBox=\"0 0 512 512\" class=\"svg-inline--fa fa-chart-bar fa-w-16 fa-2x\"><path fill=\"currentColor\" d=\"M396.8 352h22.4c6.4 0 12.8-6.4 12.8-12.8V108.8c0-6.4-6.4-12.8-12.8-12.8h-22.4c-6.4 0-12.8 6.4-12.8 12.8v230.4c0 6.4 6.4 12.8 12.8 12.8zm-192 0h22.4c6.4 0 12.8-6.4 12.8-12.8V140.8c0-6.4-6.4-12.8-12.8-12.8h-22.4c-6.4 0-12.8 6.4-12.8 12.8v198.4c0 6.4 6.4 12.8 12.8 12.8zm96 0h22.4c6.4 0 12.8-6.4 12.8-12.8V204.8c0-6.4-6.4-12.8-12.8-12.8h-22.4c-6.4 0-12.8 6.4-12.8 12.8v134.4c0 6.4 6.4 12.8 12.8 12.8zM496 400H48V80c0-8.84-7.16-16-16-16H16C7.16 64 0 71.16 0 80v336c0 17.67 14.33 32 32 32h464c8.84 0 16-7.16 16-16v-16c0-8.84-7.16-16-16-16zm-387.2-48h22.4c6.4 0 12.8-6.4 12.8-12.8v-70.4c0-6.4-6.4-12.8-12.8-12.8h-22.4c-6.4 0-12.8 6.4-12.8 12.8v70.4c0 6.4 6.4 12.8 12.8 12.8z\" class=\"\"><\/path><\/svg><\/i> <img loading=\"lazy\" decoding=\"async\" width=\"16\" height=\"16\" alt=\"Loading\" src=\"https:\/\/www.raccontinellarete.it\/301\/wp-content\/plugins\/page-views-count\/ajax-loader-2x.gif\" border=0 \/><\/p>\n<div class=\"pvc_clear\"><\/div>\n","protected":false},"author":615,"featured_media":0,"comment_status":"open","ping_status":"closed","sticky":false,"template":"","format":"standard","meta":{"footnotes":""},"categories":[704],"tags":[722,633,723],"class_list":["post-56763","post","type-post","status-publish","format-standard","hentry","category-premio-racconti-per-corti-2025","tag-comizio","tag-migranti","tag-paese"],"_links":{"self":[{"href":"https:\/\/www.raccontinellarete.it\/index.php?rest_route=\/wp\/v2\/posts\/56763"}],"collection":[{"href":"https:\/\/www.raccontinellarete.it\/index.php?rest_route=\/wp\/v2\/posts"}],"about":[{"href":"https:\/\/www.raccontinellarete.it\/index.php?rest_route=\/wp\/v2\/types\/post"}],"author":[{"embeddable":true,"href":"https:\/\/www.raccontinellarete.it\/index.php?rest_route=\/wp\/v2\/users\/615"}],"replies":[{"embeddable":true,"href":"https:\/\/www.raccontinellarete.it\/index.php?rest_route=%2Fwp%2Fv2%2Fcomments&post=56763"}],"version-history":[{"count":3,"href":"https:\/\/www.raccontinellarete.it\/index.php?rest_route=\/wp\/v2\/posts\/56763\/revisions"}],"predecessor-version":[{"id":56855,"href":"https:\/\/www.raccontinellarete.it\/index.php?rest_route=\/wp\/v2\/posts\/56763\/revisions\/56855"}],"wp:attachment":[{"href":"https:\/\/www.raccontinellarete.it\/index.php?rest_route=%2Fwp%2Fv2%2Fmedia&parent=56763"}],"wp:term":[{"taxonomy":"category","embeddable":true,"href":"https:\/\/www.raccontinellarete.it\/index.php?rest_route=%2Fwp%2Fv2%2Fcategories&post=56763"},{"taxonomy":"post_tag","embeddable":true,"href":"https:\/\/www.raccontinellarete.it\/index.php?rest_route=%2Fwp%2Fv2%2Ftags&post=56763"}],"curies":[{"name":"wp","href":"https:\/\/api.w.org\/{rel}","templated":true}]}}