{"id":56761,"date":"2025-05-21T17:51:23","date_gmt":"2025-05-21T16:51:23","guid":{"rendered":"https:\/\/www.raccontinellarete.it\/?p=56761"},"modified":"2025-05-21T17:51:24","modified_gmt":"2025-05-21T16:51:24","slug":"premio-racconti-nella-rete-2025-1200-km-da-firenze-alloceano-di-federico-benedetti","status":"publish","type":"post","link":"https:\/\/www.raccontinellarete.it\/?p=56761","title":{"rendered":"Premio Racconti nella Rete 2025 &#8220;1200 km da Firenze all&#8217;oceano&#8221; di Federico Benedetti"},"content":{"rendered":"\n<p><\/p>\n\n\n\n<p>Ricordo che quell\u2019anno per le vacanze estive mi organizzai per tempo. Comprai una guida della Lonely Planet, destinazione Francia del sud!&nbsp;&nbsp; La meta principale la dune de Pilat sull\u2019oceano Atlantico. Anni prima ricordo che ne rimasi impressionato leggendo un articolo di questa zona.<\/p>\n\n\n\n<p>E cos\u00ec, verso primavera avevo studiato tutto il giro, i paesi da visitare, avevo calcolato il percorso con una vecchia mappa dell\u2019Europa: 1200 km, da Firenze all\u2019oceano. Finalmente arriva agosto, mese delle vacanze per noi come per molti. Avevo deciso di fare una deviazione fermandoci in Garfagnana, passando poi per Castelnuovo, &nbsp;Arni&nbsp; e scendere gi\u00f9 a Massa per riprendere l\u2019autostrada per poi fermarci a Nizza.<\/p>\n\n\n\n<p>Arriviamo nel pomeriggio, usciamo a Ez\u00e8, piccolo borgo medioevale prima della citt\u00e0. Il panorama lungo la corniques sul mare \u00e8 magnifico. Nizza, curiosa citt\u00e0 della costa Azzurra, la promenade, la baia des angles, le viuzze del centro storico che ricordano qualche paesino ligure, le colorate fontane sulla piazza.<\/p>\n\n\n\n<p>La tappa successiva \u00e8 Arles, citt\u00e0 della Provenza sul delta del Rodano. Lungo il percorso ci fermiamo a Cannes, per un bagno in mare e per vedere il paese del famoso Festival.<\/p>\n\n\n\n<p>Le Cloatre \u00e8 un bellissimo B&amp;B nel centro di Arles a due passi dall\u2019anfiteatro Romano. La finestra della camera si affacciava verso il teatro e quella sera c\u2019era un concerto di musica Celtica, che ci siamo gustati comodamente abbracciati nel letto. Il giorno seguente, dopo una rilassante colazione partiamo alla scoperta della Provenza! Avignone, la citt\u00e0 dei Papi, le Pont du Garde lo spettacolare acquedotto romano, oggi inserito in un parco museo visitato da milioni di turisti.<\/p>\n\n\n\n<p>Sul fiume \u00e8 possibile fare kajak, noleggiando le imbarcazioni lungo il corso, oppure semplicemente farvi il bagno nelle gelide acque, anche in agosto! In serata cena con crepes nel borgo di Istres. Le &nbsp;piccole strade del centro di Arles, illuminate da fievoli luci, sono molto suggestive. Dietro ad ogni angolo hai la sensazione di poter scoprire qualcosa di nuovo. Quella sera il vento ci accompagnava nel nostro giro spingendoci fino agli argini del Rodano. Lungo le sponde ci sono dei barconi, qui il fiume \u00e8 molto largo e navigabile. La mattina successiva siamo a Santa Marie de La Mer, in piena Camargue.<\/p>\n\n\n\n<p>Attraversiamo il paese turisticissimo ma che comunque merita di essere visitato. Le bancarelle di souvenir&nbsp; vendevano di tutto di pi\u00f9, anche le statuine di Pinocchio!<\/p>\n\n\n\n<p>Arriviamo a una chiesa, dove da poco era terminata la funzione religiosa, rimaniamo impressionati nel visitare la cripta. C\u2019era una madonna nera in quell\u2019antro piccolo e angusto, un\u2019aria irrespirabile per le centinaia di candele accese! Decidiamo che \u00e8 ora di ripartire, anche perch\u00e9 in serata volevamo arrivare&nbsp; a Carcassonne. Ci aspettavano diverse ore di viaggio.<\/p>\n\n\n\n<p>&nbsp;Ricordo ancora che quando la sera a casa, prima di andare a dormire, sfogliavo la mia enciclopedia geografica illustrata, appena mi si apr\u00ec davanti la pagina con la foto del borgo medioevale, pensai l\u00ec per li che fosse un dipinto, ma non era cos\u00ec, era veramente Carcassonne! A mano a mano che ci avviciniamo, le enormi mura si fanno sempre pi\u00f9 grandi, e sotto una lunga fila di persone che entrava e usciva. Eravamo eccitati come due bambini che stanno per entrare in un parco giochi! Eccoci nella calca di gente, mano nella mano per la paura di perderci oltre che per sentire il contatto. Avevamo prenotato in un ostello all\u2019interno del borgo. Il sole andando via si era portato con s\u00e9 molti turisti, erano rimasti solamente quelli che pernottavano nella cittadella.<\/p>\n\n\n\n<p>Il giorno seguente ci aspettava la tappa pi\u00f9 lunga del viaggio. Cos\u00ec, dopo una giornata passata in macchina, prima di proseguire per Bordeaux, decidiamo di fermarci a dormire in un Etap a Toulose, per ripartire il mattino seguente riposati. \u00c8 sera inoltrata e siamo nell\u2019Etap, una catena economica di hotel. Touluse \u00e8 veramente grande e d\u2019impronta industriale. Alla periferia si trova anche un parco tematico scientifico sullo spazio.<\/p>\n\n\n\n<p>Dopo diverse ore di viaggio arriviamo nel pomeriggio ad Archacon, cittadina balneare sulla costa atlantica. Hotel la Paix, grazioso posto scelto a caso sulla guida Lonely Planet, ci ospiter\u00e0 per ben 3 giorni!<\/p>\n\n\n\n<p>Sono molto graziosi gli alberghi a conduzione familiare. La signora, carinissima, vestita come una ragazzina degli anni \u201950! Una ripida scala in legno scricchiolante ci porta al piano primo alla nostra camera. Appena entrati modifichiamo la disposizione dell\u2019arredamento, i 2 letti separati si uniscono, anche se con il taglio a mezzo, molto bello inoltre il bagno in camera, creato con un paravento in pvc a tutta altezza.<\/p>\n\n\n\n<p>Avevamo concordato con la signora la formula di mezza pensione, in quanto il posto funzionava anche da ristorante. La prima sera a cena la sala era quasi completa fra i clienti delle camere e gli altri turisti venuti da fuori. Il mattino dopo non stavo pi\u00f9 nella pelle! Saremo andati alla Dune de Pilat! Colazione e via! La strada che porta alla duna si sviluppa lungo la costa atlantica, da Archacon in direzione sud. Ci fermiamo in una spiaggia, da li si poteva vedere interamente la duna, in quanto una volta salita sopra, non si sarebbe pi\u00f9 vista nella sua interezza. Questo fenomeno di deposizione della sabbia \u00e8 dovuto principalmente alle correnti del bacino. La duna \u00e8 tutt\u2019ora in crescente aumento, la sua altezza \u00e8 di circa 1000 metri ed il fenomeno sta avanzando verso l\u2019entroterra. Ha gi\u00e0 divorato&nbsp; un campeggio, un albergo e centinaia di metri quadri di pineta. La duna \u00e8 una vera attrazione che richiama turisti di ogni parte. Non vedevo l\u2019ora di salire sulla cima! La giornata era bellissima, nemmeno uno nuvola! Ero emozionato! &nbsp;La strada che porta all\u2019inizio della salita era piena di bancarelle con souvenir di ogni tipo (si ritrova Pinocchio) ma non ne guardavo nemmeno una, il mio obiettivo era andare sulla duna.<\/p>\n\n\n\n<p>Ed eccoci ai suoi piedi, un imponente volume di sabbia sopra di noi. Un attimo di pausa per preparaci psicologicamente, ci togliamo le scarpe, ci incremiamo bene, sistemiamo gli zaini in spalla, infilo gli occhiali e il cappellino, prendo Lucia per mano e vai, si parte!<\/p>\n\n\n\n<p>Con qualche sforzo riusciamo ad arrivare in cima, sul punto pi\u00f9 alto della duna, un panorama mozzafiato a 360\u00b0! E sotto di noi l\u2019oceano atlantico.<\/p>\n\n\n\n<p>Da qui in poi sento la voglia di correre, io come altri, corriamo come dei pazzi gi\u00f9 per quella discesa di sabbia, saltare e affondare nel morbido battendo i record&nbsp; di salto in lungo! .<\/p>\n\n\n\n<p>Dopo qualche ora trascorsa sulla piccola spiaggia e dopo esserci fatti un bagno nelle gelide acque dell\u2019oceano, e soprattutto dopo che l\u2019alta marea ci aveva fatto arretrare pi\u00f9 volte con l\u2019asciugamano, siamo venuti via.<\/p>\n\n\n\n<p>Il mattino seguente carichiamo i bagagli in macchina, ormai ci eravamo fatti un esperienza di come sistemare bene e in modo veloce le valigie. Metto in moto e si riparte, destinazione Saint Emilion! Qui siamo nelle campagne a circa 40 km a est da Bordeaux, i vigneti di questa zona sono entrati a far parte del patrimonio dell\u2019Unesco. Dopo un breve giro nel borgo medioevale, riprendiamo il nostro viaggio e poco dopo ci fermiamo in un bel centro commerciale francese, cos\u00ec facciamo spesa di prodotti tipici, ma soprattutto scorta di vini!<\/p>\n\n\n\n<p>Dopo un po di km ci fermiamo in un piccolo paesino nella valle della Dordogne, a Montignac, chiediamo di un albergo se avesse posto per quella notte. Tutto il borgo ha un fascino d\u2019altri tempi, una signora ci accompagna alla camera, dotata di bagno, un letto altissimo, carta da parati e batjour a forma di medusa. Ci cambiamo vestiti di tutto punto e andiamo a cena nel ristorante dell\u2019albergo. E cos\u00ec, serviti da un giovane cameriere che conosceva qualche parola d\u2019inglese, assaggiamo piatti tipici locali come il foa gras e altre specialit\u00e0, tutte accompagnate da un buon vino rosso.<\/p>\n\n\n\n<p>La mattina successiva si parte alla scoperta della valle della Dordogne. Molto bella questa zona della Francia, assomiglia in parte a dove vivevo con la mia famiglia. Campi, boschi, villaggi sparsi e castelli lungo il fiume con magnifici giardini. Montignac \u00e8 divenuto famoso perch\u00e9 vicino al paese vennero scoperte delle grotte rupestri, fino ad oggi ben conservate, le grotte di Lescaux. Pranzo al sacco con baguette e prosciutto comprate in un alimentari, breve giro in canoa sul fiume e si riparte, destinazione le Mont d\u2019ORE. Arriviamo tardissimo all\u2019ostello che avevamo prenotato per telefono prima della partenza. Siamo stanchissimi. Questa catena di ostelli della giovent\u00f9, la Youth International mi piace molto, sono comodi, colorati e dall\u2019atmosfera familiare. Nell\u2019ostello c\u2019\u00e8 anche una cucina a comune. Il giorno avevamo comprato dei pomodori e appena sistemato i bagagli in camera, ci siamo messi a cucinare degli spaghetti. Erano gi\u00e0 un bel po\u2019 di giorni che non ci concedevamo un piatto italiano. Le Mont d\u2019Ore \u00e8 una localit\u00e0 di montagna situata nel cuore del massiccio centrale. D\u2019estate ci vengono i turisti appassionati di trekking o solamente quelli che si vogliono concedere una vacanza in pieno relax a contatto con la natura. D\u2019inverno invece \u00e8 patria dello sci. Adesso gli impianti sono fermi. Il paesino \u00e8 anche centro termale, l\u2019ostello si trova proprio in fondo al paese, oltrepassate le ultime case, sotto alla montagna. Dopo cena siamo usciti fuori e nonostante fosse pieno agosto, l\u2019aria era frizzante e sopra di noi un magnifico cielo stellato. Con dispiacere rimettiamo i nostri bagagli in macchina, pensando che quell\u2019operazione l\u2019avremmo fatta per altre poche volte. Sull\u2019ora di pranzo arriviamo a Clermont Ferrand, decidiamo comunque di fermarsi e visitare questa piccola cittadina fra le montagne. L\u2019aria \u00e8 fresca. La cosa che mi ha colpito di pi\u00f9 \u00e8 stata il colore delle vecchie case e delle chiese, tutte grigie, di pietra lavica, confluivano un aspetto austero alla cittadina. Nella serata volevamo arrivare a Lione, la nostra ultima tappa francese prima di rientrare in Italia. Il soggiorno \u00e8 di due notti, il che voleva dire due sere a Lione, quella d\u2019arrivo compreso. La sera facciamo un piccolo giro nella grande citt\u00e0, mangiamo un kebab e poi a nanna! Il giorno seguente pioveva, che peccato, ci sarebbe piaciuto prendere delle bici a noleggio e invece a piedi anche oggi. Il pomeriggio lo passiamo a visitare il vecchio quartiere della croce rossa che si trova sulla collina. E poi i due fiumi che passano da Lione. Ormai l\u2019anello era quasi chiuso, Lucia ed io ci guardavamo soddisfatti per i giorni trascorsi insieme e per questa magnifica avventura!<\/p>\n\n\n\n<p><\/p>\n\n\n\n<p><\/p>\n<div class=\"pvc_clear\"><\/div><p id=\"pvc_stats_56761\" class=\"pvc_stats all  \" data-element-id=\"56761\" style=\"\"><i class=\"pvc-stats-icon medium\" aria-hidden=\"true\"><svg aria-hidden=\"true\" focusable=\"false\" data-prefix=\"far\" data-icon=\"chart-bar\" role=\"img\" xmlns=\"http:\/\/www.w3.org\/2000\/svg\" viewBox=\"0 0 512 512\" class=\"svg-inline--fa fa-chart-bar fa-w-16 fa-2x\"><path fill=\"currentColor\" d=\"M396.8 352h22.4c6.4 0 12.8-6.4 12.8-12.8V108.8c0-6.4-6.4-12.8-12.8-12.8h-22.4c-6.4 0-12.8 6.4-12.8 12.8v230.4c0 6.4 6.4 12.8 12.8 12.8zm-192 0h22.4c6.4 0 12.8-6.4 12.8-12.8V140.8c0-6.4-6.4-12.8-12.8-12.8h-22.4c-6.4 0-12.8 6.4-12.8 12.8v198.4c0 6.4 6.4 12.8 12.8 12.8zm96 0h22.4c6.4 0 12.8-6.4 12.8-12.8V204.8c0-6.4-6.4-12.8-12.8-12.8h-22.4c-6.4 0-12.8 6.4-12.8 12.8v134.4c0 6.4 6.4 12.8 12.8 12.8zM496 400H48V80c0-8.84-7.16-16-16-16H16C7.16 64 0 71.16 0 80v336c0 17.67 14.33 32 32 32h464c8.84 0 16-7.16 16-16v-16c0-8.84-7.16-16-16-16zm-387.2-48h22.4c6.4 0 12.8-6.4 12.8-12.8v-70.4c0-6.4-6.4-12.8-12.8-12.8h-22.4c-6.4 0-12.8 6.4-12.8 12.8v70.4c0 6.4 6.4 12.8 12.8 12.8z\" class=\"\"><\/path><\/svg><\/i> <img loading=\"lazy\" decoding=\"async\" width=\"16\" height=\"16\" alt=\"Loading\" src=\"https:\/\/www.raccontinellarete.it\/301\/wp-content\/plugins\/page-views-count\/ajax-loader-2x.gif\" border=0 \/><\/p><div class=\"pvc_clear\"><\/div>","protected":false},"excerpt":{"rendered":"<p>Ricordo che quell\u2019anno per le vacanze estive mi organizzai per tempo. Comprai una guida della Lonely Planet, destinazione Francia del sud!&nbsp;&nbsp; La meta principale la dune de Pilat sull\u2019oceano Atlantico. Anni prima ricordo che ne rimasi impressionato leggendo un articolo di questa zona. E cos\u00ec, verso primavera avevo studiato tutto il giro, i paesi da [&hellip;]<\/p>\n<div class=\"pvc_clear\"><\/div>\n<p id=\"pvc_stats_56761\" class=\"pvc_stats all  \" data-element-id=\"56761\" style=\"\"><i class=\"pvc-stats-icon medium\" aria-hidden=\"true\"><svg aria-hidden=\"true\" focusable=\"false\" data-prefix=\"far\" data-icon=\"chart-bar\" role=\"img\" xmlns=\"http:\/\/www.w3.org\/2000\/svg\" viewBox=\"0 0 512 512\" class=\"svg-inline--fa fa-chart-bar fa-w-16 fa-2x\"><path fill=\"currentColor\" d=\"M396.8 352h22.4c6.4 0 12.8-6.4 12.8-12.8V108.8c0-6.4-6.4-12.8-12.8-12.8h-22.4c-6.4 0-12.8 6.4-12.8 12.8v230.4c0 6.4 6.4 12.8 12.8 12.8zm-192 0h22.4c6.4 0 12.8-6.4 12.8-12.8V140.8c0-6.4-6.4-12.8-12.8-12.8h-22.4c-6.4 0-12.8 6.4-12.8 12.8v198.4c0 6.4 6.4 12.8 12.8 12.8zm96 0h22.4c6.4 0 12.8-6.4 12.8-12.8V204.8c0-6.4-6.4-12.8-12.8-12.8h-22.4c-6.4 0-12.8 6.4-12.8 12.8v134.4c0 6.4 6.4 12.8 12.8 12.8zM496 400H48V80c0-8.84-7.16-16-16-16H16C7.16 64 0 71.16 0 80v336c0 17.67 14.33 32 32 32h464c8.84 0 16-7.16 16-16v-16c0-8.84-7.16-16-16-16zm-387.2-48h22.4c6.4 0 12.8-6.4 12.8-12.8v-70.4c0-6.4-6.4-12.8-12.8-12.8h-22.4c-6.4 0-12.8 6.4-12.8 12.8v70.4c0 6.4 6.4 12.8 12.8 12.8z\" class=\"\"><\/path><\/svg><\/i> <img loading=\"lazy\" decoding=\"async\" width=\"16\" height=\"16\" alt=\"Loading\" src=\"https:\/\/www.raccontinellarete.it\/301\/wp-content\/plugins\/page-views-count\/ajax-loader-2x.gif\" border=0 \/><\/p>\n<div class=\"pvc_clear\"><\/div>\n","protected":false},"author":35085,"featured_media":0,"comment_status":"open","ping_status":"closed","sticky":false,"template":"","format":"standard","meta":{"footnotes":""},"categories":[703],"tags":[],"class_list":["post-56761","post","type-post","status-publish","format-standard","hentry","category-premio-racconti-nella-rete-2025"],"_links":{"self":[{"href":"https:\/\/www.raccontinellarete.it\/index.php?rest_route=\/wp\/v2\/posts\/56761"}],"collection":[{"href":"https:\/\/www.raccontinellarete.it\/index.php?rest_route=\/wp\/v2\/posts"}],"about":[{"href":"https:\/\/www.raccontinellarete.it\/index.php?rest_route=\/wp\/v2\/types\/post"}],"author":[{"embeddable":true,"href":"https:\/\/www.raccontinellarete.it\/index.php?rest_route=\/wp\/v2\/users\/35085"}],"replies":[{"embeddable":true,"href":"https:\/\/www.raccontinellarete.it\/index.php?rest_route=%2Fwp%2Fv2%2Fcomments&post=56761"}],"version-history":[{"count":4,"href":"https:\/\/www.raccontinellarete.it\/index.php?rest_route=\/wp\/v2\/posts\/56761\/revisions"}],"predecessor-version":[{"id":56914,"href":"https:\/\/www.raccontinellarete.it\/index.php?rest_route=\/wp\/v2\/posts\/56761\/revisions\/56914"}],"wp:attachment":[{"href":"https:\/\/www.raccontinellarete.it\/index.php?rest_route=%2Fwp%2Fv2%2Fmedia&parent=56761"}],"wp:term":[{"taxonomy":"category","embeddable":true,"href":"https:\/\/www.raccontinellarete.it\/index.php?rest_route=%2Fwp%2Fv2%2Fcategories&post=56761"},{"taxonomy":"post_tag","embeddable":true,"href":"https:\/\/www.raccontinellarete.it\/index.php?rest_route=%2Fwp%2Fv2%2Ftags&post=56761"}],"curies":[{"name":"wp","href":"https:\/\/api.w.org\/{rel}","templated":true}]}}