{"id":56483,"date":"2025-05-02T12:37:05","date_gmt":"2025-05-02T11:37:05","guid":{"rendered":"https:\/\/www.raccontinellarete.it\/?p=56483"},"modified":"2025-05-19T23:28:32","modified_gmt":"2025-05-19T22:28:32","slug":"salone-del-libro-di-torino-domenica-18-maggio-alle-17-30-racconti-nella-rete-allo-stand-della-regione-toscana","status":"publish","type":"post","link":"https:\/\/www.raccontinellarete.it\/?p=56483","title":{"rendered":"Salone del libro di Torino. Domenica 18 maggio alle 17.30 Racconti nella Rete allo stand della Regione Toscana"},"content":{"rendered":"\n<p>Salone del libro di Torino &#8211; Domenica 18 maggio alle 17.30 presso lo stand della Regione Toscana il presidente del premio Racconti nella Rete, Demetrio Brandi, parler\u00e0 della nuova edizione del concorso che termina a fine mese e delle attivit\u00e0 collegate al 31^ festival LuccAutori in programma a Lucca dal 3 al 19 ottobre. Verr\u00e0 proiettato un breve filmato relativo alla scorsa edizione del festival con la premiazione dei vincitori del premio letterario e l&#8217;intervento degli ospiti della rassegna.<\/p>\n\n\n\n<p>La presentazione presso lo stand della Regione Toscana \u00e8 organizzata dal  Consiglio e Giunta regionale della Toscana.   Una iniziativa dedicata ai principali Festival e Premi letterari Toscani che avranno l&#8217;opportunit\u00e0 di presentarsi alla vasta platea del Salone del libro di Torino.<\/p>\n\n\n\n<figure class=\"wp-block-image size-full\"><img loading=\"lazy\" decoding=\"async\" width=\"572\" height=\"800\" src=\"https:\/\/www.raccontinellarete.it\/301\/wp-content\/uploads\/2025\/05\/copertina-racconti-nella-rete-2025-definitiva-marilena-nardi-Copia.jpg\" alt=\"\" class=\"wp-image-56484\" srcset=\"https:\/\/www.raccontinellarete.it\/301\/wp-content\/uploads\/2025\/05\/copertina-racconti-nella-rete-2025-definitiva-marilena-nardi-Copia.jpg 572w, https:\/\/www.raccontinellarete.it\/301\/wp-content\/uploads\/2025\/05\/copertina-racconti-nella-rete-2025-definitiva-marilena-nardi-Copia-179x250.jpg 179w\" sizes=\"(max-width: 572px) 100vw, 572px\" \/><\/figure>\n\n\n\n<p><\/p>\n\n\n\n<p><\/p>\n<div class=\"pvc_clear\"><\/div><p id=\"pvc_stats_56483\" class=\"pvc_stats all  \" data-element-id=\"56483\" style=\"\"><i class=\"pvc-stats-icon medium\" aria-hidden=\"true\"><svg aria-hidden=\"true\" focusable=\"false\" data-prefix=\"far\" data-icon=\"chart-bar\" role=\"img\" xmlns=\"http:\/\/www.w3.org\/2000\/svg\" viewBox=\"0 0 512 512\" class=\"svg-inline--fa fa-chart-bar fa-w-16 fa-2x\"><path fill=\"currentColor\" d=\"M396.8 352h22.4c6.4 0 12.8-6.4 12.8-12.8V108.8c0-6.4-6.4-12.8-12.8-12.8h-22.4c-6.4 0-12.8 6.4-12.8 12.8v230.4c0 6.4 6.4 12.8 12.8 12.8zm-192 0h22.4c6.4 0 12.8-6.4 12.8-12.8V140.8c0-6.4-6.4-12.8-12.8-12.8h-22.4c-6.4 0-12.8 6.4-12.8 12.8v198.4c0 6.4 6.4 12.8 12.8 12.8zm96 0h22.4c6.4 0 12.8-6.4 12.8-12.8V204.8c0-6.4-6.4-12.8-12.8-12.8h-22.4c-6.4 0-12.8 6.4-12.8 12.8v134.4c0 6.4 6.4 12.8 12.8 12.8zM496 400H48V80c0-8.84-7.16-16-16-16H16C7.16 64 0 71.16 0 80v336c0 17.67 14.33 32 32 32h464c8.84 0 16-7.16 16-16v-16c0-8.84-7.16-16-16-16zm-387.2-48h22.4c6.4 0 12.8-6.4 12.8-12.8v-70.4c0-6.4-6.4-12.8-12.8-12.8h-22.4c-6.4 0-12.8 6.4-12.8 12.8v70.4c0 6.4 6.4 12.8 12.8 12.8z\" class=\"\"><\/path><\/svg><\/i> <img loading=\"lazy\" decoding=\"async\" width=\"16\" height=\"16\" alt=\"Loading\" src=\"https:\/\/www.raccontinellarete.it\/301\/wp-content\/plugins\/page-views-count\/ajax-loader-2x.gif\" border=0 \/><\/p><div class=\"pvc_clear\"><\/div>","protected":false},"excerpt":{"rendered":"<p>Salone del libro di Torino &#8211; Domenica 18 maggio alle 17.30 presso lo stand della Regione Toscana il presidente del premio Racconti nella Rete, Demetrio Brandi, parler\u00e0 della nuova edizione del concorso che termina a fine mese e delle attivit\u00e0 collegate al 31^ festival LuccAutori in programma a Lucca dal 3 al 19 ottobre. Verr\u00e0 [&hellip;]<\/p>\n<div class=\"pvc_clear\"><\/div>\n<p id=\"pvc_stats_56483\" class=\"pvc_stats all  \" data-element-id=\"56483\" style=\"\"><i class=\"pvc-stats-icon medium\" aria-hidden=\"true\"><svg aria-hidden=\"true\" focusable=\"false\" data-prefix=\"far\" data-icon=\"chart-bar\" role=\"img\" xmlns=\"http:\/\/www.w3.org\/2000\/svg\" viewBox=\"0 0 512 512\" class=\"svg-inline--fa fa-chart-bar fa-w-16 fa-2x\"><path fill=\"currentColor\" d=\"M396.8 352h22.4c6.4 0 12.8-6.4 12.8-12.8V108.8c0-6.4-6.4-12.8-12.8-12.8h-22.4c-6.4 0-12.8 6.4-12.8 12.8v230.4c0 6.4 6.4 12.8 12.8 12.8zm-192 0h22.4c6.4 0 12.8-6.4 12.8-12.8V140.8c0-6.4-6.4-12.8-12.8-12.8h-22.4c-6.4 0-12.8 6.4-12.8 12.8v198.4c0 6.4 6.4 12.8 12.8 12.8zm96 0h22.4c6.4 0 12.8-6.4 12.8-12.8V204.8c0-6.4-6.4-12.8-12.8-12.8h-22.4c-6.4 0-12.8 6.4-12.8 12.8v134.4c0 6.4 6.4 12.8 12.8 12.8zM496 400H48V80c0-8.84-7.16-16-16-16H16C7.16 64 0 71.16 0 80v336c0 17.67 14.33 32 32 32h464c8.84 0 16-7.16 16-16v-16c0-8.84-7.16-16-16-16zm-387.2-48h22.4c6.4 0 12.8-6.4 12.8-12.8v-70.4c0-6.4-6.4-12.8-12.8-12.8h-22.4c-6.4 0-12.8 6.4-12.8 12.8v70.4c0 6.4 6.4 12.8 12.8 12.8z\" class=\"\"><\/path><\/svg><\/i> <img loading=\"lazy\" decoding=\"async\" width=\"16\" height=\"16\" alt=\"Loading\" src=\"https:\/\/www.raccontinellarete.it\/301\/wp-content\/plugins\/page-views-count\/ajax-loader-2x.gif\" border=0 \/><\/p>\n<div class=\"pvc_clear\"><\/div>\n","protected":false},"author":3,"featured_media":56833,"comment_status":"open","ping_status":"closed","sticky":false,"template":"","format":"standard","meta":{"footnotes":""},"categories":[87,547,543,5],"tags":[],"class_list":["post-56483","post","type-post","status-publish","format-standard","has-post-thumbnail","hentry","category-comunicato-stampa","category-f-o-r-u-m","category-forum-di-racconti-nella-rete","category-racconti-nella-rete"],"_links":{"self":[{"href":"https:\/\/www.raccontinellarete.it\/index.php?rest_route=\/wp\/v2\/posts\/56483"}],"collection":[{"href":"https:\/\/www.raccontinellarete.it\/index.php?rest_route=\/wp\/v2\/posts"}],"about":[{"href":"https:\/\/www.raccontinellarete.it\/index.php?rest_route=\/wp\/v2\/types\/post"}],"author":[{"embeddable":true,"href":"https:\/\/www.raccontinellarete.it\/index.php?rest_route=\/wp\/v2\/users\/3"}],"replies":[{"embeddable":true,"href":"https:\/\/www.raccontinellarete.it\/index.php?rest_route=%2Fwp%2Fv2%2Fcomments&post=56483"}],"version-history":[{"count":2,"href":"https:\/\/www.raccontinellarete.it\/index.php?rest_route=\/wp\/v2\/posts\/56483\/revisions"}],"predecessor-version":[{"id":56487,"href":"https:\/\/www.raccontinellarete.it\/index.php?rest_route=\/wp\/v2\/posts\/56483\/revisions\/56487"}],"wp:featuredmedia":[{"embeddable":true,"href":"https:\/\/www.raccontinellarete.it\/index.php?rest_route=\/wp\/v2\/media\/56833"}],"wp:attachment":[{"href":"https:\/\/www.raccontinellarete.it\/index.php?rest_route=%2Fwp%2Fv2%2Fmedia&parent=56483"}],"wp:term":[{"taxonomy":"category","embeddable":true,"href":"https:\/\/www.raccontinellarete.it\/index.php?rest_route=%2Fwp%2Fv2%2Fcategories&post=56483"},{"taxonomy":"post_tag","embeddable":true,"href":"https:\/\/www.raccontinellarete.it\/index.php?rest_route=%2Fwp%2Fv2%2Ftags&post=56483"}],"curies":[{"name":"wp","href":"https:\/\/api.w.org\/{rel}","templated":true}]}}