{"id":56197,"date":"2025-03-25T13:34:59","date_gmt":"2025-03-25T12:34:59","guid":{"rendered":"https:\/\/www.raccontinellarete.it\/?p=56197"},"modified":"2025-03-26T18:46:47","modified_gmt":"2025-03-26T17:46:47","slug":"athos-careghi-riceve-il-premio-buduar-a-lucca-collezionando-2025","status":"publish","type":"post","link":"https:\/\/www.raccontinellarete.it\/?p=56197","title":{"rendered":"Athos Careghi riceve il premio Budu\u00e0r a Lucca Collezionando 2025"},"content":{"rendered":"\n<p><strong>Lucca Collezionando 2025 , il festival&nbsp;vintage-pop&nbsp;dedicato al&nbsp;fumetto&nbsp;e ai mondi del fantastico, anche quest&#8217;anno ha ospitato lo stand di Budu\u00e0r e LuccAutori<\/strong>.<\/p>\n\n\n\n<p>Il giornale umoristico Budu\u00e0r&nbsp; ha assegnato al grande <strong>Athos Careghi<\/strong>&nbsp; il <strong>Premio Budu\u00e0r<\/strong> &#8211; Maestro dell&#8217;Arte Leggera di questa edizione di Lucca Collezionando. Il premio \u00e8 stato consegnato da <strong>Dino Aloi<\/strong> e <strong>Marco De Angelis<\/strong>, con<strong> Alessandro Palex Prevosto<\/strong>&nbsp; impossibilitato ad essere presente.<\/p>\n\n\n\n<p>Il premio \u00e8 una scultura in ardesia realizzata da <strong>Laura Salemi Lapis<\/strong>. Un divano arrotondato che si differenzia leggermente da quello che ogni anno viene assegnato al racconto umoristico premiato da <strong>Racconti nella Rete<\/strong> #raccontinellarete www.raccontinellarete.it<\/p>\n\n\n\n<figure class=\"wp-block-image size-large\"><img loading=\"lazy\" decoding=\"async\" width=\"1024\" height=\"768\" src=\"https:\/\/www.raccontinellarete.it\/301\/wp-content\/uploads\/2025\/03\/3-1024x768.jpg\" alt=\"\" class=\"wp-image-56198\" srcset=\"https:\/\/www.raccontinellarete.it\/301\/wp-content\/uploads\/2025\/03\/3-1024x768.jpg 1024w, https:\/\/www.raccontinellarete.it\/301\/wp-content\/uploads\/2025\/03\/3-333x250.jpg 333w, https:\/\/www.raccontinellarete.it\/301\/wp-content\/uploads\/2025\/03\/3-768x576.jpg 768w, https:\/\/www.raccontinellarete.it\/301\/wp-content\/uploads\/2025\/03\/3-1536x1152.jpg 1536w, https:\/\/www.raccontinellarete.it\/301\/wp-content\/uploads\/2025\/03\/3.jpg 2048w\" sizes=\"(max-width: 1024px) 100vw, 1024px\" \/><\/figure>\n\n\n\n<figure class=\"wp-block-image size-large\"><img loading=\"lazy\" decoding=\"async\" width=\"1024\" height=\"542\" src=\"https:\/\/www.raccontinellarete.it\/301\/wp-content\/uploads\/2025\/03\/5-1024x542.jpg\" alt=\"\" class=\"wp-image-56199\" srcset=\"https:\/\/www.raccontinellarete.it\/301\/wp-content\/uploads\/2025\/03\/5-1024x542.jpg 1024w, https:\/\/www.raccontinellarete.it\/301\/wp-content\/uploads\/2025\/03\/5-344x182.jpg 344w, https:\/\/www.raccontinellarete.it\/301\/wp-content\/uploads\/2025\/03\/5-768x407.jpg 768w, https:\/\/www.raccontinellarete.it\/301\/wp-content\/uploads\/2025\/03\/5-1536x813.jpg 1536w, https:\/\/www.raccontinellarete.it\/301\/wp-content\/uploads\/2025\/03\/5.jpg 2010w\" sizes=\"(max-width: 1024px) 100vw, 1024px\" \/><\/figure>\n<div class=\"pvc_clear\"><\/div><p id=\"pvc_stats_56197\" class=\"pvc_stats all  \" data-element-id=\"56197\" style=\"\"><i class=\"pvc-stats-icon medium\" aria-hidden=\"true\"><svg aria-hidden=\"true\" focusable=\"false\" data-prefix=\"far\" data-icon=\"chart-bar\" role=\"img\" xmlns=\"http:\/\/www.w3.org\/2000\/svg\" viewBox=\"0 0 512 512\" class=\"svg-inline--fa fa-chart-bar fa-w-16 fa-2x\"><path fill=\"currentColor\" d=\"M396.8 352h22.4c6.4 0 12.8-6.4 12.8-12.8V108.8c0-6.4-6.4-12.8-12.8-12.8h-22.4c-6.4 0-12.8 6.4-12.8 12.8v230.4c0 6.4 6.4 12.8 12.8 12.8zm-192 0h22.4c6.4 0 12.8-6.4 12.8-12.8V140.8c0-6.4-6.4-12.8-12.8-12.8h-22.4c-6.4 0-12.8 6.4-12.8 12.8v198.4c0 6.4 6.4 12.8 12.8 12.8zm96 0h22.4c6.4 0 12.8-6.4 12.8-12.8V204.8c0-6.4-6.4-12.8-12.8-12.8h-22.4c-6.4 0-12.8 6.4-12.8 12.8v134.4c0 6.4 6.4 12.8 12.8 12.8zM496 400H48V80c0-8.84-7.16-16-16-16H16C7.16 64 0 71.16 0 80v336c0 17.67 14.33 32 32 32h464c8.84 0 16-7.16 16-16v-16c0-8.84-7.16-16-16-16zm-387.2-48h22.4c6.4 0 12.8-6.4 12.8-12.8v-70.4c0-6.4-6.4-12.8-12.8-12.8h-22.4c-6.4 0-12.8 6.4-12.8 12.8v70.4c0 6.4 6.4 12.8 12.8 12.8z\" class=\"\"><\/path><\/svg><\/i> <img loading=\"lazy\" decoding=\"async\" width=\"16\" height=\"16\" alt=\"Loading\" src=\"https:\/\/www.raccontinellarete.it\/301\/wp-content\/plugins\/page-views-count\/ajax-loader-2x.gif\" border=0 \/><\/p><div class=\"pvc_clear\"><\/div>","protected":false},"excerpt":{"rendered":"<p>Lucca Collezionando 2025 , il festival&nbsp;vintage-pop&nbsp;dedicato al&nbsp;fumetto&nbsp;e ai mondi del fantastico, anche quest&#8217;anno ha ospitato lo stand di Budu\u00e0r e LuccAutori. Il giornale umoristico Budu\u00e0r&nbsp; ha assegnato al grande Athos Careghi&nbsp; il Premio Budu\u00e0r &#8211; Maestro dell&#8217;Arte Leggera di questa edizione di Lucca Collezionando. Il premio \u00e8 stato consegnato da Dino Aloi e Marco De [&hellip;]<\/p>\n<div class=\"pvc_clear\"><\/div>\n<p id=\"pvc_stats_56197\" class=\"pvc_stats all  \" data-element-id=\"56197\" style=\"\"><i class=\"pvc-stats-icon medium\" aria-hidden=\"true\"><svg aria-hidden=\"true\" focusable=\"false\" data-prefix=\"far\" data-icon=\"chart-bar\" role=\"img\" xmlns=\"http:\/\/www.w3.org\/2000\/svg\" viewBox=\"0 0 512 512\" class=\"svg-inline--fa fa-chart-bar fa-w-16 fa-2x\"><path fill=\"currentColor\" d=\"M396.8 352h22.4c6.4 0 12.8-6.4 12.8-12.8V108.8c0-6.4-6.4-12.8-12.8-12.8h-22.4c-6.4 0-12.8 6.4-12.8 12.8v230.4c0 6.4 6.4 12.8 12.8 12.8zm-192 0h22.4c6.4 0 12.8-6.4 12.8-12.8V140.8c0-6.4-6.4-12.8-12.8-12.8h-22.4c-6.4 0-12.8 6.4-12.8 12.8v198.4c0 6.4 6.4 12.8 12.8 12.8zm96 0h22.4c6.4 0 12.8-6.4 12.8-12.8V204.8c0-6.4-6.4-12.8-12.8-12.8h-22.4c-6.4 0-12.8 6.4-12.8 12.8v134.4c0 6.4 6.4 12.8 12.8 12.8zM496 400H48V80c0-8.84-7.16-16-16-16H16C7.16 64 0 71.16 0 80v336c0 17.67 14.33 32 32 32h464c8.84 0 16-7.16 16-16v-16c0-8.84-7.16-16-16-16zm-387.2-48h22.4c6.4 0 12.8-6.4 12.8-12.8v-70.4c0-6.4-6.4-12.8-12.8-12.8h-22.4c-6.4 0-12.8 6.4-12.8 12.8v70.4c0 6.4 6.4 12.8 12.8 12.8z\" class=\"\"><\/path><\/svg><\/i> <img loading=\"lazy\" decoding=\"async\" width=\"16\" height=\"16\" alt=\"Loading\" src=\"https:\/\/www.raccontinellarete.it\/301\/wp-content\/plugins\/page-views-count\/ajax-loader-2x.gif\" border=0 \/><\/p>\n<div class=\"pvc_clear\"><\/div>\n","protected":false},"author":3,"featured_media":56200,"comment_status":"open","ping_status":"closed","sticky":false,"template":"","format":"standard","meta":{"footnotes":""},"categories":[87,5],"tags":[],"class_list":["post-56197","post","type-post","status-publish","format-standard","has-post-thumbnail","hentry","category-comunicato-stampa","category-racconti-nella-rete"],"_links":{"self":[{"href":"https:\/\/www.raccontinellarete.it\/index.php?rest_route=\/wp\/v2\/posts\/56197"}],"collection":[{"href":"https:\/\/www.raccontinellarete.it\/index.php?rest_route=\/wp\/v2\/posts"}],"about":[{"href":"https:\/\/www.raccontinellarete.it\/index.php?rest_route=\/wp\/v2\/types\/post"}],"author":[{"embeddable":true,"href":"https:\/\/www.raccontinellarete.it\/index.php?rest_route=\/wp\/v2\/users\/3"}],"replies":[{"embeddable":true,"href":"https:\/\/www.raccontinellarete.it\/index.php?rest_route=%2Fwp%2Fv2%2Fcomments&post=56197"}],"version-history":[{"count":3,"href":"https:\/\/www.raccontinellarete.it\/index.php?rest_route=\/wp\/v2\/posts\/56197\/revisions"}],"predecessor-version":[{"id":56205,"href":"https:\/\/www.raccontinellarete.it\/index.php?rest_route=\/wp\/v2\/posts\/56197\/revisions\/56205"}],"wp:featuredmedia":[{"embeddable":true,"href":"https:\/\/www.raccontinellarete.it\/index.php?rest_route=\/wp\/v2\/media\/56200"}],"wp:attachment":[{"href":"https:\/\/www.raccontinellarete.it\/index.php?rest_route=%2Fwp%2Fv2%2Fmedia&parent=56197"}],"wp:term":[{"taxonomy":"category","embeddable":true,"href":"https:\/\/www.raccontinellarete.it\/index.php?rest_route=%2Fwp%2Fv2%2Fcategories&post=56197"},{"taxonomy":"post_tag","embeddable":true,"href":"https:\/\/www.raccontinellarete.it\/index.php?rest_route=%2Fwp%2Fv2%2Ftags&post=56197"}],"curies":[{"name":"wp","href":"https:\/\/api.w.org\/{rel}","templated":true}]}}