{"id":56187,"date":"2025-03-24T20:05:04","date_gmt":"2025-03-24T19:05:04","guid":{"rendered":"https:\/\/www.raccontinellarete.it\/?p=56187"},"modified":"2025-03-24T20:05:05","modified_gmt":"2025-03-24T19:05:05","slug":"premio-racconti-nella-rete-2025-ad-occhi-aperti-di-marcello-luberti","status":"publish","type":"post","link":"https:\/\/www.raccontinellarete.it\/?p=56187","title":{"rendered":"Premio Racconti nella Rete 2025 &#8220;Ad occhi aperti&#8221; di Marcello Luberti"},"content":{"rendered":"\n<p>A casa non aveva detto che l\u2019indomani avrebbe preso la direzione di Sulmona anzich\u00e9 quella solita di Chieti, non faceva differenza. Il cattivo umore del padre dipendeva dal fatto che lui si allontanasse da Popoli e non rimanesse a bottega.<\/p>\n\n\n\n<p>Il povero Emidio resisteva al sordo risentimento del padre che non si era arreso alla sua decisione di frequentare l\u2019universit\u00e0.<\/p>\n\n\n\n<p>E dire che Camillo Di Pietro, fabbro del ferro battuto da tre generazioni, aveva scelto per suo figlio proprio il nome del bisnonno, colui che aveva intrapreso la produzione di meravigliosi letti matrimoniali con testiera, una vera e propria arte. Anche perch\u00e9 Camillo, dopo Emidio non aveva generato altri maschi, bens\u00ec due belle e spiritose fanciulle, Assunta e Maria Rosaria, adatte a tramandare altro dal ferro battuto, purtroppo, che frequentavano la prima e la terza magistrale a Sulmona.<\/p>\n\n\n\n<p>Camillo lo aveva addestrato sin da bambino e diceva che il figlio era portato, aveva una grande mano e una sensibilit\u00e0 da artista, un talento sprecato, aggiungeva.<\/p>\n\n\n\n<p>Il capostipite Emidio Di Pietro, all\u2019epoca, aveva lavorato perfino per Casa Savoia, i Torlonia, il Vaticano e per Gabriele D\u2019Annunzio, che pretese per il Vittoriale un enorme tavolo da lavoro in ferro battuto con piedi finemente, baroccamente lavorati con sopra un ripiano di ardesia. Un capolavoro pesante ben 450 chili, un unicum.<\/p>\n\n\n\n<p>Il giovane Emidio, pur schiacciato dall\u2019ineludibile eredit\u00e0, si alz\u00f2 quel giorno di buon umore, alla consueta ora dei giorni feriali, in tempo per prendere il regionale delle 7 e 12 per Chieti, e rimase in stazione ad aspettare il treno per Sulmona delle 8 e 45, sul quale avrebbe incontrato il Professore e gli altri adepti.<\/p>\n\n\n\n<p>La sala d\u2019aspetto disadorna era deserta, umida fredda, orfana dell\u2019inverno delle fatiche e dei disagi della povera gente, i muri color crema diventati ormai grigi, le solite scritte di fascisti e comunisti a rimbeccarsi. Aveva paura a sedersi su quegli spogli sedili marroni, ad appoggiare la schiena: per non pensarci tir\u00f2 fuori il primo libro dell\u2019Ars Amatoria di Ovidio che avrebbe portato all\u2019esame da l\u00ec a due mesi, nel giugno del \u201976, per la precisione A.D. MCMLXXVI, come li costringeva a scrivere il cattedratico che aveva insegnato dappertutto nel mondo, ma era originario proprio di Chieti, eletta a sua ultima stazione.<\/p>\n\n\n\n<p>Era una giornata particolare.<\/p>\n\n\n\n<p>A Ettore Paratore, il pi\u00f9 grande cultore di lingua e letteratura latina della Penisola, professore straordinario emerito della neo-costituita universit\u00e0 di Chieti, era venuto lo sghiribizzo di portare i suoi nove studenti in giro per Sulmona, a coronamento del corso monografico su Publio Ovidio Nasone, nativo della bella capitale della Valle Peligna. E avrebbe offerto il pranzo ai giovani, anime benedette che studiavano latino in una societ\u00e0 ormai sconsacrata destinata a finire nelle grinfie dei comunisti.<\/p>\n\n\n\n<p>A ogni scampanellio della viabilit\u00e0, Emidio chiudeva con una mano il libro e con l\u2019altra agguantava lo zaino per affrettarsi sul binario, ma ci furono ben tre falsi allarmi. La timorosa inquietudine del giovane aveva a che fare con Franca, la possibilit\u00e0 di vedere Franca, parlare con Franca, scherzare con Franca, una sua collega di Pescocostanzo, un paesino in mezzo alle montagne, con una cesta di capelli neri ricci e occhi fondi dalle venature olivastre, bella ragazza scherzosa e pi\u00f9 libera di Emidio rispetto alla famiglia. Lei viveva da fuori sede a Chieti in collina, in una camera ammobiliata nei paraggi delle vecchie carceri e della Facolt\u00e0 di Lettere. Per una volta, Emidio non era pessimista.<\/p>\n\n\n\n<p>Rimase a riflettere, rileggere pi\u00f9 volte un passaggio di Ovidio sulle donne, \u201cIngannate loro che vi ingannano\u201d e quale sinteticit\u00e0 in latino: <em>fallite fallentes<\/em>. Rimase strabiliato da quella raccomandazione troppo cinica per uno come lui. Si mise a parlare da solo, tutto crucciato, meno male che non c\u2019era nessuno.<\/p>\n\n\n\n<p>\u00abCome si pu\u00f2 arrivare a tanta lucidit\u00e0 di fronte alle donne che comunque erano oggetto d\u2019amore del poeta? Ma guarda Dio, questo signore era nato a 17 km dal mio paese, era un abruzzese anche lui. E gli abruzzesi, non sono cos\u00ec\u2026\u00bb<\/p>\n\n\n\n<p>Ma poi gli venne a mente il detestato D\u2019Annunzio, sciupafemmine ingannatore manipolatore nella scrittura e nella vita, e cap\u00ec che forse aveva torto.<\/p>\n\n\n\n<p>Finalmente arriv\u00f2 il treno. Emidio esitava a salire, cercava quel volto impertinente di cui si era innamorato, ma Franca non era al finestrino come pensava. Dovette percorrere due carrozze prima di trovare la comitiva con in mezzo il professore in gran forma, in piedi, ciarliero e sorridente, che raccontava dei <em>certamen<\/em> all\u2019impronta in cui aveva trionfato dappertutto in Italia.<\/p>\n\n\n\n<p>Salut\u00f2 Paratore con deferenza e dovette inoltrarsi nello scompartimento per capire che Franca si trovava in un sedile di spalle all\u2019intera compagnia e parlava con un fricchettone di Pescara, uno che veniva saltuariamente a lezione e oggi si presentava per scroccare il pranzo.<\/p>\n\n\n\n<p><a>\u00ab<\/a>Ciao Franca<a>\u00bb<\/a> disse a malincuore mentre lei, interrotta la conversazione, si alz\u00f2 per una sciapita stretta di mano e dirgli benvenuto.<\/p>\n\n\n\n<p>Trov\u00f2 posto due sedili dopo, vicino a due anziani, che parlavano sommessamente delle piccole cose quotidiane e fu subito assalito da pensieri nefasti.<\/p>\n\n\n\n<p>\u00abAveva ragione Ovidio, e pure D\u2019Annunzio\u00bb disse ad occhi aperti, con lo sguardo da dissociato in pasto ai due vecchietti allibiti mentre il treno entrava lentamente in stazione a Sulmona.<\/p>\n\n\n\n<p>Era una giornata fredda e rigida di aprile, soleggiata, la neve rimaneva vigile sulle pendici del Morrone e della Maiella che formavano un\u2019unica muraglia bianca a delimitare la conca pianeggiante.<\/p>\n\n\n\n<p>Emidio seguiva ciondolando, per ultimo, la brigata dei ragazzi diretta al centro cittadino. Non era protagonista, forse non lo sarebbe stato comunque, non voleva parlare con nessuno, Franca stava appiccicata al pescarese in atteggiamento inequivocabile. Con le donne non cambiava nulla, che illusione la sua. Si sent\u00ec tradito anche dalla vita di studente, per quello che gli costava di fronte alla famiglia.<\/p>\n\n\n\n<p>Ma il Professore quel giorno avrebbe attirato l\u2019interesse anche di un pubblico abulico e ignorante, era veramente convincente, i suoi discorsi non erano confinati alla nostalgia per i tempi passati e i classici. Le citazioni a braccio in latino erano brillanti, a volte sbalorditive. Era una miniera, deragliava solo se qualche ragazzo lo portava a ragionare sui tempi correnti, ad esempio, facendo confronti tra il rispetto per gli anziani nella cultura classica rispetto a oggi. Si arrivava a Dio, Patria e Famiglia in un attimo.<\/p>\n\n\n\n<p>Paratore, arrivato davanti alla statua di Publio Ovidio Nasone raffigurato in atto pensoso, sal\u00ec inaspettatamente di giri. Franca si avvicin\u00f2 ad Emidio per commentare ironicamente gli occhi spiritati del Professore, che parlando dell\u2019esilio del sulmonese prese le difese del poeta.<\/p>\n\n\n\n<p><a>\u00ab<\/a>Ragazzi, le motivazioni della cacciata di Ovidio a Tomi sul Mar Nero non le conosciamo. Si fanno ipotesi. Lui stesso nel <em>Tristia<\/em> dice: <em>Due crimini mi hanno perduto, un carme e un errore: del secondo debbo tacere le mie colpe. <\/em>Una cosa mi sento di dire, il Principato di Augusto non fu certo il paradiso terrestre dipinto da Virgilio e da tutta la storiografia encomiastica, n\u00e9 vi regnavano libert\u00e0 e giustizia per tutti i cittadini. Non a caso, Cesare Ottaviano Augusto nelle sue <em>Res Gestae<\/em> ricorda tutte le opere e gli accrescimenti, le donazioni da lui portate a Roma, ma non spende una parola sui diritti garantiti ai cittadini dell\u2019Impero. Il Principato fu anche una restaurazione del <em>mos maiorum<\/em>, una dittatura illuminata diremmo oggi\u00bb<\/p>\n\n\n\n<p>Gli studenti rimasero a bocca aperta davanti alle affermazioni controcorrente del Professore, noto come democristiano tendente al fascistone.<\/p>\n\n\n\n<p>\u00abChiss\u00e0 cosa successe veramente per meritare a Ovidio l\u2019esilio ai margini dell\u2019impero fino alla sua morte. Non lo sapremo mai\u00bb, disse il professore sconfortato per qualcosa che non avrebbe potuto scoprire consultando le sue amate fonti.<\/p>\n\n\n\n<p>Anche Emidio si ravviv\u00f2 per un attimo dal suo scontento, cerc\u00f2 gli occhi di Franca ma non li trov\u00f2, era ancora indaffarata con quel bellimbusto, <em>ma che ci trovava?<\/em><\/p>\n\n\n\n<p>Caff\u00e8 e confetti, la specialit\u00e0 di Sulmona, fu l\u2019insolita colazione offerta da Paratore al famoso Gran Caff\u00e8 situato proprio dietro la magnifica poderosa statua di marmo scuro con venature bronzee, posta su un grande basamento con inscritte le frasi di Ovidio riferite alla sua citt\u00e0.<\/p>\n\n\n\n<p>Ma qualcosa il poeta doveva aver presagito della sua fine, argomentava il professore minuto e segaligno con grandi occhiali di corno nero e una parete di denti ben sgranata davanti a chi lo ascoltava, quasi sempre con un sorriso prossimo al ghigno.<\/p>\n\n\n\n<p>Risparmiando il latino, ma sempre a braccio, l\u2019anziano cattedratico, seduto in un angolo appartato del bar, riport\u00f2 una specie di profezia che Ovidio lanci\u00f2 ne Le Metamorfosi, prima della condanna all\u2019esilio: \u00ab<em>Ho compiuto un\u2019opera che non potr\u00e0 cancellare n\u00e9 l\u2019ira di Giove, n\u00e9 il fuoco, n\u00e9 il tempo ingordo \u2026 il mio nome sar\u00e0 indistruttibile \u2026 dovunque si estende sulle terre assoggettate la potenza romana, mi leggeranno le labbra del popolo e grazie alla Fama vivr\u00f2 per tutti i secoli.<\/em> Ragazzi che ne dite? Non \u00e8 incredibile? Come se Nasone sapesse di aver gi\u00e0 commesso il misfatto, l\u2019errore fatale, che indusse Augusto, Augusto in persona, su questo le fonti sono univoche, a decretare l\u2019allontanamento dall\u2019urbe, da tutti suoi affetti e dalla vita letteraria ufficiale\u00bb.<\/p>\n\n\n\n<p>Proprio allora, da un vertice del grande tavolo dove stava in disparte, Emidio alz\u00f2 la mano, come faceva alle elementari, e disse qualcosa di confuso ma profondo riguardo all\u2019aspettativa di Ovidio e di qualunque scrittore sulla faccia della terra: salvarsi con i propri scritti dalla caducit\u00e0 della vita, dalla morte, dall\u2019oblio della realt\u00e0. Paratore si alz\u00f2 addirittura in piedi e annu\u00ec vistosamente, in maniera quasi caricaturale, alle parole del giovane che finora aveva visto un po\u2019 fuori dal gruppo. Sfoderando un mezzo ghigno di assenso disse <em>\u00e8 vero \u00e8 cos\u00ec<\/em>.<\/p>\n\n\n\n<p>Anche Franca, seduta a fianco di Marchetti, era questo il nome del pescarese, segu\u00ec con stupore e approvazione le parole di Emidio, ma lui non se ne accorse, non confidava pi\u00f9 in lei, aveva aperto gli occhi ormai.<\/p>\n<div class=\"pvc_clear\"><\/div><p id=\"pvc_stats_56187\" class=\"pvc_stats all  \" data-element-id=\"56187\" style=\"\"><i class=\"pvc-stats-icon medium\" aria-hidden=\"true\"><svg aria-hidden=\"true\" focusable=\"false\" data-prefix=\"far\" data-icon=\"chart-bar\" role=\"img\" xmlns=\"http:\/\/www.w3.org\/2000\/svg\" viewBox=\"0 0 512 512\" class=\"svg-inline--fa fa-chart-bar fa-w-16 fa-2x\"><path fill=\"currentColor\" d=\"M396.8 352h22.4c6.4 0 12.8-6.4 12.8-12.8V108.8c0-6.4-6.4-12.8-12.8-12.8h-22.4c-6.4 0-12.8 6.4-12.8 12.8v230.4c0 6.4 6.4 12.8 12.8 12.8zm-192 0h22.4c6.4 0 12.8-6.4 12.8-12.8V140.8c0-6.4-6.4-12.8-12.8-12.8h-22.4c-6.4 0-12.8 6.4-12.8 12.8v198.4c0 6.4 6.4 12.8 12.8 12.8zm96 0h22.4c6.4 0 12.8-6.4 12.8-12.8V204.8c0-6.4-6.4-12.8-12.8-12.8h-22.4c-6.4 0-12.8 6.4-12.8 12.8v134.4c0 6.4 6.4 12.8 12.8 12.8zM496 400H48V80c0-8.84-7.16-16-16-16H16C7.16 64 0 71.16 0 80v336c0 17.67 14.33 32 32 32h464c8.84 0 16-7.16 16-16v-16c0-8.84-7.16-16-16-16zm-387.2-48h22.4c6.4 0 12.8-6.4 12.8-12.8v-70.4c0-6.4-6.4-12.8-12.8-12.8h-22.4c-6.4 0-12.8 6.4-12.8 12.8v70.4c0 6.4 6.4 12.8 12.8 12.8z\" class=\"\"><\/path><\/svg><\/i> <img loading=\"lazy\" decoding=\"async\" width=\"16\" height=\"16\" alt=\"Loading\" src=\"https:\/\/www.raccontinellarete.it\/301\/wp-content\/plugins\/page-views-count\/ajax-loader-2x.gif\" border=0 \/><\/p><div class=\"pvc_clear\"><\/div>","protected":false},"excerpt":{"rendered":"<p>A casa non aveva detto che l\u2019indomani avrebbe preso la direzione di Sulmona anzich\u00e9 quella solita di Chieti, non faceva differenza. Il cattivo umore del padre dipendeva dal fatto che lui si allontanasse da Popoli e non rimanesse a bottega. Il povero Emidio resisteva al sordo risentimento del padre che non si era arreso alla [&hellip;]<\/p>\n<div class=\"pvc_clear\"><\/div>\n<p id=\"pvc_stats_56187\" class=\"pvc_stats all  \" data-element-id=\"56187\" style=\"\"><i class=\"pvc-stats-icon medium\" aria-hidden=\"true\"><svg aria-hidden=\"true\" focusable=\"false\" data-prefix=\"far\" data-icon=\"chart-bar\" role=\"img\" xmlns=\"http:\/\/www.w3.org\/2000\/svg\" viewBox=\"0 0 512 512\" class=\"svg-inline--fa fa-chart-bar fa-w-16 fa-2x\"><path fill=\"currentColor\" d=\"M396.8 352h22.4c6.4 0 12.8-6.4 12.8-12.8V108.8c0-6.4-6.4-12.8-12.8-12.8h-22.4c-6.4 0-12.8 6.4-12.8 12.8v230.4c0 6.4 6.4 12.8 12.8 12.8zm-192 0h22.4c6.4 0 12.8-6.4 12.8-12.8V140.8c0-6.4-6.4-12.8-12.8-12.8h-22.4c-6.4 0-12.8 6.4-12.8 12.8v198.4c0 6.4 6.4 12.8 12.8 12.8zm96 0h22.4c6.4 0 12.8-6.4 12.8-12.8V204.8c0-6.4-6.4-12.8-12.8-12.8h-22.4c-6.4 0-12.8 6.4-12.8 12.8v134.4c0 6.4 6.4 12.8 12.8 12.8zM496 400H48V80c0-8.84-7.16-16-16-16H16C7.16 64 0 71.16 0 80v336c0 17.67 14.33 32 32 32h464c8.84 0 16-7.16 16-16v-16c0-8.84-7.16-16-16-16zm-387.2-48h22.4c6.4 0 12.8-6.4 12.8-12.8v-70.4c0-6.4-6.4-12.8-12.8-12.8h-22.4c-6.4 0-12.8 6.4-12.8 12.8v70.4c0 6.4 6.4 12.8 12.8 12.8z\" class=\"\"><\/path><\/svg><\/i> <img loading=\"lazy\" decoding=\"async\" width=\"16\" height=\"16\" alt=\"Loading\" src=\"https:\/\/www.raccontinellarete.it\/301\/wp-content\/plugins\/page-views-count\/ajax-loader-2x.gif\" border=0 \/><\/p>\n<div class=\"pvc_clear\"><\/div>\n","protected":false},"author":21713,"featured_media":0,"comment_status":"open","ping_status":"closed","sticky":false,"template":"","format":"standard","meta":{"footnotes":""},"categories":[703],"tags":[],"class_list":["post-56187","post","type-post","status-publish","format-standard","hentry","category-premio-racconti-nella-rete-2025"],"_links":{"self":[{"href":"https:\/\/www.raccontinellarete.it\/index.php?rest_route=\/wp\/v2\/posts\/56187"}],"collection":[{"href":"https:\/\/www.raccontinellarete.it\/index.php?rest_route=\/wp\/v2\/posts"}],"about":[{"href":"https:\/\/www.raccontinellarete.it\/index.php?rest_route=\/wp\/v2\/types\/post"}],"author":[{"embeddable":true,"href":"https:\/\/www.raccontinellarete.it\/index.php?rest_route=\/wp\/v2\/users\/21713"}],"replies":[{"embeddable":true,"href":"https:\/\/www.raccontinellarete.it\/index.php?rest_route=%2Fwp%2Fv2%2Fcomments&post=56187"}],"version-history":[{"count":2,"href":"https:\/\/www.raccontinellarete.it\/index.php?rest_route=\/wp\/v2\/posts\/56187\/revisions"}],"predecessor-version":[{"id":56195,"href":"https:\/\/www.raccontinellarete.it\/index.php?rest_route=\/wp\/v2\/posts\/56187\/revisions\/56195"}],"wp:attachment":[{"href":"https:\/\/www.raccontinellarete.it\/index.php?rest_route=%2Fwp%2Fv2%2Fmedia&parent=56187"}],"wp:term":[{"taxonomy":"category","embeddable":true,"href":"https:\/\/www.raccontinellarete.it\/index.php?rest_route=%2Fwp%2Fv2%2Fcategories&post=56187"},{"taxonomy":"post_tag","embeddable":true,"href":"https:\/\/www.raccontinellarete.it\/index.php?rest_route=%2Fwp%2Fv2%2Ftags&post=56187"}],"curies":[{"name":"wp","href":"https:\/\/api.w.org\/{rel}","templated":true}]}}