{"id":55906,"date":"2025-01-28T12:01:26","date_gmt":"2025-01-28T11:01:26","guid":{"rendered":"https:\/\/www.raccontinellarete.it\/?p=55906"},"modified":"2025-02-04T11:41:00","modified_gmt":"2025-02-04T10:41:00","slug":"sabato-1-febbraio-racconti-nella-rete-su-rai-tre-le-novita-di-questa-edizione","status":"publish","type":"post","link":"https:\/\/www.raccontinellarete.it\/?p=55906","title":{"rendered":"Sabato 1 febbraio Racconti nella Rete su Rai Tre. Le novit\u00e0 di questa edizione"},"content":{"rendered":"\n<p><strong>Sabato 1 febbraio alle 7,15 su Rai Tre Toscana vedremo un nuovo servizio sulla 24^ edizione del premio letterario Racconti nella Rete.&nbsp; Organizzato da LuccAutori, \u00e8 il pi\u00f9 importante concorso nazionale per gli autori emergenti.&nbsp;<\/strong>&nbsp;<\/p>\n\n\n\n<p>Il premio \u00e8 in pieno svolgimento nel sito raccontinellarete.it&nbsp; e si concluder\u00e0 il prossimo 31 maggio. Il presidente del premio, Demetrio Brandi,&nbsp; mostrer\u00e0 la nuova immagine del premio e del festival LuccAutori realizzata dall\u2019illustratrice e vignettista&nbsp;<strong>Marilena Nardi.&nbsp;<\/strong><\/p>\n\n\n\n<p>Nel disegno si vede una donna immersa nella lettura circondata dai cari, vecchi libri di carta.&nbsp;&nbsp;<\/p>\n\n\n\n<p>Sono due le sezioni del concorso dove gli aspiranti scrittori possono cimentarsi. Quella riservata ai racconti brevi e quella per i soggetti per cortometraggi. Si pu\u00f2 partecipare anche con racconti rivolti ai bambini.&nbsp; Intanto in questi mesi la macchina organizzativa del premio non si ferma e viaggia in lungo e in largo attraverso lo stivale con tappe importanti a <strong>Napoli, Roma, Torino e Firenze<\/strong>.&nbsp;<\/p>\n\n\n\n<p>La pubblicazione dell\u2019antologia del premio Racconti nella Rete 2025 (edita da Castelvecchi) sar\u00e0 accompagnata da quattro premi speciali assegnati ad altrettanti racconti selezionati tra i 25 vincitori.&nbsp;Sar\u00e0 assegnato il premio del giornale \u201c<strong>Budu\u00e0r<\/strong>\u201d al miglior racconto umoristico.&nbsp;Il premio Fondazione \u201cAidr\u201d&nbsp;al miglior racconto selezionato tra quelli inviati dagli studenti delle scuole secondarie di primo e secondo grado. Il premio del portale di informazione \u201c<strong>Happyin<\/strong>\u201d sar\u00e0 invece riservato al miglior racconto di viaggio. Il premio \u201c<strong>Strada del Vino e dell\u2019Olio Lucca, Montecarlo e Versilia<\/strong>\u201d sar\u00e0 assegnato al racconto che esalti il rapporto tra prodotti, territorio e tradizione enogastronomica del nostro Paese.<\/p>\n\n\n\n<p>Premiazione che come sempre sar\u00e0 inserita nell\u2019ambito del festival LuccAutori (31^ edizione), la cui fase finale si svolger\u00e0 il 18 e 19 ottobre a Villa Bottini di Lucca.&nbsp;La manifestazione ricorder\u00e0 con una mostra il poeta e regista <strong>Pier Paolo Pasolini<\/strong> nel cinquantesimo anniversario della morte.&nbsp;<\/p>\n\n\n\n<p><\/p>\n\n\n\n<figure class=\"wp-block-image size-large\"><img loading=\"lazy\" decoding=\"async\" width=\"732\" height=\"1024\" src=\"https:\/\/www.raccontinellarete.it\/301\/wp-content\/uploads\/2024\/12\/copertina-racconti-nella-rete-2025-definitiva-marilena-nardi-732x1024.jpg\" alt=\"\" class=\"wp-image-55593\" srcset=\"https:\/\/www.raccontinellarete.it\/301\/wp-content\/uploads\/2024\/12\/copertina-racconti-nella-rete-2025-definitiva-marilena-nardi-732x1024.jpg 732w, https:\/\/www.raccontinellarete.it\/301\/wp-content\/uploads\/2024\/12\/copertina-racconti-nella-rete-2025-definitiva-marilena-nardi-179x250.jpg 179w, https:\/\/www.raccontinellarete.it\/301\/wp-content\/uploads\/2024\/12\/copertina-racconti-nella-rete-2025-definitiva-marilena-nardi-768x1075.jpg 768w, https:\/\/www.raccontinellarete.it\/301\/wp-content\/uploads\/2024\/12\/copertina-racconti-nella-rete-2025-definitiva-marilena-nardi.jpg 886w\" sizes=\"(max-width: 732px) 100vw, 732px\" \/><\/figure>\n\n\n\n<figure class=\"wp-block-embed is-type-video is-provider-youtube wp-block-embed-youtube wp-embed-aspect-16-9 wp-has-aspect-ratio\"><div class=\"wp-block-embed__wrapper\">\n<iframe loading=\"lazy\" title=\"Racconti nella Rete 2025. Le novit\u00e0 del premio letterario su Rai Tre\" width=\"500\" height=\"281\" src=\"https:\/\/www.youtube.com\/embed\/QB4DP5Y9dFU?feature=oembed\" frameborder=\"0\" allow=\"accelerometer; autoplay; clipboard-write; encrypted-media; gyroscope; picture-in-picture; web-share\" referrerpolicy=\"strict-origin-when-cross-origin\" allowfullscreen><\/iframe>\n<\/div><\/figure>\n<div class=\"pvc_clear\"><\/div><p id=\"pvc_stats_55906\" class=\"pvc_stats all  \" data-element-id=\"55906\" style=\"\"><i class=\"pvc-stats-icon medium\" aria-hidden=\"true\"><svg aria-hidden=\"true\" focusable=\"false\" data-prefix=\"far\" data-icon=\"chart-bar\" role=\"img\" xmlns=\"http:\/\/www.w3.org\/2000\/svg\" viewBox=\"0 0 512 512\" class=\"svg-inline--fa fa-chart-bar fa-w-16 fa-2x\"><path fill=\"currentColor\" d=\"M396.8 352h22.4c6.4 0 12.8-6.4 12.8-12.8V108.8c0-6.4-6.4-12.8-12.8-12.8h-22.4c-6.4 0-12.8 6.4-12.8 12.8v230.4c0 6.4 6.4 12.8 12.8 12.8zm-192 0h22.4c6.4 0 12.8-6.4 12.8-12.8V140.8c0-6.4-6.4-12.8-12.8-12.8h-22.4c-6.4 0-12.8 6.4-12.8 12.8v198.4c0 6.4 6.4 12.8 12.8 12.8zm96 0h22.4c6.4 0 12.8-6.4 12.8-12.8V204.8c0-6.4-6.4-12.8-12.8-12.8h-22.4c-6.4 0-12.8 6.4-12.8 12.8v134.4c0 6.4 6.4 12.8 12.8 12.8zM496 400H48V80c0-8.84-7.16-16-16-16H16C7.16 64 0 71.16 0 80v336c0 17.67 14.33 32 32 32h464c8.84 0 16-7.16 16-16v-16c0-8.84-7.16-16-16-16zm-387.2-48h22.4c6.4 0 12.8-6.4 12.8-12.8v-70.4c0-6.4-6.4-12.8-12.8-12.8h-22.4c-6.4 0-12.8 6.4-12.8 12.8v70.4c0 6.4 6.4 12.8 12.8 12.8z\" class=\"\"><\/path><\/svg><\/i> <img loading=\"lazy\" decoding=\"async\" width=\"16\" height=\"16\" alt=\"Loading\" src=\"https:\/\/www.raccontinellarete.it\/301\/wp-content\/plugins\/page-views-count\/ajax-loader-2x.gif\" border=0 \/><\/p><div class=\"pvc_clear\"><\/div>","protected":false},"excerpt":{"rendered":"<p>Sabato 1 febbraio alle 7,15 su Rai Tre Toscana vedremo un nuovo servizio sulla 24^ edizione del premio letterario Racconti nella Rete.&nbsp; Organizzato da LuccAutori, \u00e8 il pi\u00f9 importante concorso nazionale per gli autori emergenti.&nbsp;&nbsp; Il premio \u00e8 in pieno svolgimento nel sito raccontinellarete.it&nbsp; e si concluder\u00e0 il prossimo 31 maggio. Il presidente del premio, [&hellip;]<\/p>\n<div class=\"pvc_clear\"><\/div>\n<p id=\"pvc_stats_55906\" class=\"pvc_stats all  \" data-element-id=\"55906\" style=\"\"><i class=\"pvc-stats-icon medium\" aria-hidden=\"true\"><svg aria-hidden=\"true\" focusable=\"false\" data-prefix=\"far\" data-icon=\"chart-bar\" role=\"img\" xmlns=\"http:\/\/www.w3.org\/2000\/svg\" viewBox=\"0 0 512 512\" class=\"svg-inline--fa fa-chart-bar fa-w-16 fa-2x\"><path fill=\"currentColor\" d=\"M396.8 352h22.4c6.4 0 12.8-6.4 12.8-12.8V108.8c0-6.4-6.4-12.8-12.8-12.8h-22.4c-6.4 0-12.8 6.4-12.8 12.8v230.4c0 6.4 6.4 12.8 12.8 12.8zm-192 0h22.4c6.4 0 12.8-6.4 12.8-12.8V140.8c0-6.4-6.4-12.8-12.8-12.8h-22.4c-6.4 0-12.8 6.4-12.8 12.8v198.4c0 6.4 6.4 12.8 12.8 12.8zm96 0h22.4c6.4 0 12.8-6.4 12.8-12.8V204.8c0-6.4-6.4-12.8-12.8-12.8h-22.4c-6.4 0-12.8 6.4-12.8 12.8v134.4c0 6.4 6.4 12.8 12.8 12.8zM496 400H48V80c0-8.84-7.16-16-16-16H16C7.16 64 0 71.16 0 80v336c0 17.67 14.33 32 32 32h464c8.84 0 16-7.16 16-16v-16c0-8.84-7.16-16-16-16zm-387.2-48h22.4c6.4 0 12.8-6.4 12.8-12.8v-70.4c0-6.4-6.4-12.8-12.8-12.8h-22.4c-6.4 0-12.8 6.4-12.8 12.8v70.4c0 6.4 6.4 12.8 12.8 12.8z\" class=\"\"><\/path><\/svg><\/i> <img loading=\"lazy\" decoding=\"async\" width=\"16\" height=\"16\" alt=\"Loading\" src=\"https:\/\/www.raccontinellarete.it\/301\/wp-content\/plugins\/page-views-count\/ajax-loader-2x.gif\" border=0 \/><\/p>\n<div class=\"pvc_clear\"><\/div>\n","protected":false},"author":3,"featured_media":55952,"comment_status":"open","ping_status":"closed","sticky":false,"template":"","format":"standard","meta":{"footnotes":""},"categories":[87,5],"tags":[],"class_list":["post-55906","post","type-post","status-publish","format-standard","has-post-thumbnail","hentry","category-comunicato-stampa","category-racconti-nella-rete"],"_links":{"self":[{"href":"https:\/\/www.raccontinellarete.it\/index.php?rest_route=\/wp\/v2\/posts\/55906"}],"collection":[{"href":"https:\/\/www.raccontinellarete.it\/index.php?rest_route=\/wp\/v2\/posts"}],"about":[{"href":"https:\/\/www.raccontinellarete.it\/index.php?rest_route=\/wp\/v2\/types\/post"}],"author":[{"embeddable":true,"href":"https:\/\/www.raccontinellarete.it\/index.php?rest_route=\/wp\/v2\/users\/3"}],"replies":[{"embeddable":true,"href":"https:\/\/www.raccontinellarete.it\/index.php?rest_route=%2Fwp%2Fv2%2Fcomments&post=55906"}],"version-history":[{"count":5,"href":"https:\/\/www.raccontinellarete.it\/index.php?rest_route=\/wp\/v2\/posts\/55906\/revisions"}],"predecessor-version":[{"id":55953,"href":"https:\/\/www.raccontinellarete.it\/index.php?rest_route=\/wp\/v2\/posts\/55906\/revisions\/55953"}],"wp:featuredmedia":[{"embeddable":true,"href":"https:\/\/www.raccontinellarete.it\/index.php?rest_route=\/wp\/v2\/media\/55952"}],"wp:attachment":[{"href":"https:\/\/www.raccontinellarete.it\/index.php?rest_route=%2Fwp%2Fv2%2Fmedia&parent=55906"}],"wp:term":[{"taxonomy":"category","embeddable":true,"href":"https:\/\/www.raccontinellarete.it\/index.php?rest_route=%2Fwp%2Fv2%2Fcategories&post=55906"},{"taxonomy":"post_tag","embeddable":true,"href":"https:\/\/www.raccontinellarete.it\/index.php?rest_route=%2Fwp%2Fv2%2Ftags&post=55906"}],"curies":[{"name":"wp","href":"https:\/\/api.w.org\/{rel}","templated":true}]}}