{"id":55849,"date":"2025-01-23T11:47:00","date_gmt":"2025-01-23T10:47:00","guid":{"rendered":"https:\/\/www.raccontinellarete.it\/?p=55849"},"modified":"2025-01-23T11:47:02","modified_gmt":"2025-01-23T10:47:02","slug":"premio-racconti-nella-rete-2025-mg-di-alessandro-ambrosini","status":"publish","type":"post","link":"https:\/\/www.raccontinellarete.it\/?p=55849","title":{"rendered":"Premio Racconti nella Rete 2025 &#8220;MG&#8221; di Alessandro Ambrosini"},"content":{"rendered":"\n<p>Gianni? Mi senti?<\/p>\n\n\n\n<p>S\u00ec Maria, che c\u2019\u00e8?<\/p>\n\n\n\n<p>Niente, avevo voglia di parlare con te. Ho troppi pensieri.<\/p>\n\n\n\n<p>Che pensieri?<\/p>\n\n\n\n<p>Penso a noi due, alla nostra vita insieme. Quanti ricordi.<\/p>\n\n\n\n<p>Belli o brutti?<\/p>\n\n\n\n<p>Belli, a quelli brutti non penso pi\u00f9.<\/p>\n\n\n\n<p>Non \u00e8 stato sempre cos\u00ec.<\/p>\n\n\n\n<p>Hai ragione, ma adesso per me contano solo quelli belli. Ho una gran nostalgia di tutte le cose che abbiamo fatto insieme e anche di quelle che avremmo potuto fare.<\/p>\n\n\n\n<p>Certo, se ne avessimo avuto il tempo.<\/p>\n\n\n\n<p>Abbiamo ancora tempo per farle e per sognarne altre ancora.<\/p>\n\n\n\n<p>Maria?<\/p>\n\n\n\n<p>S\u00ec?<\/p>\n\n\n\n<p>Ma tu ti ricordi, s\u00ec insomma, lo sai, che ci siamo separati?<\/p>\n\n\n\n<p>Dai Gianni, cosa c\u2019entra adesso questo, ci vogliamo ancora bene, no? Io te ne voglio tanto.<\/p>\n\n\n\n<p>Da pi\u00f9 di vent\u2019anni.<\/p>\n\n\n\n<p>Cos\u00ec tanti? Mi sembra ieri.<\/p>\n\n\n\n<p>Per me non \u00e8 un bel ricordo.<\/p>\n\n\n\n<p>Neanche per me, ma non mi va di parlarne, sono troppo stanca.<\/p>\n\n\n\n<p>Anche quando mi hai lasciato hai detto che eri stanca, anzi hai detto che ti eri rotta, testuali parole.<\/p>\n\n\n\n<p>Ma dicevo cos\u00ec per dire, ho solo esagerato un po\u2019 perch\u00e9 tu non volevi capire. Comunque, poi mi sono pentita e ti ho cercato, sei tu che non ne hai voluto pi\u00f9 sapere.<\/p>\n\n\n\n<p>Dopo otto anni!<\/p>\n\n\n\n<p>Ti prego non discutiamo, non ne ho le forze, ti ho detto che voglio parlare di cose belle stasera. Ho anche una strana angoscia, come un peso, proprio qui, sul petto.<\/p>\n\n\n\n<p>Vorrei accontentarti, ma per me non \u00e8 facile.<\/p>\n\n\n\n<p>Ma perch\u00e9 fai tante storie?<\/p>\n\n\n\n<p>Perch\u00e9 ci sono delle difficolt\u00e0.<\/p>\n\n\n\n<p>Uffa, ancora con la separazione, ti ho detto che sono pentita e ti chiedo scusa ancora una volta.<\/p>\n\n\n\n<p>S\u00ec, lo capisco, per\u00f2 c\u2019\u00e8 anche il fatto che io, insomma, dai, che non ci sono pi\u00f9.<\/p>\n\n\n\n<p>Adesso sei qui con me.<\/p>\n\n\n\n<p>Maria, sono morto.<\/p>\n\n\n\n<p>Ti prego, no.<\/p>\n\n\n\n<p>MOR-TO, da quasi tre anni.<\/p>\n\n\n\n<p>Ecco, sei il solito, vuoi sempre rovinare tutto. Ma non puoi essere un po\u2019 carino con me? Io ti penso e parlo con te tutte le sere da quando sei mancato e anche da prima.<\/p>\n\n\n\n<p>Non tutte.<\/p>\n\n\n\n<p>Quasi tutte comunque, ti prego, stasera ho pi\u00f9 che mai bisogno di te, cerca di essere carino, vuoi?<\/p>\n\n\n\n<p>Va bene Maria, scusami, anch\u2019io ti ho pensato tanto in questo tempo che siamo stati lontani. Gli anni passati con te sono stati i pi\u00f9 belli della mia vita. Torneresti da me se te lo chiedessi? Maria, vuoi tornare con me? Maria? Maria? Ci sei?<\/p>\n\n\n\n<p>Sono qui, amore!<\/p>\n<div class=\"pvc_clear\"><\/div><p id=\"pvc_stats_55849\" class=\"pvc_stats all  \" data-element-id=\"55849\" style=\"\"><i class=\"pvc-stats-icon medium\" aria-hidden=\"true\"><svg aria-hidden=\"true\" focusable=\"false\" data-prefix=\"far\" data-icon=\"chart-bar\" role=\"img\" xmlns=\"http:\/\/www.w3.org\/2000\/svg\" viewBox=\"0 0 512 512\" class=\"svg-inline--fa fa-chart-bar fa-w-16 fa-2x\"><path fill=\"currentColor\" d=\"M396.8 352h22.4c6.4 0 12.8-6.4 12.8-12.8V108.8c0-6.4-6.4-12.8-12.8-12.8h-22.4c-6.4 0-12.8 6.4-12.8 12.8v230.4c0 6.4 6.4 12.8 12.8 12.8zm-192 0h22.4c6.4 0 12.8-6.4 12.8-12.8V140.8c0-6.4-6.4-12.8-12.8-12.8h-22.4c-6.4 0-12.8 6.4-12.8 12.8v198.4c0 6.4 6.4 12.8 12.8 12.8zm96 0h22.4c6.4 0 12.8-6.4 12.8-12.8V204.8c0-6.4-6.4-12.8-12.8-12.8h-22.4c-6.4 0-12.8 6.4-12.8 12.8v134.4c0 6.4 6.4 12.8 12.8 12.8zM496 400H48V80c0-8.84-7.16-16-16-16H16C7.16 64 0 71.16 0 80v336c0 17.67 14.33 32 32 32h464c8.84 0 16-7.16 16-16v-16c0-8.84-7.16-16-16-16zm-387.2-48h22.4c6.4 0 12.8-6.4 12.8-12.8v-70.4c0-6.4-6.4-12.8-12.8-12.8h-22.4c-6.4 0-12.8 6.4-12.8 12.8v70.4c0 6.4 6.4 12.8 12.8 12.8z\" class=\"\"><\/path><\/svg><\/i> <img loading=\"lazy\" decoding=\"async\" width=\"16\" height=\"16\" alt=\"Loading\" src=\"https:\/\/www.raccontinellarete.it\/301\/wp-content\/plugins\/page-views-count\/ajax-loader-2x.gif\" border=0 \/><\/p><div class=\"pvc_clear\"><\/div>","protected":false},"excerpt":{"rendered":"<p>Gianni? Mi senti? S\u00ec Maria, che c\u2019\u00e8? Niente, avevo voglia di parlare con te. Ho troppi pensieri. Che pensieri? Penso a noi due, alla nostra vita insieme. Quanti ricordi. Belli o brutti? Belli, a quelli brutti non penso pi\u00f9. Non \u00e8 stato sempre cos\u00ec. Hai ragione, ma adesso per me contano solo quelli belli. Ho [&hellip;]<\/p>\n<div class=\"pvc_clear\"><\/div>\n<p id=\"pvc_stats_55849\" class=\"pvc_stats all  \" data-element-id=\"55849\" style=\"\"><i class=\"pvc-stats-icon medium\" aria-hidden=\"true\"><svg aria-hidden=\"true\" focusable=\"false\" data-prefix=\"far\" data-icon=\"chart-bar\" role=\"img\" xmlns=\"http:\/\/www.w3.org\/2000\/svg\" viewBox=\"0 0 512 512\" class=\"svg-inline--fa fa-chart-bar fa-w-16 fa-2x\"><path fill=\"currentColor\" d=\"M396.8 352h22.4c6.4 0 12.8-6.4 12.8-12.8V108.8c0-6.4-6.4-12.8-12.8-12.8h-22.4c-6.4 0-12.8 6.4-12.8 12.8v230.4c0 6.4 6.4 12.8 12.8 12.8zm-192 0h22.4c6.4 0 12.8-6.4 12.8-12.8V140.8c0-6.4-6.4-12.8-12.8-12.8h-22.4c-6.4 0-12.8 6.4-12.8 12.8v198.4c0 6.4 6.4 12.8 12.8 12.8zm96 0h22.4c6.4 0 12.8-6.4 12.8-12.8V204.8c0-6.4-6.4-12.8-12.8-12.8h-22.4c-6.4 0-12.8 6.4-12.8 12.8v134.4c0 6.4 6.4 12.8 12.8 12.8zM496 400H48V80c0-8.84-7.16-16-16-16H16C7.16 64 0 71.16 0 80v336c0 17.67 14.33 32 32 32h464c8.84 0 16-7.16 16-16v-16c0-8.84-7.16-16-16-16zm-387.2-48h22.4c6.4 0 12.8-6.4 12.8-12.8v-70.4c0-6.4-6.4-12.8-12.8-12.8h-22.4c-6.4 0-12.8 6.4-12.8 12.8v70.4c0 6.4 6.4 12.8 12.8 12.8z\" class=\"\"><\/path><\/svg><\/i> <img loading=\"lazy\" decoding=\"async\" width=\"16\" height=\"16\" alt=\"Loading\" src=\"https:\/\/www.raccontinellarete.it\/301\/wp-content\/plugins\/page-views-count\/ajax-loader-2x.gif\" border=0 \/><\/p>\n<div class=\"pvc_clear\"><\/div>\n","protected":false},"author":35165,"featured_media":0,"comment_status":"open","ping_status":"closed","sticky":false,"template":"","format":"standard","meta":{"footnotes":""},"categories":[703],"tags":[],"class_list":["post-55849","post","type-post","status-publish","format-standard","hentry","category-premio-racconti-nella-rete-2025"],"_links":{"self":[{"href":"https:\/\/www.raccontinellarete.it\/index.php?rest_route=\/wp\/v2\/posts\/55849"}],"collection":[{"href":"https:\/\/www.raccontinellarete.it\/index.php?rest_route=\/wp\/v2\/posts"}],"about":[{"href":"https:\/\/www.raccontinellarete.it\/index.php?rest_route=\/wp\/v2\/types\/post"}],"author":[{"embeddable":true,"href":"https:\/\/www.raccontinellarete.it\/index.php?rest_route=\/wp\/v2\/users\/35165"}],"replies":[{"embeddable":true,"href":"https:\/\/www.raccontinellarete.it\/index.php?rest_route=%2Fwp%2Fv2%2Fcomments&post=55849"}],"version-history":[{"count":2,"href":"https:\/\/www.raccontinellarete.it\/index.php?rest_route=\/wp\/v2\/posts\/55849\/revisions"}],"predecessor-version":[{"id":55858,"href":"https:\/\/www.raccontinellarete.it\/index.php?rest_route=\/wp\/v2\/posts\/55849\/revisions\/55858"}],"wp:attachment":[{"href":"https:\/\/www.raccontinellarete.it\/index.php?rest_route=%2Fwp%2Fv2%2Fmedia&parent=55849"}],"wp:term":[{"taxonomy":"category","embeddable":true,"href":"https:\/\/www.raccontinellarete.it\/index.php?rest_route=%2Fwp%2Fv2%2Fcategories&post=55849"},{"taxonomy":"post_tag","embeddable":true,"href":"https:\/\/www.raccontinellarete.it\/index.php?rest_route=%2Fwp%2Fv2%2Ftags&post=55849"}],"curies":[{"name":"wp","href":"https:\/\/api.w.org\/{rel}","templated":true}]}}