{"id":55680,"date":"2025-01-03T13:36:19","date_gmt":"2025-01-03T12:36:19","guid":{"rendered":"https:\/\/www.raccontinellarete.it\/?p=55680"},"modified":"2025-01-03T13:36:20","modified_gmt":"2025-01-03T12:36:20","slug":"premio-racconti-nella-rete-2025-goll-chopin-di-ugo-mauthe","status":"publish","type":"post","link":"https:\/\/www.raccontinellarete.it\/?p=55680","title":{"rendered":"Premio Racconti nella Rete 2025 &#8220;Goll &amp; Chopin&#8221; di Ugo Mauthe"},"content":{"rendered":"\n<p>Goll \u00e8 sepolto di fronte a Chopin. Si parlano dal 1950, prima non potevano perch\u00e9 Goll ancora viveva anche se moriva ogni giorno pi\u00f9 di quanto normalmente si muoia. Chopin gli parla di pi\u00f9 di quanto Goll parli a lui perch\u00e9 si sente in colpa. Succede che la gente sale sulla tomba di Goll per fotografare quella di Chopin. Goll lascia fare, tanto non pu\u00f2 morire di pi\u00f9 n\u00e9 morire di nuovo, aspetta con pazienza che se ne vadano, cos\u00ec potr\u00e0 ascoltare Chopin, la sua voce bianca e nera.<\/p>\n\n\n\n<p><strong><em>NdA<\/em><\/strong><\/p>\n\n\n\n<p><em>Yvan Goll \u00e8 un affascinante poeta vicino ai grandi movimenti dell\u2019avanguardia europea. Scomparso nel 1950, \u00e8 sepolto a P\u00e9re Lachaise. Nel 1955 la sua tomba \u00e8 stata spostata di fronte a quella di Chopin. Per  linearit\u00e0 narrativa mi sono preso la licenza di fissare la vicinanza fra i due artisti gi\u00e0 nel 1950.<\/em><\/p>\n<div class=\"pvc_clear\"><\/div><p id=\"pvc_stats_55680\" class=\"pvc_stats all  \" data-element-id=\"55680\" style=\"\"><i class=\"pvc-stats-icon medium\" aria-hidden=\"true\"><svg aria-hidden=\"true\" focusable=\"false\" data-prefix=\"far\" data-icon=\"chart-bar\" role=\"img\" xmlns=\"http:\/\/www.w3.org\/2000\/svg\" viewBox=\"0 0 512 512\" class=\"svg-inline--fa fa-chart-bar fa-w-16 fa-2x\"><path fill=\"currentColor\" d=\"M396.8 352h22.4c6.4 0 12.8-6.4 12.8-12.8V108.8c0-6.4-6.4-12.8-12.8-12.8h-22.4c-6.4 0-12.8 6.4-12.8 12.8v230.4c0 6.4 6.4 12.8 12.8 12.8zm-192 0h22.4c6.4 0 12.8-6.4 12.8-12.8V140.8c0-6.4-6.4-12.8-12.8-12.8h-22.4c-6.4 0-12.8 6.4-12.8 12.8v198.4c0 6.4 6.4 12.8 12.8 12.8zm96 0h22.4c6.4 0 12.8-6.4 12.8-12.8V204.8c0-6.4-6.4-12.8-12.8-12.8h-22.4c-6.4 0-12.8 6.4-12.8 12.8v134.4c0 6.4 6.4 12.8 12.8 12.8zM496 400H48V80c0-8.84-7.16-16-16-16H16C7.16 64 0 71.16 0 80v336c0 17.67 14.33 32 32 32h464c8.84 0 16-7.16 16-16v-16c0-8.84-7.16-16-16-16zm-387.2-48h22.4c6.4 0 12.8-6.4 12.8-12.8v-70.4c0-6.4-6.4-12.8-12.8-12.8h-22.4c-6.4 0-12.8 6.4-12.8 12.8v70.4c0 6.4 6.4 12.8 12.8 12.8z\" class=\"\"><\/path><\/svg><\/i> <img loading=\"lazy\" decoding=\"async\" width=\"16\" height=\"16\" alt=\"Loading\" src=\"https:\/\/www.raccontinellarete.it\/301\/wp-content\/plugins\/page-views-count\/ajax-loader-2x.gif\" border=0 \/><\/p><div class=\"pvc_clear\"><\/div>","protected":false},"excerpt":{"rendered":"<p>Goll \u00e8 sepolto di fronte a Chopin. Si parlano dal 1950, prima non potevano perch\u00e9 Goll ancora viveva anche se moriva ogni giorno pi\u00f9 di quanto normalmente si muoia. Chopin gli parla di pi\u00f9 di quanto Goll parli a lui perch\u00e9 si sente in colpa. Succede che la gente sale sulla tomba di Goll per [&hellip;]<\/p>\n<div class=\"pvc_clear\"><\/div>\n<p id=\"pvc_stats_55680\" class=\"pvc_stats all  \" data-element-id=\"55680\" style=\"\"><i class=\"pvc-stats-icon medium\" aria-hidden=\"true\"><svg aria-hidden=\"true\" focusable=\"false\" data-prefix=\"far\" data-icon=\"chart-bar\" role=\"img\" xmlns=\"http:\/\/www.w3.org\/2000\/svg\" viewBox=\"0 0 512 512\" class=\"svg-inline--fa fa-chart-bar fa-w-16 fa-2x\"><path fill=\"currentColor\" d=\"M396.8 352h22.4c6.4 0 12.8-6.4 12.8-12.8V108.8c0-6.4-6.4-12.8-12.8-12.8h-22.4c-6.4 0-12.8 6.4-12.8 12.8v230.4c0 6.4 6.4 12.8 12.8 12.8zm-192 0h22.4c6.4 0 12.8-6.4 12.8-12.8V140.8c0-6.4-6.4-12.8-12.8-12.8h-22.4c-6.4 0-12.8 6.4-12.8 12.8v198.4c0 6.4 6.4 12.8 12.8 12.8zm96 0h22.4c6.4 0 12.8-6.4 12.8-12.8V204.8c0-6.4-6.4-12.8-12.8-12.8h-22.4c-6.4 0-12.8 6.4-12.8 12.8v134.4c0 6.4 6.4 12.8 12.8 12.8zM496 400H48V80c0-8.84-7.16-16-16-16H16C7.16 64 0 71.16 0 80v336c0 17.67 14.33 32 32 32h464c8.84 0 16-7.16 16-16v-16c0-8.84-7.16-16-16-16zm-387.2-48h22.4c6.4 0 12.8-6.4 12.8-12.8v-70.4c0-6.4-6.4-12.8-12.8-12.8h-22.4c-6.4 0-12.8 6.4-12.8 12.8v70.4c0 6.4 6.4 12.8 12.8 12.8z\" class=\"\"><\/path><\/svg><\/i> <img loading=\"lazy\" decoding=\"async\" width=\"16\" height=\"16\" alt=\"Loading\" src=\"https:\/\/www.raccontinellarete.it\/301\/wp-content\/plugins\/page-views-count\/ajax-loader-2x.gif\" border=0 \/><\/p>\n<div class=\"pvc_clear\"><\/div>\n","protected":false},"author":3330,"featured_media":0,"comment_status":"open","ping_status":"closed","sticky":false,"template":"","format":"standard","meta":{"footnotes":""},"categories":[703],"tags":[],"class_list":["post-55680","post","type-post","status-publish","format-standard","hentry","category-premio-racconti-nella-rete-2025"],"_links":{"self":[{"href":"https:\/\/www.raccontinellarete.it\/index.php?rest_route=\/wp\/v2\/posts\/55680"}],"collection":[{"href":"https:\/\/www.raccontinellarete.it\/index.php?rest_route=\/wp\/v2\/posts"}],"about":[{"href":"https:\/\/www.raccontinellarete.it\/index.php?rest_route=\/wp\/v2\/types\/post"}],"author":[{"embeddable":true,"href":"https:\/\/www.raccontinellarete.it\/index.php?rest_route=\/wp\/v2\/users\/3330"}],"replies":[{"embeddable":true,"href":"https:\/\/www.raccontinellarete.it\/index.php?rest_route=%2Fwp%2Fv2%2Fcomments&post=55680"}],"version-history":[{"count":7,"href":"https:\/\/www.raccontinellarete.it\/index.php?rest_route=\/wp\/v2\/posts\/55680\/revisions"}],"predecessor-version":[{"id":55707,"href":"https:\/\/www.raccontinellarete.it\/index.php?rest_route=\/wp\/v2\/posts\/55680\/revisions\/55707"}],"wp:attachment":[{"href":"https:\/\/www.raccontinellarete.it\/index.php?rest_route=%2Fwp%2Fv2%2Fmedia&parent=55680"}],"wp:term":[{"taxonomy":"category","embeddable":true,"href":"https:\/\/www.raccontinellarete.it\/index.php?rest_route=%2Fwp%2Fv2%2Fcategories&post=55680"},{"taxonomy":"post_tag","embeddable":true,"href":"https:\/\/www.raccontinellarete.it\/index.php?rest_route=%2Fwp%2Fv2%2Ftags&post=55680"}],"curies":[{"name":"wp","href":"https:\/\/api.w.org\/{rel}","templated":true}]}}